{"id":1840,"date":"2021-04-02T00:00:00","date_gmt":"2021-04-02T00:00:00","guid":{"rendered":"https:\/\/www.imovirtual.com\/noticias2\/2021\/04\/02\/pascoa-dicas-para-decorar-a-casa-em-familia\/"},"modified":"2024-08-28T10:19:25","modified_gmt":"2024-08-28T10:19:25","slug":"pascoa-dicas-para-decorar-a-casa-em-familia","status":"publish","type":"post","link":"https:\/\/www.imovirtual.com\/noticias\/lifestyle\/pascoa-dicas-para-decorar-a-casa-em-familia\/","title":{"rendered":"P\u00e1scoa: dicas para decorar a casa em fam\u00edlia"},"content":{"rendered":"<p class=\"css-8qfla4\">\n<p class=\"css-m5h6m0 edperro0\">\n<h1><strong>P\u00e1scoa: dicas para decorar a casa em fam\u00edlia<\/strong><\/h1>\n<p>A P\u00e1scoa est\u00e1 mesmo a\u00ed \u00e0 porta e este ser\u00e1 mais um ano em que iremos passar o dia em casa, com a fam\u00edlia mais chegada.  Todavia, isso n\u00e3o \u00e9 desculpa para n\u00e3o preparar a casa para esta data festiva. Ali\u00e1s, \u00e9 at\u00e9 uma \u00f3tima oportunidade para reunir pequenos e gra\u00fados e convenc\u00ea-los realizar esta atividade em conjunto. Por isso, ponha m\u00e3os \u00e0 obra e entre no esp\u00edrito da P\u00e1scoa com as nossas sugest\u00f5es de decora\u00e7\u00e3o.<\/p>\n<\/p>\n<h2><strong>Fa\u00e7a a sua pr\u00f3pria coroa de P\u00e1scoa<\/strong><\/h2>\n<p class=\" block-img\"><img decoding=\"async\" src=\"https:\/\/www.imovirtual.com\/noticias\/wp-content\/uploads\/2022\/11\/2a3932a6-1ab0-45a1-af2a-b3ad72c6c422_8fa2d125-8200-48aa-a2d5-62e5a319750c_iStock-1308478591.jpg\" alt=\"DIY de Coroa de P\u00e1scoa\"><\/p>\n<p>Nem sempre \u00e9 f\u00e1cil encontrar grinaldas alusivas \u00e0 P\u00e1scoa. Mas \u00e9 f\u00e1cil encontrar uma coroa simples, pronta ser enfeitada. Pode utilizar todos os materiais que quiser, desde feltro para criar coelhos, a casas de ovos, a flores de pl\u00e1stico para fazerem alus\u00e3o \u00e0 Primavera. N\u00e3o h\u00e1 limites para a criatividade; o que importa \u00e9 criar algo \u00fanico.  E o melhor de tudo \u00e9 que pode executar este projeto em fam\u00edlia.<\/p>\n<\/p>\n<h2><strong>Decore com os s\u00edmbolos tradicionais da P\u00e1scoa<\/strong><\/h2>\n<p class=\" block-img\"><img decoding=\"async\" src=\"https:\/\/www.imovirtual.com\/noticias\/wp-content\/uploads\/2022\/11\/02185b8a-aae4-4314-8238-bbacc5c90a86_1f506221-965a-4d19-baed-71db30f5575b_iStock-1308117366.jpg\" alt=\"\u00c1rvore de P\u00e1scoa enfeitada com ovos\"><\/p>\n<p>Os coelhos, os ovos, as galinhas, as flores, as am\u00eandoas s\u00e3o alguns dos s\u00edmbolos da p\u00e1scoa que facilmente podem ser adicionados como detalhes na sua decora\u00e7\u00e3o da casa. Pode incorpor\u00e1-los de forma direta ou atrav\u00e9s de um bom projeto para organizar com os mi\u00fados. Sugerimos uma &#8220;\u00e1rvore&#8221; de P\u00e1scoa para enfeitar o seu hall de entrada. Se n\u00e3o tiver nenhuma mini-\u00e1rvore dentro de casa, escolha uma qualquer planta com ramos, desde que seja resistente, e decore-a com ovos da P\u00e1scoa enfeitados.<\/p>\n<\/p>\n<h2><strong>Crie uma ca\u00e7a aos ovos em casa<\/strong><\/h2>\n<p class=\" block-img\"><img decoding=\"async\" src=\"https:\/\/www.imovirtual.com\/noticias\/wp-content\/uploads\/2022\/11\/2b70a8b3-aeb9-42e0-a4d9-e9af2cb71ca3_fb47fb54-cfa7-4adb-a8cd-fa70becdf4eb_iStock-1207290535.jpg\" alt=\"decora\u00e7\u00e3o de ovos para a p\u00e1scoa\"><\/p>\n<p>Para entreter os mais pequenos, nada melhor que faz\u00ea-los p\u00f4r m\u00e3os \u00e0 obra e para isso s\u00f3 precisa de uma d\u00fazia de ovos e alguns pinc\u00e9is e tintas. Desafie os seus filhos ou netos a dar largas \u00e0 imagina\u00e7\u00e3o e a decorarem os ovos da P\u00e1scoa da maneira que quiserem. De seguida, esconda-os um pouco por toda a casa para criar uma ca\u00e7a ao tesouro, onde toda a fam\u00edlia pode participar. Quem encontrar mais ovos, ganha um ovo de chocolate gigante. Que tal? Parece-nos um bom pr\u00e9mio!<\/p>\n<\/p>\n<h2><strong>Cozinhe aut\u00eanticas obras de arte em fam\u00edlia<\/strong><\/h2>\n<p class=\" block-img\"><img decoding=\"async\" src=\"https:\/\/www.imovirtual.com\/noticias\/wp-content\/uploads\/2022\/11\/c771649e-4788-43ed-bdec-c62bac668501_80174f89-a291-49e3-82d6-d4b775caddba_iStock-1206932263.jpg\" alt=\"mesa com comida t\u00edpica de p\u00e1scoa\"><\/p>\n<p>A P\u00e1scoa \u00e9 sin\u00f3nimo de uni\u00e3o familiar e boa comida. Por isso, nada melhor do que cozinhar um belo folar tradicional em fam\u00edlia e enfeitar a mesa de jantar com tal petisco. Os mais criativos podem inclusivamente apostar em cria\u00e7\u00f5es mais arrojadas, como umas bolachas em forma de coelhos ou um bolo decorado inteiramente com am\u00eandoas. <\/p>\n<\/p>\n<h2><strong>Espalhe plantas e flores por toda a casa<\/strong><\/h2>\n<p class=\" block-img\"><img decoding=\"async\" src=\"https:\/\/www.imovirtual.com\/noticias\/wp-content\/uploads\/2022\/11\/1caa4b96-f73d-48b6-a0ba-eff104e4c3da_41729ea9-e394-4426-807f-3a8c71a94aaf_iStock-505820482.jpg\" alt=\"arranjo de tulipas no centro de uma mesa de p\u00e1scoa\"><\/p>\n<p>Entramos oficialmente na esta\u00e7\u00e3o das plantas e flores e como n\u00e3o poderia deixar de ser, tamb\u00e9m elas representam um s\u00edmbolo desta quadra festiva. Leve um pouco da Primavera para dentro de casa e adicione pequenas plantas, como as <a href=\"https:\/\/www.leroymerlin.pt\/Produtos\/Jardim\/Sementes-e-plantas\/Plantas\/WPR_REF_19839946\" target=\"_blank\" rel=\"noopener\">kalanchoes<\/a>, aos cantinhos mais discretos, e arranjos mais vistosos aos locais de destaque, como o hall de entrada, o centro de mesa ou mesmo a bancada da cozinha. <\/p>\n<\/p>\n<h2><strong>Escolha uma paleta de cores pastel<\/strong><\/h2>\n<p class=\" block-img\"><img decoding=\"async\" src=\"https:\/\/www.imovirtual.com\/noticias\/wp-content\/uploads\/2022\/11\/9cd41649-c77c-42f3-b124-c3828fcd8a92_ef18bb7e-bcb7-41de-87b5-5190cdb73d4b_iStock-1291238492.jpg\" alt=\"decora\u00e7\u00e3o de p\u00e1scoa em tons pastel\"><\/p>\n<p>Por se tratar de uma quadra festiva que acontece em plena Primavera, a P\u00e1scoa est\u00e1 associada a cores bastante vivas e vibrantes, o que por vezes interfere no design de interiores. Por isso, para criar um equil\u00edbrio mais s\u00f3brio e mesclar mais facilmente a sua decora\u00e7\u00e3o quotidiana com a decora\u00e7\u00e3o festival, aposte em objetos com uma paleta de cores pastel: rosa claro, azul claro, verde claro, amarelo claro. <\/p>\n<\/p>\n<p class=\" block-img\"><img decoding=\"async\" src=\"https:\/\/www.imovirtual.com\/noticias\/wp-content\/uploads\/2022\/11\/af14b393-f5d1-4a75-8368-42f656903033_Copia-de-Banners-Autores-3.png\" alt=\"Maria Lu\u00edsa Autor Imovirtual\"><\/p>\n<h5><em>Maria Lu\u00edsa \u00e9 a decoradora. A paix\u00e3o pela decora\u00e7\u00e3o surgiu desde muito cedo, quando as paredes se tornaram folhas de desenho. Juntou o \u00fatil ao agrad\u00e1vel e fez da voca\u00e7\u00e3o o seu trabalho. Est\u00e1 a cargo dos temas sobre &#8216;Decora\u00e7\u00e3o&#8217; do Blog do Imovirtual.<\/em><\/h5>\n<\/p>\n<h2><strong>Leia tamb\u00e9m<\/strong><\/h2>\n<ul>\n<li>Descubra o seu estilo de <a href=\"https:\/\/www.imovirtual.com\/noticias\/decoracao\/descubra-o-seu-estilo-de-decoracao-de-interiores\" target=\"_blank\" rel=\"noopener\"><strong>decora\u00e7\u00e3o de interiores<\/strong><\/a><\/li>\n<li>10 dicas para ter uma <a href=\"https:\/\/www.imovirtual.com\/noticias\/decoracao\/10-dicas-para-ter-uma-decoracao-sustentavel\" target=\"_blank\" rel=\"noopener\"><strong>decora\u00e7\u00e3o sustent\u00e1vel<\/strong><\/a><\/li>\n<li><a href=\"https:\/\/www.imovirtual.com\/noticias\/lifestyle\/urban-jungle-jardim-vertical-em-apartamento\" target=\"_blank\" rel=\"noopener\"><strong>Urban Jungle<\/strong><\/a>: como construir um jardim vertical num apartamento<\/li>\n<\/ul>\n<\/p>\n<div class=\"css-h5fkc8\"><strong>Ultima actualiza\u00e7\u00e3o:<\/strong> 02 novembro 2021<\/div>\n","protected":false},"excerpt":{"rendered":"<p>P\u00e1scoa: dicas para decorar a casa em fam\u00edlia A P\u00e1scoa est\u00e1 mesmo a\u00ed \u00e0 porta e este ser\u00e1 mais um ano em que iremos passar o dia em casa, com a fam\u00edlia mais chegada. Todavia, isso n\u00e3o \u00e9 desculpa para n\u00e3o preparar a casa para esta data festiva. Ali\u00e1s, \u00e9 at\u00e9 uma \u00f3tima oportunidade para &hellip;<\/p>\n","protected":false},"author":3,"featured_media":1841,"comment_status":"closed","ping_status":"open","sticky":false,"template":"","format":"standard","meta":{"footnotes":""},"categories":[3],"tags":[],"class_list":["post-1840","post","type-post","status-publish","format-standard","has-post-thumbnail","hentry","category-lifestyle"],"_links":{"self":[{"href":"https:\/\/www.imovirtual.com\/noticias\/wp-json\/wp\/v2\/posts\/1840","targetHints":{"allow":["GET"]}}],"collection":[{"href":"https:\/\/www.imovirtual.com\/noticias\/wp-json\/wp\/v2\/posts"}],"about":[{"href":"https:\/\/www.imovirtual.com\/noticias\/wp-json\/wp\/v2\/types\/post"}],"author":[{"embeddable":true,"href":"https:\/\/www.imovirtual.com\/noticias\/wp-json\/wp\/v2\/users\/3"}],"replies":[{"embeddable":true,"href":"https:\/\/www.imovirtual.com\/noticias\/wp-json\/wp\/v2\/comments?post=1840"}],"version-history":[{"count":0,"href":"https:\/\/www.imovirtual.com\/noticias\/wp-json\/wp\/v2\/posts\/1840\/revisions"}],"wp:featuredmedia":[{"embeddable":true,"href":"https:\/\/www.imovirtual.com\/noticias\/wp-json\/wp\/v2\/media\/1841"}],"wp:attachment":[{"href":"https:\/\/www.imovirtual.com\/noticias\/wp-json\/wp\/v2\/media?parent=1840"}],"wp:term":[{"taxonomy":"category","embeddable":true,"href":"https:\/\/www.imovirtual.com\/noticias\/wp-json\/wp\/v2\/categories?post=1840"},{"taxonomy":"post_tag","embeddable":true,"href":"https:\/\/www.imovirtual.com\/noticias\/wp-json\/wp\/v2\/tags?post=1840"}],"curies":[{"name":"wp","href":"https:\/\/api.w.org\/{rel}","templated":true}]}}