{"id":1832,"date":"2021-05-10T00:00:00","date_gmt":"2021-05-10T00:00:00","guid":{"rendered":"https:\/\/www.imovirtual.com\/noticias2\/2021\/05\/10\/preco-medio-das-casas-aumenta-78-em-termos-homologos\/"},"modified":"2021-05-10T00:00:00","modified_gmt":"2021-05-10T00:00:00","slug":"preco-medio-das-casas-aumenta-78-em-termos-homologos","status":"publish","type":"post","link":"https:\/\/www.imovirtual.com\/noticias\/novidades\/preco-medio-das-casas-aumenta-78-em-termos-homologos\/","title":{"rendered":"Pre\u00e7o m\u00e9dio das casas aumenta 7,8% em termos hom\u00f3logos no 4.\u00ba trimestre"},"content":{"rendered":"<p class=\"css-8qfla4\">\n<p class=\"css-m5h6m0 edperro0\">\n<h1><strong>Pre\u00e7o m\u00e9dio das casas aumenta 7,8% em termos hom\u00f3logos no 4.\u00ba trimestre<\/strong><\/h1>\n<p>De acordo com o <a href=\"https:\/\/www.ine.pt\/xportal\/xmain?xpid=INE&amp;xpgid=ine_main\" target=\"_blank\" rel=\"noopener\">Instituto Nacional de Estat\u00edstica<\/a> (INE), o pre\u00e7o mediano de alojamentos familiares foi 1.188 euros por metro quadrado no quarto trimestre de 2020, o que corresponde a um aumento de 1,7% face ao trimestre anterior e de 7,8% face ao mesmo per\u00edodo de 2019. <\/p>\n<p>Em comunicado, o Instituto Nacional de Estat\u00edstica conta que em 12 NUTS III (Nomenclatura das Unidades Territoriais para Fins Estat\u00edsticos) houve uma acelera\u00e7\u00e3o dos pre\u00e7os da habita\u00e7\u00e3o superior \u00e0 verificada no pa\u00eds (mais 0,2 pontos percentuais), em espec\u00edfico no Algarve (mais 2,4 pontos percentuais) e na \u00c1rea Metropolitana do Porto (mais 1,0 pontos percentuais). Por outro lado, registou-se uma desacelera\u00e7\u00e3o dos pre\u00e7os em treze sub-regi\u00f5es, com destaque para a Regi\u00e3o Aut\u00f3noma da Madeira (menos 8,5 pontos percentuais) e a \u00c1rea Metropolitana de Lisboa (menos 1,0 pontos percentuais).<\/p>\n<p>Os dados do INE mostram uma ligeira acelera\u00e7\u00e3o dos pre\u00e7os de habita\u00e7\u00e3o com a taxa de varia\u00e7\u00e3o hom\u00f3loga entre o 3.\u00ba e 4.\u00ba trimestre de 2020, a subir de 7,6% para 7,8%. Esta tend\u00eancia vem contrariar a desacelera\u00e7\u00e3o verificada nos dois trimestres anteriores. <\/p>\n<p>A an\u00e1lise revelou ainda que as tr\u00eas sub-regi\u00f5es com os pre\u00e7os mais elevados &#8211; Algarve (1.809 euros\/metros quadrados), <a href=\"https:\/\/www.imovirtual.com\/en\/noticias\/imobiliario\/preco-das-casas-em-lisboa\" target=\"_blank\" rel=\"noopener\">\u00c1rea Metropolitana de Lisboa<\/a> (1.638 euros\/m2) e \u00c1rea Metropolitana do Porto (1.288 euros\/m2) &#8211; registaram, simultaneamente, taxas de varia\u00e7\u00e3o hom\u00f3loga (10,1%, 9,6% e 14,7%, respetivamente) mais expressivas que a do pa\u00eds (7,8%). A Regi\u00e3o Aut\u00f3noma da Madeira (1.264 euros\/m2) tamb\u00e9m registou um pre\u00e7o mediano superior ao do pa\u00eds, mas registou um crescimento hom\u00f3logo, de 3,7%, inferior ao do pa\u00eds.<\/p>\n<p>Por entre as 25 NUTS III, a \u00c1rea Metropolitana do Porto (+14,7%) \u00e9 a que apresenta um maior crescimento hom\u00f3logo, e o Alto Alentejo (433 euros\/m2), a que regista o menor pre\u00e7o mediano de venda de alojamentos familiares.<\/p>\n<p>Considerando os 24 munic\u00edpios com mais de 100 mil habitantes, foi <a href=\"https:\/\/www.imovirtual.com\/en\/noticias\/imoblog\/o-panorama-atual-do-mercado-imobiliario-do-porto-pela-perspectiva-dos-especialistas\" target=\"_blank\" rel=\"noopener\">o Porto<\/a> que registou a maior taxa de varia\u00e7\u00e3o hom\u00f3loga (21,2%) no quarto trimestre de 2020, enquanto em 16 munic\u00edpios ocorreu uma desacelera\u00e7\u00e3o dos pre\u00e7os da habita\u00e7\u00e3o. Destes 16 munic\u00edpios, seis pertenciam \u00e0 \u00c1rea Metropolitana de Lisboa, sendo Almada aquele que apresenta o maior recuo (10,8 pontos percentuais); e cinco \u00e0 \u00c1rea Metropolitana do Porto, com a Maia a registar a maior regress\u00e3o (6,4 pontos percentuais).<\/p>\n<p><a href=\"https:\/\/www.imovirtual.com\/en\/noticias\/imoblog\/panorama-atual-do-mercado-imobiliario-de-leiria\" target=\"_blank\" rel=\"noopener\">Leiria<\/a> apresentou a desacelera\u00e7\u00e3o mais expressiva dos pre\u00e7os, com um recuo de 12,4 pontos percentuais, e \u00e9 tamb\u00e9m o \u00fanico munic\u00edpio que registou uma redu\u00e7\u00e3o hom\u00f3loga dos pre\u00e7os no 4.\u00ba trimestre de 2020.<\/p>\n<p>Relativamente a subidas, o INE aponta que em oito munic\u00edpios a acelera\u00e7\u00e3o dos pre\u00e7os entre o 3.\u00ba e 4.\u00ba trimestres de 2020 foi superior ao padr\u00e3o nacional (mais 0,2 pontos percentuais), tendo sido mais acentuada na Amadora (mais 6,5 pontos), em Matosinhos (mais 4,5 pontos), Cascais e Braga (ambos com mais 4,0 pontos). Em termos hom\u00f3logos no quarto trimestre de 2020, o munic\u00edpio do Porto registou a maior taxa de crescimento (mais 21,2%) enquanto no munic\u00edpio de Lisboa a taxa foi nula.<\/p>\n<\/p>\n<p class=\" block-img\"><img decoding=\"async\" src=\"https:\/\/www.imovirtual.com\/noticias\/wp-content\/uploads\/2022\/11\/35ce8fdc-7f6c-4930-b514-06c8b6107a8e_Joao-Miguel-Banner-2.png\" alt=\"Jo\u00e3o Miguel Autor Imovirtual Blog\"><\/p>\n<h5><em>Jo\u00e3o Miguel \u00e9 o homem dos n\u00fameros. O jeito para os n\u00fameros sempre foi inato, assim como o talento para a escrita. J\u00e1 tentou fazer um sem o outro, mas n\u00e3o foi bem sucedido na tarefa. Por isso, hoje escreve para a sec\u00e7\u00e3o &#8216;Finan\u00e7as&#8217; do Blog do Imovirtual.<\/em><\/h5>\n<\/p>\n<h4><strong>Veja tamb\u00e9m<\/strong><\/h4>\n<ul>\n<li>Mercado Imobili\u00e1rio em N\u00fameros: <a href=\"https:\/\/www.imovirtual.com\/en\/noticias\/noticias\/mercado-imobiliario-em-numeros-barometro-mensal-de-abril\" target=\"_blank\" rel=\"noopener\"><strong>Bar\u00f3metro Mensal de Abril<\/strong><\/a><\/li>\n<li>Lisboa e Porto entre as cidades mais procuradas para investimento em <a href=\"https:\/\/www.imovirtual.com\/en\/noticias\/noticias\/lisboa-e-porto-entre-as-cidades-mais-procuradas-para\" target=\"_blank\" rel=\"noopener\"><strong>Imobili\u00e1rio de Luxo<\/strong><\/a><\/li>\n<li>Lisboa \u00e9 uma das cidades europeias mais atrativas para <a href=\"https:\/\/www.imovirtual.com\/en\/noticias\/noticias\/lisboa-cidades-europeias-mais-atrativas-para-investimento\" target=\"_blank\" rel=\"noopener\"><strong>investimento imobili\u00e1rio<\/strong><\/a> em 2021<\/li>\n<\/ul>\n<\/p>\n<div class=\"css-h5fkc8\"><strong>Ultima actualiza\u00e7\u00e3o:<\/strong> 02 novembro 2021<\/div>\n","protected":false},"excerpt":{"rendered":"<p>Pre\u00e7o m\u00e9dio das casas aumenta 7,8% em termos hom\u00f3logos no 4.\u00ba trimestre De acordo com o Instituto Nacional de Estat\u00edstica (INE), o pre\u00e7o mediano de alojamentos familiares foi 1.188 euros por metro quadrado no quarto trimestre de 2020, o que corresponde a um aumento de 1,7% face ao trimestre anterior e de 7,8% face ao &hellip;<\/p>\n","protected":false},"author":3,"featured_media":1833,"comment_status":"closed","ping_status":"open","sticky":false,"template":"","format":"standard","meta":{"footnotes":""},"categories":[4],"tags":[],"class_list":["post-1832","post","type-post","status-publish","format-standard","has-post-thumbnail","hentry","category-novidades"],"_links":{"self":[{"href":"https:\/\/www.imovirtual.com\/noticias\/wp-json\/wp\/v2\/posts\/1832","targetHints":{"allow":["GET"]}}],"collection":[{"href":"https:\/\/www.imovirtual.com\/noticias\/wp-json\/wp\/v2\/posts"}],"about":[{"href":"https:\/\/www.imovirtual.com\/noticias\/wp-json\/wp\/v2\/types\/post"}],"author":[{"embeddable":true,"href":"https:\/\/www.imovirtual.com\/noticias\/wp-json\/wp\/v2\/users\/3"}],"replies":[{"embeddable":true,"href":"https:\/\/www.imovirtual.com\/noticias\/wp-json\/wp\/v2\/comments?post=1832"}],"version-history":[{"count":0,"href":"https:\/\/www.imovirtual.com\/noticias\/wp-json\/wp\/v2\/posts\/1832\/revisions"}],"wp:featuredmedia":[{"embeddable":true,"href":"https:\/\/www.imovirtual.com\/noticias\/wp-json\/wp\/v2\/media\/1833"}],"wp:attachment":[{"href":"https:\/\/www.imovirtual.com\/noticias\/wp-json\/wp\/v2\/media?parent=1832"}],"wp:term":[{"taxonomy":"category","embeddable":true,"href":"https:\/\/www.imovirtual.com\/noticias\/wp-json\/wp\/v2\/categories?post=1832"},{"taxonomy":"post_tag","embeddable":true,"href":"https:\/\/www.imovirtual.com\/noticias\/wp-json\/wp\/v2\/tags?post=1832"}],"curies":[{"name":"wp","href":"https:\/\/api.w.org\/{rel}","templated":true}]}}