{"id":1830,"date":"2021-08-30T00:00:00","date_gmt":"2021-08-30T00:00:00","guid":{"rendered":"https:\/\/www.imovirtual.com\/noticias2\/2021\/08\/30\/mercado-imobiliario-em-numeros-barometro-mensal-de-agosto-21\/"},"modified":"2021-08-30T00:00:00","modified_gmt":"2021-08-30T00:00:00","slug":"mercado-imobiliario-em-numeros-barometro-mensal-de-agosto-21","status":"publish","type":"post","link":"https:\/\/www.imovirtual.com\/noticias\/relatorio-de-precos\/mercado-imobiliario-em-numeros-barometro-mensal-de-agosto-21\/","title":{"rendered":"Mercado Imobili\u00e1rio em N\u00fameros: Bar\u00f3metro Mensal de Agosto"},"content":{"rendered":"<p class=\"css-8qfla4\">\n<p class=\"css-m5h6m0 edperro0\">\n<h1><strong>Bar\u00f3metro Mensal de Agosto<\/strong><\/h1>\n<\/p>\n<h2><strong>Varia\u00e7\u00e3o Mensal: Agosto 2021 vs Julho 2021<\/strong><\/h2>\n<h3><strong>Venda | Apartamentos e Moradias<\/strong><\/h3>\n<p>O pre\u00e7o m\u00e9dio dos im\u00f3veis anunciados no Imovirtual para venda em Portugal foi de 365.264\u20ac em Agosto de 2021. Assistimos a uma diminui\u00e7\u00e3o dos pre\u00e7os marcado por -1,8% face ao m\u00eas anterior que registou um pre\u00e7o m\u00e9dio de 371.880\u20ac.<\/p>\n<p>No m\u00eas de Agosto, o distrito que se destaca com o maior aumento de varia\u00e7\u00e3o percentual de pre\u00e7o face ao m\u00eas de Julho foi <strong>Vila Real <\/strong>com um crescimento de 3,1%.<\/p>\n<p>Em segundo lugar temos <strong>Portalegre <\/strong>com uma maior varia\u00e7\u00e3o percentual de pre\u00e7o face ao m\u00eas anterior de 2,1%, com 126.282\u20ac em Julho e 128.870\u20ac em Agosto. <strong>Faro <\/strong>apresenta um crescimento de 1,8% em compara\u00e7\u00e3o a Julho de 2021.<\/p>\n<p>Este m\u00eas assistimos apenas a um distrito com queda acentuada na varia\u00e7\u00e3o percentual do pre\u00e7o face ao m\u00eas anterior. Apenas de destacar <strong>\u00c9vora <\/strong>com -12,7%, passando de 286.142\u20ac para 249.791\u20ac.&nbsp;<\/p>\n<p class=\" block-img\"><img decoding=\"async\" src=\"https:\/\/www.imovirtual.com\/noticias\/wp-content\/uploads\/2022\/11\/40205ee5-3fd6-444b-89e9-38c4f7cf48c9_tab1.png\" alt=\"imovirtual\"><\/p>\n<p class=\" block-img\"><img decoding=\"async\" src=\"https:\/\/www.imovirtual.com\/noticias\/wp-content\/uploads\/2022\/11\/87a25c13-3bfa-4c05-b731-e82a8ddba484_tab2.png\" alt=\"imovirtual\"><\/p>\n<p class=\" block-img\"><img decoding=\"async\" src=\"https:\/\/www.imovirtual.com\/noticias\/wp-content\/uploads\/2022\/11\/809d3767-412f-48da-b7a7-fa914f5eab03_tab3.png\" alt=\"imovirtual\"><\/p>\n<h3><strong>Arrendamento | Apartamentos e Moradias<\/strong><\/h3>\n<p>Em Portugal, o pre\u00e7o m\u00e9dio dos im\u00f3veis anunciados no Imovirtual no segmento de arrendamento apresenta uma estabilidade marcada por 0,7% no pre\u00e7o m\u00e9dio de Agosto em compara\u00e7\u00e3o com Julho (1.012\u20ac para 1.019\u20ac).<\/p>\n<p><strong>Portalegre <\/strong>\u00e9 o distrito que teve o maior crescimento percentual de 22,1%, comparativamente a Julho, passando de 376\u20ac para 459\u20ac. <br \/>Os restantes distritos que apresentam um crescimento, ainda que ligeiros, s\u00e3o <strong>Beja<\/strong>, <strong>Regi\u00e3o Aut\u00f3noma da Madeira<\/strong> e <strong>Bragan\u00e7a <\/strong>com um crescimento percentual de 3,5%, 3,3% e 3,26%, respetivamente. No entanto, comparativamente a Agosto 2020, em <strong>Beja <\/strong>e <strong>Bragan\u00e7a <\/strong>assistimos a uma queda de -19,2 e -18,1.<\/p>\n<p>Contrariamente, <strong>Viana do Castelo<\/strong>, <strong>Castelo Branco<\/strong>, <strong>Viseu<\/strong> e <strong>Faro <\/strong>apresentam uma queda percentual do pre\u00e7o m\u00e9dio dos im\u00f3veis de -4,5%, -4%, 3,9% e -3,2% respetivamente.<\/p>\n<p class=\" block-img\"><img decoding=\"async\" src=\"https:\/\/www.imovirtual.com\/noticias\/wp-content\/uploads\/2022\/11\/dfe53698-7791-49c3-b163-de1d62f446ed_tab4.png\" alt=\"imovirtual\"><\/p>\n<p class=\" block-img\"><img decoding=\"async\" src=\"https:\/\/www.imovirtual.com\/noticias\/wp-content\/uploads\/2022\/11\/49242545-04d9-4379-a4d2-868543b74362_tab5.png\" alt=\"imovirtual\"><\/p>\n<p class=\" block-img\"><img decoding=\"async\" src=\"https:\/\/www.imovirtual.com\/noticias\/wp-content\/uploads\/2022\/11\/c56698b7-69cd-4d8f-8bbb-31a242210bce_tab6.png\" alt=\"imovirtual\"><\/p>\n<h2><strong>Varia\u00e7\u00e3o Anual: Agosto 2021 vs Agosto 2020<\/strong><\/h2>\n<p>Para uma melhor an\u00e1lise da evolu\u00e7\u00e3o dos pre\u00e7os m\u00e9dios \u00e9 importante comparar tamb\u00e9m dois per\u00edodos hom\u00f3logos em anos seguidos com uma realidade social bastante distinta para compreender o impacto sentido.<\/p>\n<h3><strong>Venda | Apartamentos e Moradias<\/strong><\/h3>\n<p>Comparando os pre\u00e7os m\u00e9dios dos an\u00fancios dos im\u00f3veis no Imovirtual do m\u00eas de Agosto de 2021 com igual per\u00edodo do ano anterior verifica-se um crescimento de 7,1%, passando de 341.145\u20ac para 365.264\u20ac.&nbsp;<\/p>\n<p>O distrito que registou a maior varia\u00e7\u00e3o percentual foi, novamente, <strong>\u00c9vora <\/strong>(23%), passando o pre\u00e7o m\u00e9dio de 203.132\u20ac no per\u00edodo hom\u00f3logo do ano anterior para 249.791\u20ac em de 2021.<\/p>\n<p><strong>Regi\u00e3o Aut\u00f3noma da Madeira <\/strong>e <strong>Portalegre <\/strong>registaram uma uma varia\u00e7\u00e3o percentual de 19,5% e 14,5% respetivamente.<\/p>\n<p><strong>Guarda<\/strong> \u00e9, novamente, o distrito com a maior quebra percentual no per\u00edodo considerado com -6,7% (de 121.337\u20ac em 2020 para 113.201\u20ac em 2021).<\/p>\n<p class=\" block-img\"><img decoding=\"async\" src=\"https:\/\/www.imovirtual.com\/noticias\/wp-content\/uploads\/2022\/11\/9969450b-c5f7-4e48-ade0-116e07b86fbe_graf1.png\" alt=\"imovirtual\"><\/p>\n<h3><strong>Arrendamento | Apartamentos e Moradias<\/strong><\/h3>\n<p>No segmento de arrendamento, os pre\u00e7os das rendas diminuem desde 2019, este m\u00eas \u00e9 marcado por -3,2%, comparando os pre\u00e7os m\u00e9dios anunciados do m\u00eas de Agosto de 2021 (1.019\u20ac) com igual per\u00edodo do ano anterior (1.053\u20ac).<\/p>\n<p><strong>Portalegre <\/strong>registou o maior aumento percentual de 43% no pre\u00e7o m\u00e9dio anunciado, passando a renda m\u00e9dia mensal de 321\u20ac para 459\u20ac em Agosto de 2021. <strong>Guarda<\/strong> apresenta tamb\u00e9m um aumento percentual de 29,3% e <strong>Vila Real<\/strong> de 22,6%.&nbsp;<\/p>\n<p>Os distritos que registaram a maior quebra percentual foram, novamente, <strong>Beja <\/strong>com -19,2% (de 585\u20ac para 473\u20ac) e <strong>Bragan\u00e7a<\/strong> com -18,1% (de 380\u20ac para 464\u20ac).<\/p>\n<p class=\" block-img\"><img decoding=\"async\" src=\"https:\/\/www.imovirtual.com\/noticias\/wp-content\/uploads\/2022\/11\/540f73f9-15a4-4b50-8b8d-60ad72002662_graf2.png\" alt=\"imovirtual\"><\/p>\n<h3><strong>Leia tamb\u00e9m:<\/strong><\/h3>\n<ul>\n<li><a href=\"https:\/\/www.imovirtual.com\/noticias\/imoblog\/igualdade-mulheres-homens-consultoria-imobiliaria\" target=\"_blank\" rel=\"noopener\"><strong>Consultoria Imobili\u00e1ria<\/strong><\/a>: ser\u00e1 esta uma profiss\u00e3o que iguala Homens e Mulheres?<\/li>\n<li>De TA a TZ: <a href=\"https:\/\/www.imovirtual.com\/noticias\/imoblog\/massimo-forte-aspetos-mercado-imobiliario-\" target=\"_blank\" rel=\"noopener\"><strong>Curtas com Massimo Forte<\/strong><\/a>: Aspetos do Mercado | Epis\u00f3dio 8<\/li>\n<li><a href=\"https:\/\/www.imovirtual.com\/noticias\/imoblog\/aproximo-o-evento-que-conecta-os-profissionais-do-setor-imobiliario-2021\" target=\"_blank\" rel=\"noopener\"><strong>APROXIMO 2021<\/strong><\/a>: O evento que conecta os Profissionais do Setor Imobili\u00e1rio<\/li>\n<\/ul>\n<\/p>\n<div class=\"css-h5fkc8\"><strong>Ultima actualiza\u00e7\u00e3o:<\/strong> 29 outubro 2021<\/div>\n","protected":false},"excerpt":{"rendered":"<p>Bar\u00f3metro Mensal de Agosto Varia\u00e7\u00e3o Mensal: Agosto 2021 vs Julho 2021 Venda | Apartamentos e Moradias O pre\u00e7o m\u00e9dio dos im\u00f3veis anunciados no Imovirtual para venda em Portugal foi de 365.264\u20ac em Agosto de 2021. Assistimos a uma diminui\u00e7\u00e3o dos pre\u00e7os marcado por -1,8% face ao m\u00eas anterior que registou um pre\u00e7o m\u00e9dio de 371.880\u20ac. &hellip;<\/p>\n","protected":false},"author":3,"featured_media":1831,"comment_status":"closed","ping_status":"open","sticky":false,"template":"","format":"standard","meta":{"footnotes":""},"categories":[2],"tags":[],"class_list":["post-1830","post","type-post","status-publish","format-standard","has-post-thumbnail","hentry","category-relatorio-de-precos"],"_links":{"self":[{"href":"https:\/\/www.imovirtual.com\/noticias\/wp-json\/wp\/v2\/posts\/1830","targetHints":{"allow":["GET"]}}],"collection":[{"href":"https:\/\/www.imovirtual.com\/noticias\/wp-json\/wp\/v2\/posts"}],"about":[{"href":"https:\/\/www.imovirtual.com\/noticias\/wp-json\/wp\/v2\/types\/post"}],"author":[{"embeddable":true,"href":"https:\/\/www.imovirtual.com\/noticias\/wp-json\/wp\/v2\/users\/3"}],"replies":[{"embeddable":true,"href":"https:\/\/www.imovirtual.com\/noticias\/wp-json\/wp\/v2\/comments?post=1830"}],"version-history":[{"count":0,"href":"https:\/\/www.imovirtual.com\/noticias\/wp-json\/wp\/v2\/posts\/1830\/revisions"}],"wp:featuredmedia":[{"embeddable":true,"href":"https:\/\/www.imovirtual.com\/noticias\/wp-json\/wp\/v2\/media\/1831"}],"wp:attachment":[{"href":"https:\/\/www.imovirtual.com\/noticias\/wp-json\/wp\/v2\/media?parent=1830"}],"wp:term":[{"taxonomy":"category","embeddable":true,"href":"https:\/\/www.imovirtual.com\/noticias\/wp-json\/wp\/v2\/categories?post=1830"},{"taxonomy":"post_tag","embeddable":true,"href":"https:\/\/www.imovirtual.com\/noticias\/wp-json\/wp\/v2\/tags?post=1830"}],"curies":[{"name":"wp","href":"https:\/\/api.w.org\/{rel}","templated":true}]}}