{"id":1779,"date":"2021-04-29T00:00:00","date_gmt":"2021-04-29T00:00:00","guid":{"rendered":"https:\/\/www.imovirtual.com\/noticias2\/2021\/04\/29\/como-poupar-na-fatura-da-luz\/"},"modified":"2024-08-28T10:29:59","modified_gmt":"2024-08-28T10:29:59","slug":"como-poupar-na-fatura-da-luz","status":"publish","type":"post","link":"https:\/\/www.imovirtual.com\/noticias\/imobiliario\/como-poupar-na-fatura-da-luz\/","title":{"rendered":"ImoExplica: Como poupar na fatura da luz"},"content":{"rendered":"<p class=\"css-8qfla4\">\n<p class=\"css-m5h6m0 edperro0\">\n<h1><strong>Como poupar na fatura da eletricidade<\/strong><\/h1>\n<p>A fatura da luz \u00e9 uma das contas mais pesadas para o or\u00e7amento mensal dos portugueses e com o teletrabalho e o aumento do n\u00famero de pessoas em casa, a conta tem tend\u00eancia a ser mais elevada. Prova disso s\u00e3o os <a href=\"https:\/\/eco.sapo.pt\/2021\/02\/01\/janeiro-de-2021-bateu-todos-os-recordes-de-consumo-de-eletricidade-em-portugal\/\" target=\"_blank\" rel=\"noopener\">dados divulgados pela REN<\/a> que traduzem o mais elevado consumo de energia el\u00e9trica de sempre no m\u00eas de janeiro de 2021. Um crescimento de 2,7% face a per\u00edodo hom\u00f3logo, por conta do confinamento e das temperaturas baixas. Felizmente a <a href=\"https:\/\/www.imovirtual.com\/en\/noticias\/decoracao\/como-preparar-a-casa-para-a-primavera\" target=\"_blank\" rel=\"noopener\">chegada da Primavera<\/a> e a <a href=\"https:\/\/www.imovirtual.com\/en\/noticias\/noticias\/retoma-da-atividade-das-agencias-imobiliarias-15-marco\" target=\"_blank\" rel=\"noopener\">reabertura do pa\u00eds<\/a> vieram amenizar esta situa\u00e7\u00e3o, mas nunca \u00e9 tarde para come\u00e7ar a pensar em economizar alguns euros com esta fatura. A pensar nisso, reunimos algumas sugest\u00f5es que pode come\u00e7ar a implementar <a href=\"https:\/\/www.nossacasanossomundo.com\/\" target=\"_blank\" rel=\"noopener\">em sua casa<\/a> para tentar reduzir a despesa com este servi\u00e7o. <\/p>\n<ul>\n<li><strong>Adira a uma tarifa bi-hor\u00e1ria ou tri-hor\u00e1ria<\/strong> e aproveite para fazer as suas m\u00e1quinas da lou\u00e7a e da roupa (quando estiverem cheias) no hor\u00e1rio noturno. Neste per\u00edodo, a eletricidade que usa \u00e9 mais barata &#8211; geralmente, dentro do hor\u00e1rio das 23H at\u00e9 \u00e0s primeiras horas da manh\u00e3.<\/li>\n<li><strong>Evite o modo <em>standby<\/em>:<\/strong> al\u00e9m de n\u00e3o ser nada ben\u00e9fico para os aparelhos, o constante estado de <em>standby<\/em> constitui um enorme gasto ao final do m\u00eas. Os equipamentos n\u00e3o est\u00e3o verdadeiramente desligados, por isso, ainda que em menores quantidades, consomem energia que ao final do m\u00eas \u00e9 taxada na fatura sem necessidade. <\/li>\n<li><strong>Escolha aparelhos LED<\/strong>, j\u00e1 que s\u00e3o mais econ\u00f3micos e conferem um gasto menor de energia. Troque as suas <a href=\"https:\/\/www.ikea.com\/pt\/pt\/cat\/lampadas-led-10744\/\" target=\"_blank\" rel=\"noopener\">l\u00e2mpadas atuais por luzes LED<\/a> e considere adquirir, eventualmente, um televisor que disponha do mesmo sistema.<\/li>\n<li><strong>Aten\u00e7\u00e3o \u00e0s luzes desnecess\u00e1rias:<\/strong> por vezes, com toda a correria do dia-a-dia, esquecemo-nos de apagar as luzes de certas divis\u00f5es, como os halls de entrada ou as casas de banho. Crie o h\u00e1bito de desligar as luzes sempre que sair de uma \u00e1rea da casa. Ver\u00e1 que ao final do m\u00eas esses precisos minutos v\u00e3o fazer a diferen\u00e7a. <\/li>\n<li><strong>Pinte as paredes de tons claros:<\/strong> pode parecer estranho, mas paredes escuras absorvem a luz, enquanto as mais claras a refletem. Isso significa que \u00e0s 20h00 de um dia de Ver\u00e3o pode j\u00e1 ter de acender as luzes se tiver uma pintura muito escura na sua sala, o que se traduz num gasto acrescido. <\/li>\n<li><strong>Use uma chaleira em vez do fog\u00e3o<\/strong>, para aquecer \u00e1gua. Al\u00e9m de ser mais f\u00e1cil e r\u00e1pido, tamb\u00e9m ir\u00e1 poupar imensa e energia. <\/li>\n<li><strong>Invista em eletrodom\u00e9sticos de classe A++ ou superior<\/strong>: \u00c9 claro que a ideia n\u00e3o ser\u00e1 deitar fora os seus equipamentos em perfeito estado para os substituir por novos aparelhos destas categorias. Isso representaria um gasto muito maior, al\u00e9m de ser uma op\u00e7\u00e3o pouco sustent\u00e1vel. Mas se est\u00e1 a precisar de comprar novos eletrodom\u00e9sticos, considere aqueles que t\u00eam categoria A++ ou A+++, os mais eficientes, logo os que ir\u00e3o ajudar a poupar mais na fatura da luz. Note que, atualmente j\u00e1 existem muitas op\u00e7\u00f5es no mercado a pre\u00e7os simp\u00e1ticos. <\/li>\n<li><strong>Aque\u00e7a a comida no micro-ondas<\/strong>, j\u00e1 que no fog\u00e3o ou no forno o gasto de energia \u00e9 muito mais elevado. <\/li>\n<\/ul>\n<p class=\" block-img\"><img decoding=\"async\" src=\"https:\/\/www.imovirtual.com\/noticias\/wp-content\/uploads\/2022\/11\/3c23b667-0a08-4ca1-abcb-74566be5c538_Copia-de-Banners-Autores-2.png\" alt=\"Alexandre Lu\u00eds Autor Imovirtual\"><\/p>\n<h5><em>Tamb\u00e9m conhecido como &#8216;O Consultor&#8217;. Pode encontr\u00e1-lo a consultar o \u00faltimo estudo de mercado. N\u00e3o tem talento para vender, mas sabe tudo sobre Imobili\u00e1rio. Fala sobre quest\u00f5es relacionadas com o tema no Blog do Imovirtual.<\/em><\/h5>\n<\/p>\n<h4><strong>Veja tamb\u00e9m<\/strong><\/h4>\n<ul>\n<li>ImoExplica: Como poupar na <a href=\"https:\/\/www.imovirtual.com\/noticias\/imobiliario\/como-poupar-na-fatura-da-agua\" target=\"_blank\" rel=\"noopener\"><strong>fatura da \u00e1gua<\/strong><\/a><\/li>\n<li>ImoExplica: A import\u00e2ncia da <a href=\"https:\/\/www.imovirtual.com\/noticias\/imobiliario\/certificacao-energetica\" target=\"_blank\" rel=\"noopener\"><strong>Certifica\u00e7\u00e3o Energ\u00e9tica<\/strong><\/a><\/li>\n<li>ImoExplica: Tudo sobre a <a href=\"https:\/\/www.imovirtual.com\/noticias\/imobiliario\/imoexplica-tudo-sobre-a-inspecao-do-gas\" target=\"_blank\" rel=\"noopener\"><strong>Inspe\u00e7\u00e3o do G\u00e1s<\/strong><\/a><\/li>\n<\/ul>\n<\/p>\n<div class=\"css-h5fkc8\"><strong>Ultima actualiza\u00e7\u00e3o:<\/strong> 29 outubro 2021<\/div>\n","protected":false},"excerpt":{"rendered":"<p>Como poupar na fatura da eletricidade A fatura da luz \u00e9 uma das contas mais pesadas para o or\u00e7amento mensal dos portugueses e com o teletrabalho e o aumento do n\u00famero de pessoas em casa, a conta tem tend\u00eancia a ser mais elevada. Prova disso s\u00e3o os dados divulgados pela REN que traduzem o mais &hellip;<\/p>\n","protected":false},"author":3,"featured_media":1781,"comment_status":"closed","ping_status":"open","sticky":false,"template":"","format":"standard","meta":{"footnotes":""},"categories":[37,5],"tags":[],"class_list":["post-1779","post","type-post","status-publish","format-standard","has-post-thumbnail","hentry","category-financas-e-imobiliario","category-imobiliario"],"_links":{"self":[{"href":"https:\/\/www.imovirtual.com\/noticias\/wp-json\/wp\/v2\/posts\/1779","targetHints":{"allow":["GET"]}}],"collection":[{"href":"https:\/\/www.imovirtual.com\/noticias\/wp-json\/wp\/v2\/posts"}],"about":[{"href":"https:\/\/www.imovirtual.com\/noticias\/wp-json\/wp\/v2\/types\/post"}],"author":[{"embeddable":true,"href":"https:\/\/www.imovirtual.com\/noticias\/wp-json\/wp\/v2\/users\/3"}],"replies":[{"embeddable":true,"href":"https:\/\/www.imovirtual.com\/noticias\/wp-json\/wp\/v2\/comments?post=1779"}],"version-history":[{"count":0,"href":"https:\/\/www.imovirtual.com\/noticias\/wp-json\/wp\/v2\/posts\/1779\/revisions"}],"wp:featuredmedia":[{"embeddable":true,"href":"https:\/\/www.imovirtual.com\/noticias\/wp-json\/wp\/v2\/media\/1781"}],"wp:attachment":[{"href":"https:\/\/www.imovirtual.com\/noticias\/wp-json\/wp\/v2\/media?parent=1779"}],"wp:term":[{"taxonomy":"category","embeddable":true,"href":"https:\/\/www.imovirtual.com\/noticias\/wp-json\/wp\/v2\/categories?post=1779"},{"taxonomy":"post_tag","embeddable":true,"href":"https:\/\/www.imovirtual.com\/noticias\/wp-json\/wp\/v2\/tags?post=1779"}],"curies":[{"name":"wp","href":"https:\/\/api.w.org\/{rel}","templated":true}]}}