{"id":1736,"date":"2021-11-17T00:00:00","date_gmt":"2021-11-17T00:00:00","guid":{"rendered":"https:\/\/www.imovirtual.com\/noticias2\/2021\/11\/17\/imosintese-noticias-1611\/"},"modified":"2021-11-17T00:00:00","modified_gmt":"2021-11-17T00:00:00","slug":"imosintese-noticias-1611","status":"publish","type":"post","link":"https:\/\/www.imovirtual.com\/noticias\/novidades\/imosintese-noticias-1611\/","title":{"rendered":"IMOS\u00cdNTESE &#8211; NOT\u00cdCIAS 16\/11"},"content":{"rendered":"<p class=\"css-8qfla4\">\n<p class=\"css-m5h6m0 edperro0\">\n<h2><strong>Em parceria com o Di\u00e1rio Imobili\u00e1rio, o Imovirtual apresenta diariamente um resumo notici\u00e1rio dos acontecimentos mais relevantes do dia. Fique a par das \u00faltimas novidades do Mercado Imobili\u00e1rio:<\/strong><\/h2>\n<\/p>\n<h1><strong>Porto no \u201cradar\u201d dos mercados imobili\u00e1rio e de luxo em 2022<\/strong><\/h1>\n<p>Desenvolvido pela Berkshire Hathaway HomeServices, o relat\u00f3rio Global Luxury Landscape de 2021 apresenta as mais recentes tend\u00eancias dos mercados imobili\u00e1rios e de luxo em todo o mundo.&nbsp;<\/p>\n<h3><strong>Saiba mais <a href=\"https:\/\/www.diarioimobiliario.pt\/Actualidade\/Porto-no-radar-dos-mercados-imobiliario-e-de-luxo-em-2022\" target=\"_blank\" rel=\"noopener\">aqui<\/a><\/strong><\/h3>\n<\/p>\n<h1><strong>Azambuja Green Logistics Park \u00e9 o primeiro investimento log\u00edstico da alem\u00e3 Aquila Capital<\/strong><\/h1>\n<p>A Green Logistics da Aquila Capital est\u00e1 a construir um armaz\u00e9m log\u00edstico de 115.000 m2 na Azambuja, distrito de Lisboa, um dos epicentros log\u00edsticos de Portugal, devido \u00e0s suas liga\u00e7\u00f5es rodovi\u00e1rias e mar\u00edtimas.<\/p>\n<h3><strong>Saiba mais <a href=\"https:\/\/www.diarioimobiliario.pt\/Actualidade\/Azambuja-Green-Logistics-Park-e-o-primeiro-investimento-logistico-da-alema-Aquila-Capital\" target=\"_blank\" rel=\"noopener\">aqui<\/a><\/strong><\/h3>\n<\/p>\n<h1><strong>Homing abre nova loja em Lisboa<\/strong><\/h1>\n<p>A Homing Group no seu 5\u00ba anivers\u00e1rio e inaugura uma nova loja no centro de Lisboa, situada na Avenida Duque d&#8217;Avila, vocacionada para a gest\u00e3o de alojamento local.<\/p>\n<h3><strong>Saiba mais <a href=\"https:\/\/www.diarioimobiliario.pt\/Actualidade\/Homing-abre-nova-loja-em-Lisboa\" target=\"_blank\" rel=\"noopener\">aqui<\/a><\/strong><\/h3>\n<\/p>\n<h1><strong>Mais Estado ou menos Estado na habita\u00e7\u00e3o?<\/strong><\/h1>\n<p><strong>[Artigo de Opini\u00e3o &#8211; Francisco Mota Ferreira] &#8211; <\/strong>Nos tempos da Guerra Fria, em que o mundo estava dividido entre adeptos do capitalismo e do socialismo, costumava-se contar esta hist\u00f3ria, passada na Uni\u00e3o Sovi\u00e9tica: uma fam\u00edlia russa \u00e9 chamada ao Politburo do Partido Comunista para lhes ser comunicado que, finalmente, v\u00e3o ter uma habita\u00e7\u00e3o.<\/p>\n<h3><strong>Saiba mais <a href=\"https:\/\/www.diarioimobiliario.pt\/Opiniao\/Mais-Estado-ou-menos-Estado-na-habitacao\" target=\"_blank\" rel=\"noopener\">aqui<\/a><\/strong><\/h3>\n<\/p>\n<h1><strong>Porto vai ter um novo hotel&nbsp;<\/strong><\/h1>\n<p>A Staycity, empresa l\u00edder no segmento dos aparthot\u00e9is com mais de 2.000 unidades hoteleiras na Europa, vai explorar um novo hotel na Rua da Galeria de Paris, na cidade do Porto.<\/p>\n<h3><strong>Saiba mais <a href=\"https:\/\/www.diarioimobiliario.pt\/Turismo\/Porto-vai-ter-um-novo-hotel\" target=\"_blank\" rel=\"noopener\">aqui<\/a><\/strong><\/h3>\n<\/p>\n<h3><strong>Leia as anteriores Imos\u00edntese:<\/strong><\/h3>\n<p>\ud83d\udc49<a href=\"https:\/\/www.imovirtual.com\/noticias\/noticias\/imosintese-noticias-1511\" target=\"_blank\" rel=\"noopener\"><strong>IMOS\u00cdNTESE &#8211; NOT\u00cdCIAS 15\/11<\/strong><\/a><\/p>\n<p>\ud83d\udc49<a href=\"https:\/\/www.imovirtual.com\/noticias\/noticias\/imosintese-noticias-1211\" target=\"_blank\" rel=\"noopener\"><strong>IMOS\u00cdNTESE &#8211; NOT\u00cdCIAS 12\/11<\/strong><\/a><\/p>\n<p>\ud83d\udc49<a href=\"https:\/\/www.imovirtual.com\/noticias\/noticias\/imosintese-noticias-1111\" target=\"_blank\" rel=\"noopener\"><strong>IMOS\u00cdNTESE &#8211; NOT\u00cdCIAS 11\/11<\/strong><\/a><\/p>\n<\/p>\n<div class=\"css-h5fkc8\"><strong>Ultima actualiza\u00e7\u00e3o:<\/strong> 17 novembro 2021<\/div>\n","protected":false},"excerpt":{"rendered":"<p>Em parceria com o Di\u00e1rio Imobili\u00e1rio, o Imovirtual apresenta diariamente um resumo notici\u00e1rio dos acontecimentos mais relevantes do dia. Fique a par das \u00faltimas novidades do Mercado Imobili\u00e1rio: Porto no \u201cradar\u201d dos mercados imobili\u00e1rio e de luxo em 2022 Desenvolvido pela Berkshire Hathaway HomeServices, o relat\u00f3rio Global Luxury Landscape de 2021 apresenta as mais recentes &hellip;<\/p>\n","protected":false},"author":3,"featured_media":100,"comment_status":"closed","ping_status":"open","sticky":false,"template":"","format":"standard","meta":{"footnotes":""},"categories":[4],"tags":[],"class_list":["post-1736","post","type-post","status-publish","format-standard","has-post-thumbnail","hentry","category-novidades"],"_links":{"self":[{"href":"https:\/\/www.imovirtual.com\/noticias\/wp-json\/wp\/v2\/posts\/1736","targetHints":{"allow":["GET"]}}],"collection":[{"href":"https:\/\/www.imovirtual.com\/noticias\/wp-json\/wp\/v2\/posts"}],"about":[{"href":"https:\/\/www.imovirtual.com\/noticias\/wp-json\/wp\/v2\/types\/post"}],"author":[{"embeddable":true,"href":"https:\/\/www.imovirtual.com\/noticias\/wp-json\/wp\/v2\/users\/3"}],"replies":[{"embeddable":true,"href":"https:\/\/www.imovirtual.com\/noticias\/wp-json\/wp\/v2\/comments?post=1736"}],"version-history":[{"count":0,"href":"https:\/\/www.imovirtual.com\/noticias\/wp-json\/wp\/v2\/posts\/1736\/revisions"}],"wp:featuredmedia":[{"embeddable":true,"href":"https:\/\/www.imovirtual.com\/noticias\/wp-json\/wp\/v2\/media\/100"}],"wp:attachment":[{"href":"https:\/\/www.imovirtual.com\/noticias\/wp-json\/wp\/v2\/media?parent=1736"}],"wp:term":[{"taxonomy":"category","embeddable":true,"href":"https:\/\/www.imovirtual.com\/noticias\/wp-json\/wp\/v2\/categories?post=1736"},{"taxonomy":"post_tag","embeddable":true,"href":"https:\/\/www.imovirtual.com\/noticias\/wp-json\/wp\/v2\/tags?post=1736"}],"curies":[{"name":"wp","href":"https:\/\/api.w.org\/{rel}","templated":true}]}}