{"id":1728,"date":"2021-11-19T00:00:00","date_gmt":"2021-11-19T00:00:00","guid":{"rendered":"https:\/\/www.imovirtual.com\/noticias2\/2021\/11\/19\/fundos-investimento-imobiliario-outubro-2021\/"},"modified":"2024-09-02T14:59:56","modified_gmt":"2024-09-02T14:59:56","slug":"fundos-investimento-imobiliario-outubro-2021","status":"publish","type":"post","link":"https:\/\/www.imovirtual.com\/noticias\/novidades\/fundos-investimento-imobiliario-outubro-2021\/","title":{"rendered":"Fundos de Investimento Imobili\u00e1rio geriam menos 124,7 milh\u00f5es em outubro"},"content":{"rendered":"<p class=\"css-8qfla4\">\n<p class=\"css-m5h6m0 edperro0\">\n<h1><strong>Fundos de Investimento Imobili\u00e1rio geriam menos 124,7 milh\u00f5es em outubro<\/strong><\/h1>\n<p>Em <strong>outubro, o valor gerido pelos Fundos de Investimento Imobili\u00e1rio (FII), <\/strong>dos fundos especiais de investimento imobili\u00e1rio (FEII) e dos fundos de gest\u00e3o de patrim\u00f3nio imobili\u00e1rio (FUNGEPI), gerou um valor de<strong> 10.650 milh\u00f5es de euros, o que corresponde a menos 1,2% (124,7 milh\u00f5es) do que no m\u00eas anterior, <a href=\"https:\/\/www.imovirtual.com\/noticias\/noticias\/fundos-investimento-imobiliario-setembro\" target=\"_blank\" rel=\"noopener\">setembro<\/a>.<\/strong> A not\u00edcia \u00e9 avan\u00e7ada pelo <a href=\"https:\/\/www.noticiasaominuto.com\/casa\/1876397\/fundos-imobiliarios-geriram-menos-124-7-milhoes-do-que-em-setembro\" target=\"_blank\" rel=\"noopener\"><strong>Not\u00edcias ao Minuto<\/strong><\/a>, com base nos dados disponibilizados pela<strong> Comiss\u00e3o do Mercado de Valores Mobili\u00e1rios (CMVM).<\/strong><\/p>\n<p>A CMVM informou que o <strong>montante investido nos <a href=\"https:\/\/www.imovirtual.com\/noticias\/financas\/o-que-sao-fundos-de-investimento-imobiliario\" target=\"_blank\" rel=\"noopener\">Fundos de Investimento imobili\u00e1rio<\/a> diminuiu 0,8% para 7.989,2 milh\u00f5es de euros<\/strong>. Quanto aos FEII, registou-se uma descida de 0,17% para 2.302,5 milh\u00f5es de euros. No caso dos FUNGEPI a quebra foi de 13,3% para 358,4 milh\u00f5es de euros.<\/p>\n<p>Os <strong>pa\u00edses da Uni\u00e3o Europeia<\/strong> foram o destino da totalidade do investimento feito em ativos imobili\u00e1rios, sendo que 48,8% da carteira dos FII e FEII abertos foram associados a im\u00f3veis do<strong> setor dos servi\u00e7os<\/strong>. O mesmo aconteceu com os investimentos realizados pelos FUNGEPI que se centraram no setor dos servi\u00e7os (46,7% do total).<\/p>\n<p>As <strong>quotas de mercado <\/strong>mais elevadas pertenceram \u00e0 Square AM (11,8%), \u00e0 Interfundos (11,7%), e \u00e0 Caixa Gest\u00e3o de Ativos (8,9%) detinham as quotas de mercado mais elevadas.<\/p>\n<p>A CMVM indica ainda que durante o m\u00eas passado, foi <strong>liquidado o fundo especial de investimento imobili\u00e1rio &#8220;Imorocha \u2013 Fundo Especial de Investimento Imobili\u00e1rio Fechado&#8221;<\/strong>, gerido pela Caixa Gest\u00e3o de Ativos.<\/p>\n<\/p>\n<p class=\" block-img\"><img decoding=\"async\" src=\"https:\/\/www.imovirtual.com\/noticias\/wp-content\/uploads\/2022\/11\/f619092d-9b39-467c-aaf3-5c881a52dffd_Copia-de-Banners-Autores-5.png\" alt=\"Imovirtual Investidores Autor Blog Imovirtual\"><\/p>\n<h5><em>O nome diz tudo, n\u00e3o \u00e9? Tratam de todos os temas sobre investimento imobili\u00e1rio.<\/em><\/h5>\n<\/p>\n<h4><strong>Leia tamb\u00e9m<\/strong><\/h4>\n<ul>\n<li><a href=\"https:\/\/www.imovirtual.com\/noticias\/noticias\/fundos-investimento-imobiliario-setembro\" target=\"_blank\" rel=\"noopener\"><strong>Novas regras para an\u00fancios imobili\u00e1rios de arrendamento<\/strong><\/a> entram em vigor<\/li>\n<li><a href=\"https:\/\/www.imovirtual.com\/noticias\/noticias\/prazo-pagamento-aimi\" target=\"_blank\" rel=\"noopener\"><strong>Adicional ao IMI<\/strong><\/a>: prazo para propriet\u00e1rios pagarem o imposto termina hoje<\/li>\n<li><a href=\"https:\/\/www.imovirtual.com\/noticias\/noticias\/lei-de-bases-habitacao-marcelo-rebelo-sousa\" target=\"_blank\" rel=\"noopener\"><strong>Lei de Bases da Habita\u00e7\u00e3o<\/strong><\/a>&nbsp;promulgada por Presidente da Rep\u00fablica<\/li>\n<\/ul>\n<\/p>\n<div class=\"css-h5fkc8\"><strong>Ultima actualiza\u00e7\u00e3o:<\/strong> 19 novembro 2021<\/div>\n","protected":false},"excerpt":{"rendered":"<p>Fundos de Investimento Imobili\u00e1rio geriam menos 124,7 milh\u00f5es em outubro Em outubro, o valor gerido pelos Fundos de Investimento Imobili\u00e1rio (FII), dos fundos especiais de investimento imobili\u00e1rio (FEII) e dos fundos de gest\u00e3o de patrim\u00f3nio imobili\u00e1rio (FUNGEPI), gerou um valor de 10.650 milh\u00f5es de euros, o que corresponde a menos 1,2% (124,7 milh\u00f5es) do que &hellip;<\/p>\n","protected":false},"author":3,"featured_media":1732,"comment_status":"closed","ping_status":"open","sticky":false,"template":"","format":"standard","meta":{"footnotes":""},"categories":[4,36],"tags":[],"class_list":["post-1728","post","type-post","status-publish","format-standard","has-post-thumbnail","hentry","category-novidades","category-profissionais"],"_links":{"self":[{"href":"https:\/\/www.imovirtual.com\/noticias\/wp-json\/wp\/v2\/posts\/1728","targetHints":{"allow":["GET"]}}],"collection":[{"href":"https:\/\/www.imovirtual.com\/noticias\/wp-json\/wp\/v2\/posts"}],"about":[{"href":"https:\/\/www.imovirtual.com\/noticias\/wp-json\/wp\/v2\/types\/post"}],"author":[{"embeddable":true,"href":"https:\/\/www.imovirtual.com\/noticias\/wp-json\/wp\/v2\/users\/3"}],"replies":[{"embeddable":true,"href":"https:\/\/www.imovirtual.com\/noticias\/wp-json\/wp\/v2\/comments?post=1728"}],"version-history":[{"count":0,"href":"https:\/\/www.imovirtual.com\/noticias\/wp-json\/wp\/v2\/posts\/1728\/revisions"}],"wp:featuredmedia":[{"embeddable":true,"href":"https:\/\/www.imovirtual.com\/noticias\/wp-json\/wp\/v2\/media\/1732"}],"wp:attachment":[{"href":"https:\/\/www.imovirtual.com\/noticias\/wp-json\/wp\/v2\/media?parent=1728"}],"wp:term":[{"taxonomy":"category","embeddable":true,"href":"https:\/\/www.imovirtual.com\/noticias\/wp-json\/wp\/v2\/categories?post=1728"},{"taxonomy":"post_tag","embeddable":true,"href":"https:\/\/www.imovirtual.com\/noticias\/wp-json\/wp\/v2\/tags?post=1728"}],"curies":[{"name":"wp","href":"https:\/\/api.w.org\/{rel}","templated":true}]}}