{"id":1678,"date":"2021-11-12T00:00:00","date_gmt":"2021-11-12T00:00:00","guid":{"rendered":"https:\/\/www.imovirtual.com\/noticias2\/2021\/11\/12\/condensacao-das-janelas\/"},"modified":"2021-11-12T00:00:00","modified_gmt":"2021-11-12T00:00:00","slug":"condensacao-das-janelas","status":"publish","type":"post","link":"https:\/\/www.imovirtual.com\/noticias\/lifestyle\/condensacao-das-janelas\/","title":{"rendered":"Como evitar a condensa\u00e7\u00e3o das janelas?"},"content":{"rendered":"<p class=\"css-8qfla4\">\n<p class=\"css-m5h6m0 edperro0\">\n<h1><strong>Como evitar a condensa\u00e7\u00e3o das janelas?<\/strong><\/h1>\n<p>A <strong>condensa\u00e7\u00e3o das janelas, vidros e <a href=\"https:\/\/www.imovirtual.com\/noticias\/decoracao\/feng-shui-regras-colocar-espelhos\" target=\"_blank\" rel=\"noopener\">espelhos<\/a><\/strong> \u00e9 um fen\u00f3meno muito comum, especialmente durante o inverno ou mesmo em resultado de atividades corriqueiras como o duche. Trata-se de uma <strong>mudan\u00e7a no ambiente<\/strong>: quando o vapor de \u00e1gua entra em contacto com o ar, transforma-se em l\u00edquido quando entra em contacto com o vapor de \u00e1gua encontrado no ar. No fundo, acontece quando a \u00e1gua quente &#8220;esbarra&#8221; com a diferen\u00e7a de temperatura de certas superf\u00edcies. <\/p>\n<p>No caso das <a href=\"https:\/\/www.imovirtual.com\/noticias\/decoracao\/janelas-oscilo-batentes-vantagens-desvantagens\" target=\"_blank\" rel=\"noopener\">janelas<\/a>, a condensa\u00e7\u00e3o d\u00e1-se quando a temperatura da superf\u00edcie \u00e9 inferior ao ponto de orvalho de ambiente: basicamente, quando se registam<strong> n\u00edveis de <a href=\"https:\/\/www.imovirtual.com\/noticias\/decoracao\/7-plantas-casa-diminuem-humidade\" target=\"_blank\" rel=\"noopener\">humidade<\/a> elevados, temperaturas exteriores baixas e janelas frias.<\/strong> Note que a condensa\u00e7\u00e3o come\u00e7a a sentir-se nas janelas, mas pode estender-se \u00e0s caixilharias e paredes, o que acaba por dar origem ao bolor e \u00e1s manchas pretas e trazer consequ\u00eancias catastr\u00f3ficas.<\/p>\n<\/p>\n<h3>Tamb\u00e9m lhe pode interessar: <a href=\"https:\/\/www.imovirtual.com\/noticias\/lifestyle\/proteja-a-sua-casa-da-humidade-com-estas-dicas\" target=\"_blank\" rel=\"noopener\"><em><strong>Proteja a sua casa da humidade com estas dicas<\/strong><\/em><\/a><\/h3>\n<\/p>\n<h2><strong>O segredo para evitar a condensa\u00e7\u00e3o das janelas<\/strong><\/h2>\n<p>Posto isto, h\u00e1 que prevenir o aparecimento da condensa\u00e7\u00e3o nas janelas para evitar que esta danifique a sua casa e obrigue a <a href=\"https:\/\/www.imovirtual.com\/noticias\/imobiliario\/lei-obras-casa\" target=\"_blank\" rel=\"noopener\">obras<\/a> de interven\u00e7\u00e3o. Existem algumas t\u00e9cnicas que podem ajudar a travar este fen\u00f3meno.<\/p>\n<\/p>\n<h3><strong>Mantenha uma temperatura constante<\/strong><\/h3>\n<p>\u00c9 muito frequente que em <strong>alturas de calor excessivo <\/strong>se abra as janelas para equilibrar a temperatura. J\u00e1 quando faz muito frio, a tend\u00eancia \u00e9 para ligar o aquecimento. Em qualquer uma destas situa\u00e7\u00f5es podemos despoletar o fen\u00f3meno da condensa\u00e7\u00e3o. Esta ocorre com mais frequ\u00eancia quando a temperatura em casa est\u00e1 abaixo dos 17\u00baC. Assim, uma forma de evitar que as suas janelas fiquem embaciadas \u00e9 <strong>manter um clima temperado no interior da casa<\/strong>. <\/p>\n<\/p>\n<h3><strong>Utilize desumidificadores<\/strong><\/h3>\n<p>Utilizar<strong> desumidificadores <\/strong>com frequ\u00eancia \u00e9 uma forma de evitar o aparecimento da humidade, tanto nas suas janelas como nas suas paredes. Este tipo de aparelhos r<strong>egula a humidade do ar e ajuda a manter a temperatura constante <\/strong>necess\u00e1ria para evitar a condensa\u00e7\u00e3o. <\/p>\n<\/p>\n<h3><strong>Invista em ventila\u00e7\u00e3o<\/strong><\/h3>\n<p>Outra das formas de evitar a forma\u00e7\u00e3o da condensa\u00e7\u00e3o nas suas janelas \u00e9 atrav\u00e9s da <strong>correta ventila\u00e7\u00e3o dos espa\u00e7os da sua casa<\/strong>. Isto pode ser feito atrav\u00e9s da abertura di\u00e1ria das janelas da resid\u00eancia, para que a corrente de ar entre e limpe a atmosfera interior. Da mesma forma, pode<strong> instalar um sistema de ventila\u00e7\u00e3o<\/strong> que ajude a erradicar a humidade. Note que a <a href=\"https:\/\/www.imovirtual.com\/noticias\/decoracao\/cozinhas-inspiradoras\" target=\"_blank\" rel=\"noopener\">cozinha<\/a> e a <a href=\"https:\/\/www.imovirtual.com\/noticias\/decoracao\/lavandaria-domestica\" target=\"_blank\" rel=\"noopener\">lavandaria<\/a>, s\u00e3o divis\u00f5es que obrigam a uma ventila\u00e7\u00e3o mais frequente.<\/p>\n<\/p>\n<h3><strong>Cuidado com as cortinas<\/strong><\/h3>\n<p>\u00c9 importante que tome cuidado com a <a href=\"https:\/\/www.imovirtual.com\/noticias\/decoracao\/estores-cortinas-vantagens-desvantagens\" target=\"_blank\" rel=\"noopener\">cortinas<\/a> da sua casa e que evite mant\u00ea-las muito tempo fechadas, j\u00e1 que isso <strong>cria uma barreira para a circula\u00e7\u00e3o do ar<\/strong> e facilita o aparecimento da condensa\u00e7\u00e3o.<\/p>\n<\/p>\n<h3><strong>Atente \u00e0 escolha das janelas<\/strong><\/h3>\n<p>Na hora de escolher as janelas para a sua casa, tenha aten\u00e7\u00e3o \u00e1 <strong>resist\u00eancia das janelas<\/strong>. Existem <strong>modelos que facilitam a perda de calor<\/strong>, e outros que melhoram as condi\u00e7\u00f5es t\u00e9rmicas da resid\u00eancia, como \u00e9 o caso do<strong> vidro duplo<\/strong>. Apesar de serem um <strong>investimento maior<\/strong>, as verdade \u00e9 que as janelas de qualidade acabam por compensar, n\u00e3o s\u00f3 no que respeita \u00e0 condensa\u00e7\u00e3o, mas tamb\u00e9m a n\u00edvel da <a href=\"https:\/\/www.imovirtual.com\/noticias\/imobiliario\/como-poupar-na-fatura-da-luz\" target=\"_blank\" rel=\"noopener\">fatura da luz<\/a>, j\u00e1 que lhe podem poupar alguns euros durante o inverno a n\u00edvel de aquecimento. Assim, \u00e9 conveniente que <strong>fale com um profissional especializado no assunto<\/strong>, que lhe recomende os produtos mais indicados para a sua resid\u00eancia. <\/p>\n<\/p>\n<p class=\" block-img\"><img decoding=\"async\" src=\"https:\/\/www.imovirtual.com\/noticias\/wp-content\/uploads\/2022\/11\/bd5974cf-f0b2-4813-a690-c8359669947e_Copia-de-Banners-Autores.png\" alt=\"Ana Catarina Autor Imovirtual\"><\/p>\n<h5><em>Ana Catarina \u00e9 a mi\u00fada das tend\u00eancias. Gosta de ficar em casa a perder-se pelas p\u00e1ginas de um livro, mas tamb\u00e9m n\u00e3o dispensa um caf\u00e9 tardio com os amigos. Est\u00e1 sempre \u00e0 procura do \u00faltimo grito em Lifestyle para revelar no Blog do Imovirtual.<\/em><\/h5>\n<\/p>\n<h4><strong>Mais sobre&nbsp;<em>Lifestyle<\/em><\/strong><\/h4>\n<ul>\n<li>Como acabar com os <a href=\"https:\/\/www.imovirtual.com\/noticias\/lifestyle\/mosquitos-fruta-cozinha\" target=\"_blank\" rel=\"noopener\"><strong>mosquitos na cozinha<\/strong><\/a><\/li>\n<li>5 formas para&nbsp;<a href=\"https:\/\/www.imovirtual.com\/noticias\/lifestyle\/reaproveitar-agua-em-casa\" target=\"_blank\" rel=\"noopener\"><strong>reaproveitar \u00e1gua em casa<\/strong><\/a><\/li>\n<li>5 coisas que pode colocar na <a href=\"https:\/\/www.imovirtual.com\/noticias\/lifestyle\/coisas-colocar-maquina-lavar-roupa\" target=\"_blank\" rel=\"noopener\"><strong>m\u00e1quina de lavar a lou\u00e7a<\/strong><\/a><\/li>\n<\/ul>\n<\/p>\n<div class=\"css-h5fkc8\"><strong>Ultima actualiza\u00e7\u00e3o:<\/strong> 12 novembro 2021<\/div>\n","protected":false},"excerpt":{"rendered":"<p>Como evitar a condensa\u00e7\u00e3o das janelas? A condensa\u00e7\u00e3o das janelas, vidros e espelhos \u00e9 um fen\u00f3meno muito comum, especialmente durante o inverno ou mesmo em resultado de atividades corriqueiras como o duche. Trata-se de uma mudan\u00e7a no ambiente: quando o vapor de \u00e1gua entra em contacto com o ar, transforma-se em l\u00edquido quando entra em &hellip;<\/p>\n","protected":false},"author":3,"featured_media":1679,"comment_status":"closed","ping_status":"open","sticky":false,"template":"","format":"standard","meta":{"footnotes":""},"categories":[3],"tags":[],"class_list":["post-1678","post","type-post","status-publish","format-standard","has-post-thumbnail","hentry","category-lifestyle"],"_links":{"self":[{"href":"https:\/\/www.imovirtual.com\/noticias\/wp-json\/wp\/v2\/posts\/1678","targetHints":{"allow":["GET"]}}],"collection":[{"href":"https:\/\/www.imovirtual.com\/noticias\/wp-json\/wp\/v2\/posts"}],"about":[{"href":"https:\/\/www.imovirtual.com\/noticias\/wp-json\/wp\/v2\/types\/post"}],"author":[{"embeddable":true,"href":"https:\/\/www.imovirtual.com\/noticias\/wp-json\/wp\/v2\/users\/3"}],"replies":[{"embeddable":true,"href":"https:\/\/www.imovirtual.com\/noticias\/wp-json\/wp\/v2\/comments?post=1678"}],"version-history":[{"count":0,"href":"https:\/\/www.imovirtual.com\/noticias\/wp-json\/wp\/v2\/posts\/1678\/revisions"}],"wp:featuredmedia":[{"embeddable":true,"href":"https:\/\/www.imovirtual.com\/noticias\/wp-json\/wp\/v2\/media\/1679"}],"wp:attachment":[{"href":"https:\/\/www.imovirtual.com\/noticias\/wp-json\/wp\/v2\/media?parent=1678"}],"wp:term":[{"taxonomy":"category","embeddable":true,"href":"https:\/\/www.imovirtual.com\/noticias\/wp-json\/wp\/v2\/categories?post=1678"},{"taxonomy":"post_tag","embeddable":true,"href":"https:\/\/www.imovirtual.com\/noticias\/wp-json\/wp\/v2\/tags?post=1678"}],"curies":[{"name":"wp","href":"https:\/\/api.w.org\/{rel}","templated":true}]}}