{"id":1627,"date":"2020-07-14T00:00:00","date_gmt":"2020-07-14T00:00:00","guid":{"rendered":"https:\/\/www.imovirtual.com\/noticias2\/2020\/07\/14\/mercado-imobiliario-em-numeros-2%c2%ba-trimestre-de-2020\/"},"modified":"2020-07-14T00:00:00","modified_gmt":"2020-07-14T00:00:00","slug":"mercado-imobiliario-em-numeros-2%c2%ba-trimestre-de-2020","status":"publish","type":"post","link":"https:\/\/www.imovirtual.com\/noticias\/relatorio-de-precos\/mercado-imobiliario-em-numeros-2%c2%ba-trimestre-de-2020\/","title":{"rendered":"Mercado Imobili\u00e1rio em N\u00fameros: 2\u00ba trimestre de 2020"},"content":{"rendered":"<p class=\"css-8qfla4\">\n<p class=\"css-m5h6m0 edperro0\">\n<h1><strong>Mercado Imobili\u00e1rio em N\u00fameros: 2\u00ba trimestre de 2020<\/strong><\/h1>\n<p>A presente an\u00e1lise compara os pre\u00e7os m\u00e9dios<strong> anunciados<\/strong> no Imovirtual do segmento venda e arrendamento de apartamentos e moradias do 1\u00ba Trimestre de 2020 com o 2\u00ba Trimestre de 2020.<\/p>\n<p>&nbsp;<\/p>\n<h2><strong>VENDA | Apartamentos e Moradias<\/strong><\/h2>\n<p>Comparando o 2\u00ba Trimestre de 2020 com o 1\u00ba Trimestre de 2020:<\/p>\n<p>\u00b7 &nbsp; O <strong>pre\u00e7o m\u00e9dio<\/strong> anunciado de venda de apartamentos e moradias <strong>aumentou 1%, passando o pre\u00e7o m\u00e9dio de 352.684\u20ac no 1\u00ba trimestre para 354.767\u20ac no 2\u00ba trimestre<\/strong>.&nbsp;<\/p>\n<p>\u00b7 &nbsp; <strong>Vila Real foi o distrito com o maior crescimento de pre\u00e7o m\u00e9dio<\/strong> anunciado.&nbsp; Registou um aumento significativo de <strong>3%<\/strong>, passando de 170.989\u20ac no 1\u00ba trimestre para 176.236\u20ac no 2\u00ba trimestre. &nbsp;<\/p>\n<\/p>\n<h2><strong>TOP 5 &#8211; MAIOR PRE\u00c7O | Distritos com maior pre\u00e7o m\u00e9dio anunciado no segmento de venda:<\/strong><\/h2>\n<p><strong>&nbsp;<\/strong><\/p>\n<p>\u00b7&nbsp; &nbsp; &nbsp; <strong>Lisboa<\/strong>, que ocupa o <strong>1\u00ba lugar <\/strong>do top de cidades mais caras para comprar apartamento ou moradia, apresenta um pre\u00e7o m\u00e9dio de <strong>568.772\u20ac .<\/strong>&nbsp;<\/p>\n<p>\u00b7 &nbsp; &nbsp; &nbsp; O<strong> Porto<\/strong> \u00e9 o 4\u00ba classificado dos distritos com maior pre\u00e7o m\u00e9dio anunciado no segmento de venda <strong>(317.666\u20ac)<\/strong> e registou um aumento 2% comparativamente ao 1\u00ba Trimestre de 2020.<\/p>\n<p>\u00b7&nbsp; &nbsp; &nbsp; <strong>&nbsp;Faro<\/strong>, que ocupa a 2\u00ba posi\u00e7\u00e3o no ranking apresenta um pre\u00e7o m\u00e9dio anunciado de <strong>461.719\u20ac<\/strong>,&nbsp; demonstrou um crescimento de 3% face ao per\u00edodo anterior analisado e uma varia\u00e7\u00e3o de 23% inferior ao valor m\u00e9dio anunciado em Lisboa.&nbsp;<\/p>\n<p>\u00b7 &nbsp; &nbsp; &nbsp; Em 3\u00ba lugar do TOP5 dos distritos com maior pre\u00e7o m\u00e9dio anunciado no segmento de venda, encontra-se a <strong>Madeira <\/strong>com um crescimento de apenas 0,02% <strong>(332.693\u20ac)<\/strong><\/p>\n<p>\u00b7 &nbsp; &nbsp; &nbsp; <strong>Set\u00fabal <\/strong>encontra-se em 5\u00ba lugar com um <strong>crescimento do pre\u00e7o m\u00e9dio<\/strong> anunciado de 2% <strong>(292.289\u20ac).<\/strong><\/p>\n<p class=\" block-img\"><img decoding=\"async\" src=\"https:\/\/www.imovirtual.com\/noticias\/wp-content\/uploads\/2022\/11\/c2797092-d4b9-498b-8746-497d4b1f7264_barometro_trimestral_4.png\" alt=\"\"><\/p>\n<h2><strong>TOP 5 \u2013 MENOR PRE\u00c7O | Distritos com menor pre\u00e7o m\u00e9dio anunciado no segmento de venda:<\/strong><\/h2>\n<p><strong>&nbsp;<\/strong><\/p>\n<p>\u00b7 &nbsp; &nbsp; &nbsp; <strong>Castelo Branco lidera o top de distritos com menor pre\u00e7o m\u00e9dio<\/strong> anunciado <strong>(119.487\u20ac)<\/strong> na categoria de venda de apartamentos e moradias e apresentou um ligeiro crescimento de <strong>0,06%<\/strong> face ao 1\u00ba Trimestre deste ano.&nbsp;<\/p>\n<p>\u00b7 &nbsp; &nbsp; &nbsp; <strong>Guarda<\/strong> demonstrou um decr\u00e9scimo do pre\u00e7o m\u00e9dio anunciado de <strong>4% (125.930\u20ac)<\/strong>, ocupando o segundo lugar.<\/p>\n<p>\u00b7 &nbsp; &nbsp; &nbsp; <strong>Portalegre<\/strong> que ocupa a 3\u00aa posi\u00e7\u00e3o, sofreu um<strong> <\/strong>decr\u00e9scimo percentual acentuado no 2\u00ba Trimestre de 2020, de <strong>5% (126.738\u20ac)<\/strong><\/p>\n<p>\u00b7&nbsp; &nbsp; &nbsp; <strong>Beja<\/strong> que ocupa o 4\u00ba lugar, sofreu um decr\u00e9scimo percentual de <strong>3%<\/strong> (127.187\u20ac).<\/p>\n<p>.&nbsp; &nbsp; <strong>Santar\u00e9m<\/strong> que ocupa o 5\u00ba lugar, verificou uma aumento do pre\u00e7o m\u00e9dio anunciado entre os 2 per\u00edodos analisados de <strong>1%(154.284\u20ac).<\/strong><\/p>\n<p class=\" block-img\"><img decoding=\"async\" src=\"https:\/\/www.imovirtual.com\/noticias\/wp-content\/uploads\/2022\/11\/3fcf7f06-6854-44d7-82c9-bf2a23bf697a_barometro_trimestral_3.png\" alt=\"\"><\/p>\n<h2><strong>ARRENDAMENTO | Apartamentos e Moradias<\/strong><\/h2>\n<p>Comparando o 2\u00ba Trimestre de 2020 com o 1\u00ba Trimestre de 2020 ao n\u00edvel do arrendamento:<\/p>\n<p>\u00b7 &nbsp; O <strong>pre\u00e7o m\u00e9dio<\/strong> anunciado de arrendamento de apartamentos e moradias<strong> teve uma queda de 4%<\/strong>, de 1.190\u20ac para 1.149\u20ac.<\/p>\n<p>.<strong> &nbsp; &nbsp; &nbsp; &nbsp; &nbsp; Beja foi o distrito com o maior crescimento de pre\u00e7o m\u00e9dio<\/strong> anunciado.&nbsp; Registou um aumento significativo de <strong>36%<\/strong>, passando de 454\u20ac no 1\u00ba Trimestre para<strong> 618\u20ac<\/strong> no 2\u00ba Trimestre de 2020. &nbsp;<\/p>\n<\/p>\n<h2><strong>TOP 5 &#8211; MAIOR PRE\u00c7O | Distritos com maior pre\u00e7o m\u00e9dio anunciado no segmento de arrendamento:<\/strong><\/h2>\n<p>&nbsp;<\/p>\n<p>\u00b7 &nbsp; <strong>Lisboa lidera o top<\/strong> de distritos com maior pre\u00e7o m\u00e9dio anunciado no segmento de arrendamento de apartamentos e moradias <strong>(1.478\u20ac)<\/strong>, todavia sofreu um decr\u00e9scimo de <strong>4%<\/strong> face ao 1\u00ba trimestre de 2020.<\/p>\n<p>\u00b7 &nbsp; O<strong> Porto<\/strong> apresentou uma queda no pre\u00e7o m\u00e9dio anunciado de <strong>8% (1.015\u20ac)<\/strong>.<\/p>\n<p>\u00b7 &nbsp; <strong>Set\u00fabal<\/strong> registou um pre\u00e7o m\u00e9dio anunciado de <strong>895\u20ac<\/strong>, mas tamb\u00e9m ele com um decr\u00e9scimo percentual de <strong>1%<\/strong> face ao 1\u00ba Trimestre de 2020.<\/p>\n<p>\u00b7 &nbsp; No Top 5 de maior pre\u00e7o, o distrito de <strong>Faro<\/strong> apresentou um crescimento do pre\u00e7o m\u00e9dio anunciado de <strong>6%<\/strong> e, pelo contr\u00e1rio, <strong>Madeira<\/strong> refletiu um decr\u00e9scimo de pre\u00e7o m\u00e9dio anunciado de <strong>4%<\/strong>.<\/p>\n<p class=\" block-img\"><img decoding=\"async\" src=\"https:\/\/www.imovirtual.com\/noticias\/wp-content\/uploads\/2022\/11\/58d5f276-085b-4aaa-928c-9c2942dae141_barometro_trimestral_2.png\" alt=\"\"><\/p>\n<h2><strong>TOP 5 \u2013 MENOR PRE\u00c7O | Distritos com menor pre\u00e7o m\u00e9dio anunciado no segmento de arrendamento:<\/strong><\/h2>\n<p>\u00b7 &nbsp; <strong>Portalegre<\/strong> \u00e9 o distrito <strong>com menor pre\u00e7o m\u00e9dio anunciado de im\u00f3veis para arrendar<\/strong> (339\u20ac).&nbsp;<\/p>\n<p>\u00b7 &nbsp; Os distritos do Top 5 com menor pre\u00e7o m\u00e9dio de arrendamento, <strong>\u00e0 exce\u00e7\u00e3o de Bragan\u00e7a <\/strong>que apresentou uma subida de<strong> 7% (433\u20ac)<\/strong>, demonstraram uma descida percentual relativamente ao per\u00edodo em an\u00e1lise anterior.<\/p>\n<p>\u00b7 &nbsp; A respeito do distrito da<strong> Guarda <\/strong>observou-se uma estabilidade dos pre\u00e7os<strong> (349\u20ac).<\/strong><\/p>\n<p>\u00b7<strong>Castelo Branco e Vila Real<\/strong> apresentaram uma<strong> queda de pre\u00e7o m\u00e9dio<\/strong> anunciado significativo de <strong>5%<\/strong> e <strong>10%<\/strong> respetivamente.<\/p>\n<p class=\" block-img\"><img decoding=\"async\" src=\"https:\/\/www.imovirtual.com\/noticias\/wp-content\/uploads\/2022\/11\/e30a2a71-c0b4-40f3-a90c-c00007d9394e_barometro_trimestral_1.png\" alt=\"\"><\/p>\n<\/p>\n<div class=\"css-h5fkc8\"><strong>Ultima actualiza\u00e7\u00e3o:<\/strong> 27 outubro 2021<\/div>\n","protected":false},"excerpt":{"rendered":"<p>Mercado Imobili\u00e1rio em N\u00fameros: 2\u00ba trimestre de 2020 A presente an\u00e1lise compara os pre\u00e7os m\u00e9dios anunciados no Imovirtual do segmento venda e arrendamento de apartamentos e moradias do 1\u00ba Trimestre de 2020 com o 2\u00ba Trimestre de 2020. &nbsp; VENDA | Apartamentos e Moradias Comparando o 2\u00ba Trimestre de 2020 com o 1\u00ba Trimestre de &hellip;<\/p>\n","protected":false},"author":3,"featured_media":1630,"comment_status":"closed","ping_status":"open","sticky":false,"template":"","format":"standard","meta":{"footnotes":""},"categories":[2],"tags":[],"class_list":["post-1627","post","type-post","status-publish","format-standard","has-post-thumbnail","hentry","category-relatorio-de-precos"],"_links":{"self":[{"href":"https:\/\/www.imovirtual.com\/noticias\/wp-json\/wp\/v2\/posts\/1627","targetHints":{"allow":["GET"]}}],"collection":[{"href":"https:\/\/www.imovirtual.com\/noticias\/wp-json\/wp\/v2\/posts"}],"about":[{"href":"https:\/\/www.imovirtual.com\/noticias\/wp-json\/wp\/v2\/types\/post"}],"author":[{"embeddable":true,"href":"https:\/\/www.imovirtual.com\/noticias\/wp-json\/wp\/v2\/users\/3"}],"replies":[{"embeddable":true,"href":"https:\/\/www.imovirtual.com\/noticias\/wp-json\/wp\/v2\/comments?post=1627"}],"version-history":[{"count":0,"href":"https:\/\/www.imovirtual.com\/noticias\/wp-json\/wp\/v2\/posts\/1627\/revisions"}],"wp:featuredmedia":[{"embeddable":true,"href":"https:\/\/www.imovirtual.com\/noticias\/wp-json\/wp\/v2\/media\/1630"}],"wp:attachment":[{"href":"https:\/\/www.imovirtual.com\/noticias\/wp-json\/wp\/v2\/media?parent=1627"}],"wp:term":[{"taxonomy":"category","embeddable":true,"href":"https:\/\/www.imovirtual.com\/noticias\/wp-json\/wp\/v2\/categories?post=1627"},{"taxonomy":"post_tag","embeddable":true,"href":"https:\/\/www.imovirtual.com\/noticias\/wp-json\/wp\/v2\/tags?post=1627"}],"curies":[{"name":"wp","href":"https:\/\/api.w.org\/{rel}","templated":true}]}}