{"id":1585,"date":"2020-07-03T00:00:00","date_gmt":"2020-07-03T00:00:00","guid":{"rendered":"https:\/\/www.imovirtual.com\/noticias2\/2020\/07\/03\/assista-ao-episodio-no-canal-deyoutubeou-na-pagina1\/"},"modified":"2020-07-03T00:00:00","modified_gmt":"2020-07-03T00:00:00","slug":"assista-ao-episodio-no-canal-deyoutubeou-na-pagina1","status":"publish","type":"post","link":"https:\/\/www.imovirtual.com\/noticias\/relatorio-de-precos\/assista-ao-episodio-no-canal-deyoutubeou-na-pagina1\/","title":{"rendered":"AproximoCast #17 &#8211; A nova tend\u00eancia do Imobili\u00e1rio"},"content":{"rendered":"<p class=\"css-8qfla4\">\n<p class=\"css-m5h6m0 edperro0\">\n<h1><strong>AproximoCast #17 &#8211; A nova tend\u00eancia do Imobili\u00e1rio<\/strong><\/h1>\n<p>No AproximoCast procuramos conectar profissionais do Setor Imobili\u00e1rio, atrav\u00e9s de assuntos relevantes do interesse dos Profissionais. Neste novo&nbsp;epis\u00f3dio do podcast o nosso gestor de Marketing, Bruno Coelho esteve \u00e0 conversa com Jo\u00e3o Correia Gomes, Professor, Consultor e Coordenado da \u00e1rea cient\u00edfica da ESAI,&nbsp;que partilhou connosco a nova tend\u00eancia do imobili\u00e1rio.<\/p>\n<div data-oembed=\"https:\/\/youtu.be\/qqoOblCs9f0\" data-oembed-type=\"video\" data-oembed-provider=\"YouTube\" class=\"embed embed-youtube\">\n<div><iframe loading=\"lazy\" width=\"480\" height=\"270\" src=\"https:\/\/www.youtube.com\/embed\/qqoOblCs9f0?feature=oembed\" frameborder=\"0\" allow=\"accelerometer; autoplay; encrypted-media; gyroscope; picture-in-picture\" allowfullscreen=\"\"><\/iframe><\/div>\n<\/div>\n<p>Neste epis\u00f3dio abordou-se o tema da quarta revolu\u00e7\u00e3o industrial e do novo papel do consultor imobili\u00e1rio, de que forma de deve reajustar e adaptar \u00e0 futura realidade.<\/p>\n<\/p>\n<h2><strong>Assista ao epis\u00f3dio no canal de&nbsp;<a href=\"https:\/\/youtu.be\/qqoOblCs9f0\" target=\"_blank\" rel=\"noopener\">Youtube<\/a>&nbsp;ou na p\u00e1gina de&nbsp;<a href=\"https:\/\/www.facebook.com\/Imovirtual\/videos\/266083914841260\/?__xts__[0]=68.ARDd4BgYfbHHR85SgrLAjogNqFEWtW2B-KYhJ1heEHU3qEoAuKnOceQuNoubkY2zBicV1vmJxPrLVG7PxJRp9ZCKoyaN_uEIt7uEwrHbgmrprZegJMEsXsTLeexmwrrc3IxIcqufqkEaU9B5st2rXIgOQE65Xd7cm_Ala0TD8neJizs0pOfyOu9DMA2z-gae7wJ6Jx8rZz3mHKBI_OBTR4vIyw9jlYxCOeQEWRhzEeTe9el-nTiQcouGXP2MRJb-TEZy5gt-NnMrBu7PHHfqz6ZtRpTWkKGPqP2TABkV2vqGcDIsJmNCcbIn1VCNwW-1Vm-vOBzrYB8Ti2j2E4wqExyrrj1bzxyA0Ig&amp;__tn__=-R\" target=\"_blank\" rel=\"noopener\">Facebook<\/a>&nbsp;do Imovirtual.<\/strong><\/h2>\n<p><strong>Lan\u00e7aremos todas as semanas um epis\u00f3dio novo sempre com temas diferentes.&nbsp;<\/strong><\/p>\n<p><strong>Fique atento \u00e0s nossas redes sociais e n\u00e3o perca o pr\u00f3ximo!<\/strong><\/p>\n<\/p>\n<h4><strong>Leia tamb\u00e9m<\/strong><\/h4>\n<ul>\n<li><a href=\"https:\/\/www.imovirtual.com\/noticias\/imoblog\/aproximocast-o-podcast-que-procura-conectar-profissionais-do-setor-imobiliario-id222.html\" target=\"_blank\" rel=\"noopener\"><strong>APROXIMOCAST<\/strong><\/a>: O podcast que procura conectar Profissionais do Setor Imobili\u00e1rio.<\/li>\n<li><a href=\"https:\/\/www.imovirtual.com\/noticias\/imoblog\/aproximo-o-evento-que-conecta-os-profissionais-do-setor-imobiliario-2021\" target=\"_blank\" rel=\"noopener\"><strong>APROXIMO 2021:<\/strong><\/a> O evento que conecta os Profissionais do Setor Imobili\u00e1rio<\/li>\n<li>Campanha <a href=\"https:\/\/www.imovirtual.com\/noticias\/imoblog\/nossa-casa-nosso-mundo-vence-premios-lusofonos\" target=\"_blank\" rel=\"noopener\"><strong>Nossa Casa Nosso Mundo<\/strong><\/a> vence Pr\u00e9mios Lus\u00f3fonos da Criatividade&nbsp;<\/li>\n<\/ul>\n<\/p>\n<div class=\"css-h5fkc8\"><strong>Ultima actualiza\u00e7\u00e3o:<\/strong> 27 outubro 2021<\/div>\n","protected":false},"excerpt":{"rendered":"<p>AproximoCast #17 &#8211; A nova tend\u00eancia do Imobili\u00e1rio No AproximoCast procuramos conectar profissionais do Setor Imobili\u00e1rio, atrav\u00e9s de assuntos relevantes do interesse dos Profissionais. Neste novo&nbsp;epis\u00f3dio do podcast o nosso gestor de Marketing, Bruno Coelho esteve \u00e0 conversa com Jo\u00e3o Correia Gomes, Professor, Consultor e Coordenado da \u00e1rea cient\u00edfica da ESAI,&nbsp;que partilhou connosco a nova &hellip;<\/p>\n","protected":false},"author":3,"featured_media":1586,"comment_status":"closed","ping_status":"open","sticky":false,"template":"","format":"standard","meta":{"footnotes":""},"categories":[2],"tags":[],"class_list":["post-1585","post","type-post","status-publish","format-standard","has-post-thumbnail","hentry","category-relatorio-de-precos"],"_links":{"self":[{"href":"https:\/\/www.imovirtual.com\/noticias\/wp-json\/wp\/v2\/posts\/1585","targetHints":{"allow":["GET"]}}],"collection":[{"href":"https:\/\/www.imovirtual.com\/noticias\/wp-json\/wp\/v2\/posts"}],"about":[{"href":"https:\/\/www.imovirtual.com\/noticias\/wp-json\/wp\/v2\/types\/post"}],"author":[{"embeddable":true,"href":"https:\/\/www.imovirtual.com\/noticias\/wp-json\/wp\/v2\/users\/3"}],"replies":[{"embeddable":true,"href":"https:\/\/www.imovirtual.com\/noticias\/wp-json\/wp\/v2\/comments?post=1585"}],"version-history":[{"count":0,"href":"https:\/\/www.imovirtual.com\/noticias\/wp-json\/wp\/v2\/posts\/1585\/revisions"}],"wp:featuredmedia":[{"embeddable":true,"href":"https:\/\/www.imovirtual.com\/noticias\/wp-json\/wp\/v2\/media\/1586"}],"wp:attachment":[{"href":"https:\/\/www.imovirtual.com\/noticias\/wp-json\/wp\/v2\/media?parent=1585"}],"wp:term":[{"taxonomy":"category","embeddable":true,"href":"https:\/\/www.imovirtual.com\/noticias\/wp-json\/wp\/v2\/categories?post=1585"},{"taxonomy":"post_tag","embeddable":true,"href":"https:\/\/www.imovirtual.com\/noticias\/wp-json\/wp\/v2\/tags?post=1585"}],"curies":[{"name":"wp","href":"https:\/\/api.w.org\/{rel}","templated":true}]}}