{"id":1561,"date":"2020-04-28T00:00:00","date_gmt":"2020-04-28T00:00:00","guid":{"rendered":"https:\/\/www.imovirtual.com\/noticias2\/2020\/04\/28\/lisboa-olivais-id180\/"},"modified":"2020-04-28T00:00:00","modified_gmt":"2020-04-28T00:00:00","slug":"lisboa-olivais-id180","status":"publish","type":"post","link":"https:\/\/www.imovirtual.com\/noticias\/relatorio-de-precos\/lisboa-olivais-id180\/","title":{"rendered":"Lisboa: Olivais"},"content":{"rendered":"<p class=\"css-8qfla4\">\n<p class=\"css-m5h6m0 edperro0\">\n<h1><strong>Tudo sobre Olivais, Lisboa<\/strong><\/h1>\n<p>Olivais, at\u00e9 2012, oficialmente Santa Maria dos Olivais, \u00e9 uma das freguesias mais populosas de Lisboa e pertence \u00e0 Zona Oriental da capital. Esta freguesia foi fundada em 1397, sendo que se ainda pode ler na inscri\u00e7\u00e3o da fachada principal da Igreja de Santa Maria dos Olivais \u201cEsta par\u00f3quia foi criada a 6 de maio de 1397\u201d.<\/p>\n<p>Sede de concelho entre 1852 e 1885, um grande munic\u00edpio altamente rural que abarcava 24 freguesias. Em 1878, ocupava uma superf\u00edcie de 22 mil hectares e tinha uma popula\u00e7\u00e3o de mais de 22 mil habitantes.<\/p>\n<p>Em 2012, no \u00e2mbito da reorganiza\u00e7\u00e3o administrativa da cidade de Lisboa, ao abrigo do Decreto-Lei n\u00ba56\/2012 de 8 de novembro, a freguesia de Santa Maria dos Olivais (ent\u00e3o renomeada como Freguesia dos Olivais) foi separada e perdeu cerca de 25% da sua \u00e1rea geogr\u00e1fica (a zona ribeirinha da antiga Expo 98) para a nova freguesia do Parque das Na\u00e7\u00f5es, para al\u00e9m de sofrer alguns ajustes nos limites com outras freguesias vizinhas.<\/p>\n<p>&nbsp;<\/p>\n<h2><strong>O que tem Olivais para oferecer?<\/strong><\/h2>\n<\/p>\n<h3><strong>Patrim\u00f3nio<\/strong><\/h3>\n<p>Olivais tem como patrim\u00f3nio o Pal\u00e1cio da Quinta do Contador Mor, Pal\u00e1cio da Quinta da Fonte do Ajo- tamb\u00e9m conhecido por Pal\u00e1cio da Quinta da Bica-, Convento de S\u00e3o Corn\u00e9lio, Centro Hist\u00f3rico da vila dos Olivais, Pal\u00e1cio da Quinta do Policarpo, Igreja de Santa Maria, Igreja de Santo Eug\u00e9nio, Monumento sede da ADCEO \u2013 o cineteatro da Encarna\u00e7\u00e3o, Instituto Geogr\u00e1fico do Ex\u00e9rcito e Laborat\u00f3rio Militar de Produtos Qu\u00edmicos e Farmac\u00eauticos.<\/p>\n<p>&nbsp;<\/p>\n<h3><strong>Transportes<\/strong><\/h3>\n<p>A freguesia de Olivais \u00e9 servida de:<\/p>\n<ul>\n<li>Metro de Lisboa;<\/li>\n<li>Aeroporto de Lisboa;<\/li>\n<li>Autocarros.<\/li>\n<\/ul>\n<p>&nbsp;<\/p>\n<h3><strong>Educa\u00e7\u00e3o<\/strong><\/h3>\n<p>Olivais tem a n\u00edvel de Educa\u00e7\u00e3o:<\/p>\n<ul>\n<li>Educa\u00e7\u00e3o Pr\u00e9-escolar;<\/li>\n<li>Educa\u00e7\u00e3o B\u00e1sica (1\u00ba Ciclo, 2\u00ba Ciclo e 3\u00ba Ciclo);<\/li>\n<li>Educa\u00e7\u00e3o Secund\u00e1ria.<\/li>\n<\/ul>\n<p>&nbsp;<\/p>\n<h3><strong>Sa\u00fade e Com\u00e9rcio<\/strong><\/h3>\n<p>A n\u00edvel de sa\u00fade, Olivais n\u00e3o \u00e9 servida de nenhum hospital p\u00fablico na freguesia, mas tem v\u00e1rias institui\u00e7\u00f5es hospitalares privadas, como por exemplo, o Hospital SAMS, inaugurado em setembro de 1994.<\/p>\n<p>A n\u00edvel de com\u00e9rcio, Olivais \u00e9 servida de v\u00e1rios mercados: Mercado da Encarna\u00e7\u00e3o \u2013 Norte, Mercado da Encarna\u00e7\u00e3o \u2013 Sul, Mercado dos Olivais \u2013 C\u00e9lula B e Mercado dos Olivais \u2013 C\u00e9lula E. Tamb\u00e9m tem um Centro Comercial chamado Spacio, que \u00e9 um espa\u00e7o muito bem localizado e conta com 84 lojas.<\/p>\n<p>&nbsp;<\/p>\n<h3><strong>Olivais em n\u00fameros<\/strong><\/h3>\n<p>Olivais \u00e9 uma freguesia portuguesa do concelho de Lisboa, que pertence \u00e0 Zona Oriental da Capital. Tem uma \u00e1rea de 8,088 km2 e mais de 51 mil habitantes (censos de 2011).<\/p>\n<p>Segundo a aplica\u00e7\u00e3o GeoHab, do INE \u2013 Instituto Nacional de Estat\u00edstica,&nbsp;<strong>o valor m\u00e9dio de vendas de im\u00f3veis em Olivais ronda os 2353\u20ac\/m2.<\/strong><\/p>\n<p>&nbsp;<\/p>\n<p>O Imovirtual desenvolveu recentemente um estudo sobre as freguesias de Portugal. Este estudo foi realizado junto dos residentes desta freguesia, onde avaliaram v\u00e1rias categorias, como a seguran\u00e7a, limpeza, estacionamento, espa\u00e7os de lazer e outros de Olivais. Conhe\u00e7a os resultados:<\/p>\n<\/p>\n<p><strong>Se est\u00e1 a pensar em comprar ou arrendar casa em Olivais, n\u00e3o se esque\u00e7a de consultar todas as ofertas dispon\u00edveis no nosso site:<\/strong>&nbsp;&nbsp;<a href=\"https:\/\/www.imovirtual.com\/\" target=\"_blank\" rel=\"noopener\">https:\/\/www.imovirtual.com\/<\/a><\/p>\n<\/p>\n<p class=\" block-img\"><img decoding=\"async\" src=\"https:\/\/www.imovirtual.com\/noticias\/wp-content\/uploads\/2022\/11\/3c23b667-0a08-4ca1-abcb-74566be5c538_Copia-de-Banners-Autores-2.png\" alt=\"Alexandre Lu\u00eds Autor Imovirtual\"><\/p>\n<h5><em>Tamb\u00e9m conhecido como &#8216;O Consultor&#8217;. Pode encontr\u00e1-lo a consultar o \u00faltimo estudo de mercado. N\u00e3o tem talento para vender, mas sabe tudo sobre Imobili\u00e1rio. Fala sobre quest\u00f5es relacionadas com o tema no Blog do Imovirtual.<\/em><\/h5>\n<\/p>\n<h4><strong>Leia tamb\u00e9m<\/strong><\/h4>\n<ul>\n<li>O processo de&nbsp;<a href=\"https:\/\/www.imovirtual.com\/noticias\/imobiliario\/oito-etapas-comprar-casas\" target=\"_blank\" rel=\"noopener\"><strong>compra de um im\u00f3vel<\/strong><\/a>&nbsp;em 8 etapas<\/li>\n<li>Novos empreendimentos em&nbsp;<a href=\"https:\/\/www.imovirtual.com\/noticias\/imobiliario\/empreendimentos-avenidas-novas\" target=\"_blank\" rel=\"noopener\"><strong>Avenidas Novas<\/strong><\/a><\/li>\n<li>Tipos de&nbsp;<a href=\"https:\/\/www.imovirtual.com\/noticias\/imobiliario\/tipos-de-energias-renovaveis-para-a-sua-casa\" target=\"_blank\" rel=\"noopener\"><strong>energias renov\u00e1veis<\/strong><\/a>&nbsp;que pode ter em casa<\/li>\n<\/ul>\n<\/p>\n<div class=\"css-h5fkc8\"><strong>Ultima actualiza\u00e7\u00e3o:<\/strong> 27 outubro 2021<\/div>\n","protected":false},"excerpt":{"rendered":"<p>Tudo sobre Olivais, Lisboa Olivais, at\u00e9 2012, oficialmente Santa Maria dos Olivais, \u00e9 uma das freguesias mais populosas de Lisboa e pertence \u00e0 Zona Oriental da capital. Esta freguesia foi fundada em 1397, sendo que se ainda pode ler na inscri\u00e7\u00e3o da fachada principal da Igreja de Santa Maria dos Olivais \u201cEsta par\u00f3quia foi criada &hellip;<\/p>\n","protected":false},"author":3,"featured_media":1563,"comment_status":"closed","ping_status":"open","sticky":false,"template":"","format":"standard","meta":{"footnotes":""},"categories":[2],"tags":[],"class_list":["post-1561","post","type-post","status-publish","format-standard","has-post-thumbnail","hentry","category-relatorio-de-precos"],"_links":{"self":[{"href":"https:\/\/www.imovirtual.com\/noticias\/wp-json\/wp\/v2\/posts\/1561","targetHints":{"allow":["GET"]}}],"collection":[{"href":"https:\/\/www.imovirtual.com\/noticias\/wp-json\/wp\/v2\/posts"}],"about":[{"href":"https:\/\/www.imovirtual.com\/noticias\/wp-json\/wp\/v2\/types\/post"}],"author":[{"embeddable":true,"href":"https:\/\/www.imovirtual.com\/noticias\/wp-json\/wp\/v2\/users\/3"}],"replies":[{"embeddable":true,"href":"https:\/\/www.imovirtual.com\/noticias\/wp-json\/wp\/v2\/comments?post=1561"}],"version-history":[{"count":0,"href":"https:\/\/www.imovirtual.com\/noticias\/wp-json\/wp\/v2\/posts\/1561\/revisions"}],"wp:featuredmedia":[{"embeddable":true,"href":"https:\/\/www.imovirtual.com\/noticias\/wp-json\/wp\/v2\/media\/1563"}],"wp:attachment":[{"href":"https:\/\/www.imovirtual.com\/noticias\/wp-json\/wp\/v2\/media?parent=1561"}],"wp:term":[{"taxonomy":"category","embeddable":true,"href":"https:\/\/www.imovirtual.com\/noticias\/wp-json\/wp\/v2\/categories?post=1561"},{"taxonomy":"post_tag","embeddable":true,"href":"https:\/\/www.imovirtual.com\/noticias\/wp-json\/wp\/v2\/tags?post=1561"}],"curies":[{"name":"wp","href":"https:\/\/api.w.org\/{rel}","templated":true}]}}