{"id":1557,"date":"2020-04-28T00:00:00","date_gmt":"2020-04-28T00:00:00","guid":{"rendered":"https:\/\/www.imovirtual.com\/noticias2\/2020\/04\/28\/faro-olhao-o-concelho-pesqueiro-id104\/"},"modified":"2020-04-28T00:00:00","modified_gmt":"2020-04-28T00:00:00","slug":"faro-olhao-o-concelho-pesqueiro-id104","status":"publish","type":"post","link":"https:\/\/www.imovirtual.com\/noticias\/relatorio-de-precos\/faro-olhao-o-concelho-pesqueiro-id104\/","title":{"rendered":"Faro: Olh\u00e3o, o concelho pesqueiro"},"content":{"rendered":"<p class=\"css-8qfla4\">\n<p class=\"css-m5h6m0 edperro0\">\n<h1><strong>Algarve: viver em Olh\u00e3o, o concelho pesqueiro<\/strong><\/h1>\n<p>Olh\u00e3o sempre foi uma zona privilegiada, principalmente pela exist\u00eancia de \u00e1gua abundante e pela proximidade ao mar. Estes fatores estiveram na base do incremento da pesca costeira e de alto mar que ali estabeleceu muitos pescadores e popula\u00e7\u00e3o ligada \u00e0 atividade. A&nbsp;<strong>pequena vila de pescadores converteu-se mais tarde num grande centro econ\u00f3mico, social e urbano que foi elevada a cidade&nbsp;<\/strong>logo em 1985.<\/p>\n<p>O concelho de Olh\u00e3o est\u00e1 no Sotavento e Algarve Central, ocupando uma \u00e1rea de 130 quil\u00f3metros quadrados.&nbsp;<strong>Nos seus limites, tem Tavira, Faro e, claro, o oceano Atl\u00e2ntico.<\/strong>&nbsp;O concelho tem cinco freguesias: Olh\u00e3o, Fuseta, Moncarapacho, Pech\u00e3o e Quelfes. De acordo com informa\u00e7\u00e3o cedida pela C\u00e2mara Municipal de Olh\u00e3o, este \u00e9 um dos cinco concelhos mais populosos do Algarve, onde residem 10% dos habitantes da regi\u00e3o.<\/p>\n<p>Em termos estat\u00edsticos \u2013 informa\u00e7\u00e3o recolhida pelos Censos de 2011 \u2013, Olh\u00e3o tem aproximadamente 45 mil habitantes. Quelfes foi a freguesia que maior cresceu entre 1991 e 2011, seja em n\u00famero de residentes como em n\u00famero de alojamentos.<\/p>\n<p>&nbsp;<\/p>\n<h2><strong>O que tenho mesmo de conhecer?<\/strong><\/h2>\n<p>Se visitar Olh\u00e3o \u00e9 essencial tirar um tempo para passear pela cidade e assim conhecer os pontos de refer\u00eancia, como \u00e9 o caso da&nbsp;<strong>Igreja de Nossa Senhora do Ros\u00e1rio<\/strong>, na Pra\u00e7a da Restaura\u00e7\u00e3o, ponto de encontro \u2013 reza a hist\u00f3ria \u2013 dos portugueses que se insurgiram contra a ocupa\u00e7\u00e3o francesa; do&nbsp;<strong>Museu da Cidade<\/strong>, que alberga uma cole\u00e7\u00e3o de achados arqueol\u00f3gicos da regi\u00e3o (da presen\u00e7a isl\u00e2mica ao crescimento industrial de Olh\u00e3o); do&nbsp;<strong>Mercado de Olh\u00e3o<\/strong>, na Frente Ribeirinha, cujos tijolos vermelhos nos impedem de passar pelo edif\u00edcio sem dar conta dele. Ali h\u00e1 peixe fresco e, em Agosto, os jardins recebem o Festival do Marisco \u2013 quer maior motiva\u00e7\u00e3o?; entre outros.<\/p>\n<p><strong>Praias<\/strong><\/p>\n<ul>\n<li><strong>Praia da Ilha da Armona:&nbsp;<\/strong>a areia \u00e9 transparente, fina e branca. Esta \u00e9 uma das escolhas certeiras para quem tiver filhos pequenos, uma vez que o n\u00edvel da \u00e1gua do mar \u00e9 baixo. A ilha \u00e9 acess\u00edvel por barco a partir da cidade.<\/li>\n<li><strong>Praia da Ilha da Culatra:&nbsp;<\/strong>O areal \u00e9 extenso e, por isso, se \u00e9 adepto de fazer desporto na praia, nesta tem toda a liberdade sem incomodar outros banhistas.<\/li>\n<\/ul>\n<p>Os residentes ajudaram o Imovirtual a classificar Olh\u00e3o e estas foram as avalia\u00e7\u00f5es finais:<\/p>\n<p>Para conhecer melhor outras regi\u00f5es do litoral sul de Portugal, continue a acompanhar esta s\u00e9rie de artigos:&nbsp;<a href=\"https:\/\/www.imovirtual.com\/noticias\/guia-de-freguesia\/\" target=\"_blank\" rel=\"noopener\">Guia de Freguesias<\/a>.<\/p>\n<p><a href=\"https:\/\/www.imovirtual.com\/\" target=\"_blank\" rel=\"noopener\">lmovirtual<\/a>, Todos os momentos, uma morada.<\/p>\n<\/p>\n<p class=\" block-img\"><img decoding=\"async\" src=\"https:\/\/www.imovirtual.com\/noticias\/wp-content\/uploads\/2022\/11\/3c23b667-0a08-4ca1-abcb-74566be5c538_Copia-de-Banners-Autores-2.png\" alt=\"Alexandre Lu\u00eds Autor Imovirtual\"><\/p>\n<h5><em>Tamb\u00e9m conhecido como &#8216;O Consultor&#8217;. Pode encontr\u00e1-lo a consultar o \u00faltimo estudo de mercado. N\u00e3o tem talento para vender, mas sabe tudo sobre Imobili\u00e1rio. Fala sobre quest\u00f5es relacionadas com o tema no Blog do Imovirtual.<\/em><\/h5>\n<\/p>\n<h4><strong>Leia tamb\u00e9m<\/strong><\/h4>\n<ul>\n<li>Os erros mais frequentes dos&nbsp;<a href=\"https:\/\/www.imovirtual.com\/noticias\/imobiliario\/os-erros-mais-frequentes-dos-novos-compradores\" target=\"_blank\" rel=\"noopener\"><strong>compradores de primeira habita\u00e7\u00e3o<\/strong><\/a><\/li>\n<li>O processo de&nbsp;<a href=\"https:\/\/www.imovirtual.com\/noticias\/imobiliario\/oito-etapas-comprar-casas\" target=\"_blank\" rel=\"noopener\"><strong>compra de um im\u00f3vel<\/strong><\/a>&nbsp;em 8 etapas<\/li>\n<li>Como escolher a&nbsp;<a href=\"https:\/\/www.imovirtual.com\/noticias\/imobiliario\/dicas-para-escolher-zona-onde-viver\" target=\"_blank\" rel=\"noopener\"><strong>zona certa para viver<\/strong><\/a><\/li>\n<\/ul>\n<\/p>\n<div class=\"css-h5fkc8\"><strong>Ultima actualiza\u00e7\u00e3o:<\/strong> 26 outubro 2021<\/div>\n","protected":false},"excerpt":{"rendered":"<p>Algarve: viver em Olh\u00e3o, o concelho pesqueiro Olh\u00e3o sempre foi uma zona privilegiada, principalmente pela exist\u00eancia de \u00e1gua abundante e pela proximidade ao mar. Estes fatores estiveram na base do incremento da pesca costeira e de alto mar que ali estabeleceu muitos pescadores e popula\u00e7\u00e3o ligada \u00e0 atividade. A&nbsp;pequena vila de pescadores converteu-se mais tarde &hellip;<\/p>\n","protected":false},"author":3,"featured_media":1559,"comment_status":"closed","ping_status":"open","sticky":false,"template":"","format":"standard","meta":{"footnotes":""},"categories":[2],"tags":[],"class_list":["post-1557","post","type-post","status-publish","format-standard","has-post-thumbnail","hentry","category-relatorio-de-precos"],"_links":{"self":[{"href":"https:\/\/www.imovirtual.com\/noticias\/wp-json\/wp\/v2\/posts\/1557","targetHints":{"allow":["GET"]}}],"collection":[{"href":"https:\/\/www.imovirtual.com\/noticias\/wp-json\/wp\/v2\/posts"}],"about":[{"href":"https:\/\/www.imovirtual.com\/noticias\/wp-json\/wp\/v2\/types\/post"}],"author":[{"embeddable":true,"href":"https:\/\/www.imovirtual.com\/noticias\/wp-json\/wp\/v2\/users\/3"}],"replies":[{"embeddable":true,"href":"https:\/\/www.imovirtual.com\/noticias\/wp-json\/wp\/v2\/comments?post=1557"}],"version-history":[{"count":0,"href":"https:\/\/www.imovirtual.com\/noticias\/wp-json\/wp\/v2\/posts\/1557\/revisions"}],"wp:featuredmedia":[{"embeddable":true,"href":"https:\/\/www.imovirtual.com\/noticias\/wp-json\/wp\/v2\/media\/1559"}],"wp:attachment":[{"href":"https:\/\/www.imovirtual.com\/noticias\/wp-json\/wp\/v2\/media?parent=1557"}],"wp:term":[{"taxonomy":"category","embeddable":true,"href":"https:\/\/www.imovirtual.com\/noticias\/wp-json\/wp\/v2\/categories?post=1557"},{"taxonomy":"post_tag","embeddable":true,"href":"https:\/\/www.imovirtual.com\/noticias\/wp-json\/wp\/v2\/tags?post=1557"}],"curies":[{"name":"wp","href":"https:\/\/api.w.org\/{rel}","templated":true}]}}