{"id":1545,"date":"2021-11-10T00:00:00","date_gmt":"2021-11-10T00:00:00","guid":{"rendered":"https:\/\/www.imovirtual.com\/noticias2\/2021\/11\/10\/imosintese-noticias-0911\/"},"modified":"2021-11-10T00:00:00","modified_gmt":"2021-11-10T00:00:00","slug":"imosintese-noticias-0911","status":"publish","type":"post","link":"https:\/\/www.imovirtual.com\/noticias\/novidades\/imosintese-noticias-0911\/","title":{"rendered":"IMOS\u00cdNTESE &#8211; NOT\u00cdCIAS 09\/11"},"content":{"rendered":"<p class=\"css-8qfla4\">\n<p class=\"css-m5h6m0 edperro0\">\n<h2><strong>Em parceria com o Di\u00e1rio Imobili\u00e1rio, o Imovirtual apresenta diariamente um resumo notici\u00e1rio dos acontecimentos mais relevantes do dia. Fique a par das \u00faltimas novidades do Mercado Imobili\u00e1rio:<\/strong><\/h2>\n<\/p>\n<h1><strong>Programa dos Vistos Gold poder\u00e1 ter um fim a breve trecho<\/strong><\/h1>\n<p>Muito se tem falado sobre os Vistos Gold e o seu impacto no turismo e no investimento imobili\u00e1rio estrangeiro em Portugal, sobretudo num momento em que o seu fim se aproxima. Ou, pelo menos, o fim do regime como at\u00e9 ent\u00e3o o conhecemos.<\/p>\n<h3><strong>Saiba mais <a href=\"https:\/\/www.diarioimobiliario.pt\/Opiniao\/Programa-dos-Vistos-Gold-podera-ter-um-fim-a-breve-trecho\" target=\"_blank\" rel=\"noopener\">aqui<\/a><\/strong><\/h3>\n<\/p>\n<h1><strong>Mercado imobili\u00e1rio continuar\u00e1 a atrair forte interesse por parte dos investidores<\/strong><\/h1>\n<p>A Savills prev\u00ea que, at\u00e9 ao final de 2021 e ao longo de 2022, o mercado imobili\u00e1rio continuar\u00e1 a ser capaz de atrair forte interesse por parte dos investidores.&nbsp;<\/p>\n<h3><strong>Saiba mais <a href=\"https:\/\/www.diarioimobiliario.pt\/Actualidade\/Internacional\/Mercado-imobiliario-continuara-a-atrair-forte-interesse-por-parte-dos-investidores\" target=\"_blank\" rel=\"noopener\">aqui<\/a><\/strong><\/h3>\n<\/p>\n<h1><strong>Construir habita\u00e7\u00e3o nova \u00e9 7,1% mais caro do que no ano passado<\/strong><\/h1>\n<p>Em Setembro, estima-se que os custos de constru\u00e7\u00e3o de habita\u00e7\u00e3o nova tenham aumentado 7,1% em termos hom\u00f3logos, mais 0,4 pontos percentuais (p.p.) que o observado no m\u00eas anterior, avan\u00e7a hoje o INE.<\/p>\n<h3><strong>Saiba mais <a href=\"https:\/\/www.diarioimobiliario.pt\/Actualidade\/Construir-habitacao-nova-e-7-1-mais-caro-do-que-no-ano-passado\" target=\"_blank\" rel=\"noopener\">aqui<\/a><\/strong><\/h3>\n<\/p>\n<h1><strong>Santos Dumont 46: Novo projecto residencial junto \u00e0 \u2018nova\u2019 Pra\u00e7a de Espanha em Lisboa<\/strong><\/h1>\n<p>Promovido pela Mundicenter (Grupo Alves Ribeiro) e com projecto de arquitectura do atelier ARX Portugal, (dos irm\u00e3os Nuno e Jos\u00e9 Mateus), o projecto residencial Santos Domunt, 46 tem tudo para dar certo. Goza de uma excelente localiza\u00e7\u00e3o, num lugar recatado entre a Funda\u00e7\u00e3o Gulbenkian e a renovada Pra\u00e7a de Espanha em Lisboa, e oferece 40 apartamentos de \u00e1reas amplas, jardim e piscina.<\/p>\n<h3><strong>Saiba mais <a href=\"https:\/\/www.diarioimobiliario.pt\/Habitacao\/Santos-Dumont-46-Novo-projecto-residencial-junto-a-nova-Praca-de-Espanha-em-Lisboa\" target=\"_blank\" rel=\"noopener\">aqui<\/a><\/strong><\/h3>\n<\/p>\n<h1><strong>Nestl\u00e9 inaugura o seu novo \u201cCampus\u201d em Linda-A-Velha<\/strong><\/h1>\n<p>Nestl\u00e9 Portugal inaugura hoje a sua remodelada sede em Linda-a-Velha, no Concelho de Oeiras. O designado Campus Nestl\u00e9, que alberga hoje a sede da Nestl\u00e9 Portugal, foi desenvolvido sob o conceito &#8220;All Together&#8221; e \u00e9 potenciador de formas de trabalhar colaborativas, \u00e1geis, flex\u00edveis e digitais. Pensado em 2018 e iniciado em 2020, o projecto de remodela\u00e7\u00e3o foi totalmente desenvolvido para ser sustent\u00e1vel, quer durante a sua constru\u00e7\u00e3o, quer agora na sua utiliza\u00e7\u00e3o.<\/p>\n<h3><strong>Saiba mais <a href=\"https:\/\/www.diarioimobiliario.pt\/Actualidade\/Escritorios\/Nestle-inaugura-o-seu-novo-Campus-em-Linda-A-Velha\" target=\"_blank\" rel=\"noopener\">aqui<\/a><\/strong><\/h3>\n<\/p>\n<h3><strong>Leia as anteriores Imos\u00edntese:<\/strong><\/h3>\n<p>\ud83d\udc49<a href=\"https:\/\/www.imovirtual.com\/noticias\/noticias\/imosintese-noticias-0811\" target=\"_blank\" rel=\"noopener\"><strong>IMOS\u00cdNTESE &#8211; NOT\u00cdCIAS 08\/11<\/strong><\/a><\/p>\n<p>\ud83d\udc49<a href=\"https:\/\/www.imovirtual.com\/noticias\/noticias\/imosintese-noticias-0511\" target=\"_blank\" rel=\"noopener\"><strong>IMOS\u00cdNTESE &#8211; NOT\u00cdCIAS 05\/11<\/strong><\/a><\/p>\n<p>\ud83d\udc49<a href=\"https:\/\/www.imovirtual.com\/noticias\/noticias\/imosintese-noticias-0411\" target=\"_blank\" rel=\"noopener\"><strong>IMOS\u00cdNTESE &#8211; NOT\u00cdCIAS 04\/11<\/strong><\/a><\/p>\n<\/p>\n<div class=\"css-h5fkc8\"><strong>Ultima actualiza\u00e7\u00e3o:<\/strong> 10 novembro 2021<\/div>\n","protected":false},"excerpt":{"rendered":"<p>Em parceria com o Di\u00e1rio Imobili\u00e1rio, o Imovirtual apresenta diariamente um resumo notici\u00e1rio dos acontecimentos mais relevantes do dia. Fique a par das \u00faltimas novidades do Mercado Imobili\u00e1rio: Programa dos Vistos Gold poder\u00e1 ter um fim a breve trecho Muito se tem falado sobre os Vistos Gold e o seu impacto no turismo e no &hellip;<\/p>\n","protected":false},"author":3,"featured_media":100,"comment_status":"closed","ping_status":"open","sticky":false,"template":"","format":"standard","meta":{"footnotes":""},"categories":[4],"tags":[],"class_list":["post-1545","post","type-post","status-publish","format-standard","has-post-thumbnail","hentry","category-novidades"],"_links":{"self":[{"href":"https:\/\/www.imovirtual.com\/noticias\/wp-json\/wp\/v2\/posts\/1545","targetHints":{"allow":["GET"]}}],"collection":[{"href":"https:\/\/www.imovirtual.com\/noticias\/wp-json\/wp\/v2\/posts"}],"about":[{"href":"https:\/\/www.imovirtual.com\/noticias\/wp-json\/wp\/v2\/types\/post"}],"author":[{"embeddable":true,"href":"https:\/\/www.imovirtual.com\/noticias\/wp-json\/wp\/v2\/users\/3"}],"replies":[{"embeddable":true,"href":"https:\/\/www.imovirtual.com\/noticias\/wp-json\/wp\/v2\/comments?post=1545"}],"version-history":[{"count":0,"href":"https:\/\/www.imovirtual.com\/noticias\/wp-json\/wp\/v2\/posts\/1545\/revisions"}],"wp:featuredmedia":[{"embeddable":true,"href":"https:\/\/www.imovirtual.com\/noticias\/wp-json\/wp\/v2\/media\/100"}],"wp:attachment":[{"href":"https:\/\/www.imovirtual.com\/noticias\/wp-json\/wp\/v2\/media?parent=1545"}],"wp:term":[{"taxonomy":"category","embeddable":true,"href":"https:\/\/www.imovirtual.com\/noticias\/wp-json\/wp\/v2\/categories?post=1545"},{"taxonomy":"post_tag","embeddable":true,"href":"https:\/\/www.imovirtual.com\/noticias\/wp-json\/wp\/v2\/tags?post=1545"}],"curies":[{"name":"wp","href":"https:\/\/api.w.org\/{rel}","templated":true}]}}