{"id":1518,"date":"2021-11-08T00:00:00","date_gmt":"2021-11-08T00:00:00","guid":{"rendered":"https:\/\/www.imovirtual.com\/noticias2\/2021\/11\/08\/imosintese-noticias-0811\/"},"modified":"2021-11-08T00:00:00","modified_gmt":"2021-11-08T00:00:00","slug":"imosintese-noticias-0811","status":"publish","type":"post","link":"https:\/\/www.imovirtual.com\/noticias\/novidades\/imosintese-noticias-0811\/","title":{"rendered":"IMOS\u00cdNTESE &#8211; NOT\u00cdCIAS 08\/11"},"content":{"rendered":"<p class=\"css-8qfla4\">\n<p class=\"css-m5h6m0 edperro0\">\n<h2><strong>Em parceria com o Di\u00e1rio Imobili\u00e1rio, o Imovirtual apresenta diariamente um resumo notici\u00e1rio dos acontecimentos mais relevantes do dia. Fique a par das \u00faltimas novidades do Mercado Imobili\u00e1rio:<\/strong><\/h2>\n<\/p>\n<h1><strong>Investimento estrangeiro em habita\u00e7\u00e3o na ARU de Lisboa \u00e9 o mais baixo dos \u00faltimos tr\u00eas anos<\/strong><\/h1>\n<p>No 1\u00ba&nbsp;semestre de 2021, os estrangeiros investiram&nbsp;324,7 milh\u00f5es de euros na compra de 625 im\u00f3veis residenciais na \u00c1rea de Reabilita\u00e7\u00e3o&nbsp;Urbana&nbsp;(ARU) de Lisboa.<\/p>\n<h3><strong>Saiba mais <a href=\"http:\/\/www.diarioimobiliario.pt\/Actualidade\/Investimento-estrangeiro-em-habitacao-na-ARU-de-Lisboa-e-o-mais-baixo-dos-ultimos-tres-anos\" target=\"_blank\" rel=\"noopener\">aqui<\/a><\/strong><\/h3>\n<\/p>\n<h1><strong>Athena Advisers h\u00e1 10 anos em Portugal<\/strong><\/h1>\n<p>Criada h\u00e1 19 anos, a Athena Advisers define-se a si pr\u00f3pria como \u201cuma rede internacional de vendas e assessoria em investimentos imobili\u00e1rios especializada em empreendimentos resultantes de novas constru\u00e7\u00f5es ou reabilita\u00e7\u00e3o de edif\u00edcios\u201d. Em Portugal chegou em 2012 ap\u00f3s um sucesso not\u00f3rio obtido no mercado residencial dos Alpes franceses.<\/p>\n<h3><strong>Saiba mais <a href=\"http:\/\/www.diarioimobiliario.pt\/Entrevistas\/Athena-Advisers-ha-10-anos-em-Portugal\" target=\"_blank\" rel=\"noopener\">aqui<\/a><\/strong><\/h3>\n<\/p>\n<h1><strong>O jogo da lula<\/strong><\/h1>\n<p><strong>[Artigo de Opini\u00e3o &#8211; Francisco Mota Ferreira] &#8211; <\/strong>Nos primeiros minutos da pol\u00e9mica s\u00e9rie sul-coreana Squid Game h\u00e1 uma cena que diz muito sobre o comportamento humano: um homem, aparentemente bem-sucedido, desafia outro que, descobrimos depois, est\u00e1 enterrado em d\u00edvidas, para um jogo.<\/p>\n<h3><strong>Saiba mais <a href=\"http:\/\/www.diarioimobiliario.pt\/Opiniao\/O-jogo-da-lula\" target=\"_blank\" rel=\"noopener\">aqui<\/a><\/strong><\/h3>\n<\/p>\n<h1><strong>Atelier Meireles Arquitectos reconhecido no Architecture MasterPrize 2021<\/strong><\/h1>\n<p>O projecto Infante foi distinguido com uma Men\u00e7\u00e3o Honrosa no concurso Architecture MasterPrize 2021, na categoria Arquitectura \u2013 Renova\u00e7\u00e3o.<\/p>\n<h3><strong>Saiba mais <a href=\"http:\/\/www.diarioimobiliario.pt\/Arquitectura\/Atelier-Meireles-Arquitectos-reconhecido-no-Architecture-MasterPrize-2021\" target=\"_blank\" rel=\"noopener\">aqui<\/a><\/strong><\/h3>\n<\/p>\n<h1><strong>S\u00e3o Vicente Alfama by TRIUS Hotels \u00e9 o novo hotel de Lisboa<\/strong><\/h1>\n<p>O S\u00e3o Vicente Alfama Hotel \u00e9 a mais recente unidade de assinatura da capital portuguesa.&nbsp;Ainda em fase de soft opening, este 4 estrelas superior \u00e9 uma homenagem \u00e0 hist\u00f3ria do edif\u00edcio m\u00e3e, o Antigo Instituto de Artes e Of\u00edcios, mas tamb\u00e9m ao padroeiro da cidade de Lisboa, S\u00e3o Vicente.<\/p>\n<h3><strong>Saiba mais <a href=\"http:\/\/www.diarioimobiliario.pt\/Turismo\/Sao-Vicente-Alfama-by-TRIUS-Hotels-e-o-novo-hotel-de-Lisboa\" target=\"_blank\" rel=\"noopener\">aqui<\/a><\/strong><\/h3>\n<\/p>\n<h3><strong>Leia as anteriores Imos\u00edntese:<\/strong><\/h3>\n<p>\ud83d\udc49<a href=\"https:\/\/www.imovirtual.com\/noticias\/noticias\/imosintese-noticias-0511\" target=\"_blank\" rel=\"noopener\"><strong>IMOS\u00cdNTESE &#8211; NOT\u00cdCIAS 05\/11<\/strong><\/a><\/p>\n<p>\ud83d\udc49<a href=\"https:\/\/www.imovirtual.com\/noticias\/noticias\/imosintese-noticias-0411\" target=\"_blank\" rel=\"noopener\"><strong>IMOS\u00cdNTESE &#8211; NOT\u00cdCIAS 04\/11<\/strong><\/a><\/p>\n<p>\ud83d\udc49<a href=\"https:\/\/www.imovirtual.com\/noticias\/noticias\/imosintese-noticias-0311\" target=\"_blank\" rel=\"noopener\"><strong>IMOS\u00cdNTESE &#8211; NOT\u00cdCIAS 03\/11<\/strong><\/a><\/p>\n<\/p>\n<div class=\"css-h5fkc8\"><strong>Ultima actualiza\u00e7\u00e3o:<\/strong> 08 novembro 2021<\/div>\n","protected":false},"excerpt":{"rendered":"<p>Em parceria com o Di\u00e1rio Imobili\u00e1rio, o Imovirtual apresenta diariamente um resumo notici\u00e1rio dos acontecimentos mais relevantes do dia. Fique a par das \u00faltimas novidades do Mercado Imobili\u00e1rio: Investimento estrangeiro em habita\u00e7\u00e3o na ARU de Lisboa \u00e9 o mais baixo dos \u00faltimos tr\u00eas anos No 1\u00ba&nbsp;semestre de 2021, os estrangeiros investiram&nbsp;324,7 milh\u00f5es de euros na &hellip;<\/p>\n","protected":false},"author":3,"featured_media":100,"comment_status":"closed","ping_status":"open","sticky":false,"template":"","format":"standard","meta":{"footnotes":""},"categories":[4],"tags":[],"class_list":["post-1518","post","type-post","status-publish","format-standard","has-post-thumbnail","hentry","category-novidades"],"_links":{"self":[{"href":"https:\/\/www.imovirtual.com\/noticias\/wp-json\/wp\/v2\/posts\/1518","targetHints":{"allow":["GET"]}}],"collection":[{"href":"https:\/\/www.imovirtual.com\/noticias\/wp-json\/wp\/v2\/posts"}],"about":[{"href":"https:\/\/www.imovirtual.com\/noticias\/wp-json\/wp\/v2\/types\/post"}],"author":[{"embeddable":true,"href":"https:\/\/www.imovirtual.com\/noticias\/wp-json\/wp\/v2\/users\/3"}],"replies":[{"embeddable":true,"href":"https:\/\/www.imovirtual.com\/noticias\/wp-json\/wp\/v2\/comments?post=1518"}],"version-history":[{"count":0,"href":"https:\/\/www.imovirtual.com\/noticias\/wp-json\/wp\/v2\/posts\/1518\/revisions"}],"wp:featuredmedia":[{"embeddable":true,"href":"https:\/\/www.imovirtual.com\/noticias\/wp-json\/wp\/v2\/media\/100"}],"wp:attachment":[{"href":"https:\/\/www.imovirtual.com\/noticias\/wp-json\/wp\/v2\/media?parent=1518"}],"wp:term":[{"taxonomy":"category","embeddable":true,"href":"https:\/\/www.imovirtual.com\/noticias\/wp-json\/wp\/v2\/categories?post=1518"},{"taxonomy":"post_tag","embeddable":true,"href":"https:\/\/www.imovirtual.com\/noticias\/wp-json\/wp\/v2\/tags?post=1518"}],"curies":[{"name":"wp","href":"https:\/\/api.w.org\/{rel}","templated":true}]}}