{"id":1504,"date":"2021-11-02T00:00:00","date_gmt":"2021-11-02T00:00:00","guid":{"rendered":"https:\/\/www.imovirtual.com\/noticias2\/2021\/11\/02\/imosintese-noticias-0211\/"},"modified":"2021-11-02T00:00:00","modified_gmt":"2021-11-02T00:00:00","slug":"imosintese-noticias-0211","status":"publish","type":"post","link":"https:\/\/www.imovirtual.com\/noticias\/novidades\/imosintese-noticias-0211\/","title":{"rendered":"IMOS\u00cdNTESE &#8211; NOT\u00cdCIAS 02\/11"},"content":{"rendered":"<p class=\"css-8qfla4\">\n<p class=\"css-m5h6m0 edperro0\">\n<h2><strong>Em parceria com o Di\u00e1rio Imobili\u00e1rio, o Imovirtual apresenta diariamente um resumo notici\u00e1rio dos acontecimentos mais relevantes do dia. Fique a par das \u00faltimas novidades do Mercado Imobili\u00e1rio:<\/strong><\/h2>\n<\/p>\n<h1><strong>\u201cNew Life Residences\u201d: 7 moradias \u00e0s portas de Famalic\u00e3o<\/strong><\/h1>\n<p>O novo empreendimento New Life Residences, na freguesia de Brufe, concelho de Vila Nova de Famalic\u00e3o, s\u00e3o perfeitas para quem procura uma casa no sossego da aldeia, mas com o centro de cidade a menos de cinco minutos de dist\u00e2ncia.<\/p>\n<h3><strong>Saiba mais <a href=\"https:\/\/www.diarioimobiliario.pt\/Habitacao\/New-Life-Residences-7-moradias-as-portas-de-Famalicao\" target=\"_blank\" rel=\"noopener\">aqui<\/a><\/strong><\/h3>\n<\/p>\n<h1><strong>Portugal Tech II: Governo, FEI e BPF investem novamente em venture capital com ADN portugu\u00eas<\/strong><\/h1>\n<p>O Ministro de Estado, da Economia e da Transi\u00e7\u00e3o Digital, Pedro Siza Vieira, e o Vice-Presidente do BEI, Ricardo Mourinho F\u00e9lix, lan\u00e7aram o programa Portugal Tech II na Web Summit.&nbsp;O novo programa pretende mobilizar 250 milh\u00f5es de euros&nbsp;de investimentos em projectos de transfer\u00eancia de tecnologia e&nbsp;<em>start-ups<\/em>&nbsp;portuguesas.<\/p>\n<h3><strong>Saiba mais <a href=\"https:\/\/www.diarioimobiliario.pt\/Actualidade\/Portugal-Tech-II-Governo-FEI-e-BPF-investem-novamente-em-venture-capital-com-ADN-portugues\" target=\"_blank\" rel=\"noopener\">aqui<\/a><\/strong><\/h3>\n<\/p>\n<h1><strong>Airbnb lan\u00e7a tecnologia de dete\u00e7\u00e3o de reservas de alto risco em Portugal<\/strong><\/h1>\n<p>A Airbnb lan\u00e7ou em Portugal a sua Tecnologia de Reservas de Alto Risco para ajudar a combater festas e outros dist\u00farbios para a vizinhan\u00e7a, como parte de um novo compromisso de recupera\u00e7\u00e3o do turismo saud\u00e1vel para Portugal, uma s\u00e9rie de medidas para apoiar a recupera\u00e7\u00e3o das viagens e fomentar um turismo mais sustent\u00e1vel.&nbsp;<\/p>\n<h3><strong>Saiba mais <a href=\"https:\/\/www.diarioimobiliario.pt\/Turismo\/Airbnb-lanca-tecnologia-de-detecao-de-reservas-de-alto-risco-em-Portugal\" target=\"_blank\" rel=\"noopener\">aqui<\/a><\/strong><\/h3>\n<\/p>\n<h1><strong>Logicor assina novo contrato de arrendamento a longo prazo com a Leroy Merlin em Palmela<\/strong><\/h1>\n<p>A CBRE&nbsp;assessorou a Logicor, propriet\u00e1ria e administradora de im\u00f3veis log\u00edsticos na Europa, num novo contrato de arrendamento a longo prazo com a Leroy Merlin, para novo centro de log\u00edstica da retalhista francesa de materiais de constru\u00e7\u00e3o em Palmela.<\/p>\n<h3><strong>Saiba mais <a href=\"https:\/\/www.diarioimobiliario.pt\/Actualidade\/Logicor-assina-novo-contrato-de-arrendamento-a-longo-prazo-com-a-Leroy-Merlin-em-Palmela\" target=\"_blank\" rel=\"noopener\">aqui<\/a><\/strong><\/h3>\n<\/p>\n<h1><strong>ALDI abriu terceira loja em Lisboa<\/strong><\/h1>\n<p>Com a abertura de uma nova loja em Campo de Ourique, a Aldi Portugal chega \u00e0s 99 lojas em territ\u00f3rio nacional e refor\u00e7a a sua presen\u00e7a no centro de Lisboa.<\/p>\n<h3><strong>Saiba mais <a href=\"https:\/\/www.diarioimobiliario.pt\/Actualidade\/ALDI-abriu-terceira-loja-em-Lisboa\" target=\"_blank\" rel=\"noopener\">aqui<\/a><\/strong><\/h3>\n<\/p>\n<h3><strong>Leia as anteriores Imos\u00edntese:<\/strong><\/h3>\n<p>\ud83d\udc49<a href=\"https:\/\/www.imovirtual.com\/noticias\/noticias\/imosintese-noticias-2910\" target=\"_blank\" rel=\"noopener\"><strong>IMOS\u00cdNTESE &#8211; NOT\u00cdCIAS 29\/10<\/strong><\/a><\/p>\n<p>\ud83d\udc49<a href=\"https:\/\/www.imovirtual.com\/noticias\/noticias\/imosintese-noticias-2810\" target=\"_blank\" rel=\"noopener\"><strong>IMOS\u00cdNTESE &#8211; NOT\u00cdCIAS 28\/10<\/strong><\/a><\/p>\n<p>\ud83d\udc49<a href=\"https:\/\/www.imovirtual.com\/noticias\/noticias\/imosintese-noticias-2710\" target=\"_blank\" rel=\"noopener\"><strong>IMOS\u00cdNTESE &#8211; NOT\u00cdCIAS 27\/10<\/strong><\/a><\/p>\n<\/p>\n<div class=\"css-h5fkc8\"><strong>Ultima actualiza\u00e7\u00e3o:<\/strong> 02 novembro 2021<\/div>\n","protected":false},"excerpt":{"rendered":"<p>Em parceria com o Di\u00e1rio Imobili\u00e1rio, o Imovirtual apresenta diariamente um resumo notici\u00e1rio dos acontecimentos mais relevantes do dia. Fique a par das \u00faltimas novidades do Mercado Imobili\u00e1rio: \u201cNew Life Residences\u201d: 7 moradias \u00e0s portas de Famalic\u00e3o O novo empreendimento New Life Residences, na freguesia de Brufe, concelho de Vila Nova de Famalic\u00e3o, s\u00e3o perfeitas &hellip;<\/p>\n","protected":false},"author":3,"featured_media":100,"comment_status":"closed","ping_status":"open","sticky":false,"template":"","format":"standard","meta":{"footnotes":""},"categories":[4],"tags":[],"class_list":["post-1504","post","type-post","status-publish","format-standard","has-post-thumbnail","hentry","category-novidades"],"_links":{"self":[{"href":"https:\/\/www.imovirtual.com\/noticias\/wp-json\/wp\/v2\/posts\/1504","targetHints":{"allow":["GET"]}}],"collection":[{"href":"https:\/\/www.imovirtual.com\/noticias\/wp-json\/wp\/v2\/posts"}],"about":[{"href":"https:\/\/www.imovirtual.com\/noticias\/wp-json\/wp\/v2\/types\/post"}],"author":[{"embeddable":true,"href":"https:\/\/www.imovirtual.com\/noticias\/wp-json\/wp\/v2\/users\/3"}],"replies":[{"embeddable":true,"href":"https:\/\/www.imovirtual.com\/noticias\/wp-json\/wp\/v2\/comments?post=1504"}],"version-history":[{"count":0,"href":"https:\/\/www.imovirtual.com\/noticias\/wp-json\/wp\/v2\/posts\/1504\/revisions"}],"wp:featuredmedia":[{"embeddable":true,"href":"https:\/\/www.imovirtual.com\/noticias\/wp-json\/wp\/v2\/media\/100"}],"wp:attachment":[{"href":"https:\/\/www.imovirtual.com\/noticias\/wp-json\/wp\/v2\/media?parent=1504"}],"wp:term":[{"taxonomy":"category","embeddable":true,"href":"https:\/\/www.imovirtual.com\/noticias\/wp-json\/wp\/v2\/categories?post=1504"},{"taxonomy":"post_tag","embeddable":true,"href":"https:\/\/www.imovirtual.com\/noticias\/wp-json\/wp\/v2\/tags?post=1504"}],"curies":[{"name":"wp","href":"https:\/\/api.w.org\/{rel}","templated":true}]}}