{"id":1498,"date":"2021-11-04T00:00:00","date_gmt":"2021-11-04T00:00:00","guid":{"rendered":"https:\/\/www.imovirtual.com\/noticias2\/2021\/11\/04\/imosintese-noticias-0411\/"},"modified":"2021-11-04T00:00:00","modified_gmt":"2021-11-04T00:00:00","slug":"imosintese-noticias-0411","status":"publish","type":"post","link":"https:\/\/www.imovirtual.com\/noticias\/novidades\/imosintese-noticias-0411\/","title":{"rendered":"IMOS\u00cdNTESE &#8211; NOT\u00cdCIAS 04\/11"},"content":{"rendered":"<p class=\"css-8qfla4\">\n<p class=\"css-m5h6m0 edperro0\">\n<h2><strong>Em parceria com o Di\u00e1rio Imobili\u00e1rio, o Imovirtual apresenta diariamente um resumo notici\u00e1rio dos acontecimentos mais relevantes do dia. Fique a par das \u00faltimas novidades do Mercado Imobili\u00e1rio:<\/strong><\/h2>\n<\/p>\n<h1><strong>Novo Banco vende antigas instala\u00e7\u00f5es da Lisgr\u00e1fica na maior transac\u00e7\u00e3o deste ano do sector industrial<\/strong><\/h1>\n<p>A unidade industrial, com aproximadamente 48.000 metros quadrados de \u00e1rea bruta de constru\u00e7\u00e3o, est\u00e1 inserido num terreno com 105.000 metros quadrados, localizado na Zona Industrial de Queluz de Baixo, concelho de Oeiras.<\/p>\n<h3><strong>Saiba mais <a href=\"https:\/\/www.diarioimobiliario.pt\/Actualidade\/Novo-Banco-vende-antigas-instalacoes-da-Lisgrafica-na-maior-transaccao-deste-ano-do-sector-industrial\" target=\"_blank\" rel=\"noopener\">aqui<\/a><\/strong><\/h3>\n<\/p>\n<h1><strong>Sal\u00e3o Digital Imovirtual com mais de 500 im\u00f3veis seleccionados<\/strong><\/h1>\n<p>A 2\u00aa edi\u00e7\u00e3o do Sal\u00e3o Digital, feira online organizada pelo Imovirtual, realiza-se de 3 a 16 de Novembro. Nesta iniciativa, \u201cque conta com uma plataforma 100% adaptada \u00e0 consulta por parte dos potenciais compradores, re\u00fanem-se 513 an\u00fancios de im\u00f3veis em destaque, atrav\u00e9s da participa\u00e7\u00e3o de 65 ag\u00eancias imobili\u00e1rias parceiras do Imovirtual\u201d \u2013 refere aquela plataforma.<\/p>\n<h3><strong>Saiba mais <a href=\"https:\/\/www.diarioimobiliario.pt\/Actualidade\/Salao-Digital-Imovirtual-com-mais-de-500-imoveis-seleccionados\" target=\"_blank\" rel=\"noopener\">aqui<\/a><\/strong><\/h3>\n<\/p>\n<h1><strong>Belas Clube de Campo investe 30 milh\u00f5es com novos apartamentos e Townhouses<\/strong><\/h1>\n<p>O Belas Clube de Campo acaba de lan\u00e7ar uma oferta de 35 novos apartamentos e 15 townhouses, num investimento de 30 milh\u00f5es de euros.&nbsp;<\/p>\n<h3><strong>Saiba mais <a href=\"https:\/\/www.diarioimobiliario.pt\/Habitacao\/Belas-Clube-de-Campo-investe-30-milhoes-com-novos-apartamentos-e-Townhouses\" target=\"_blank\" rel=\"noopener\">aqui<\/a><\/strong><\/h3>\n<\/p>\n<h1><strong>Constru\u00e7\u00e3o acompanha evolu\u00e7\u00e3o positiva do PIB nacional<\/strong><\/h1>\n<p>A estimativa r\u00e1pida do Produto Interno Bruto (PIB), relativa ao 3\u00ba trimestre de 2021, aponta para um crescimento de 4,2% em termos hom\u00f3logos e de 2,9% face ao trimestre anterior.<\/p>\n<h3><strong>Saiba mais <a href=\"https:\/\/www.diarioimobiliario.pt\/Actualidade\/Construcao-acompanha-evolucao-positiva-do-PIB-nacional\" target=\"_blank\" rel=\"noopener\">aqui<\/a><\/strong><\/h3>\n<\/p>\n<h1><strong>\u201cData Centres\u201d t\u00eam futuro em Portugal<\/strong><\/h1>\n<p>Portugal det\u00e9m o potencial para se tornar um dos grandes polos de infraestruturas de armazenamento de dados (data centres) da Europa.<\/p>\n<h3><strong>Saiba mais <a href=\"https:\/\/www.diarioimobiliario.pt\/Actualidade\/Data-Centres-tem-futuro-em-Portugal\" target=\"_blank\" rel=\"noopener\">aqui<\/a><\/strong><\/h3>\n<\/p>\n<h3><strong>Leia as anteriores Imos\u00edntese:<\/strong><\/h3>\n<p>\ud83d\udc49<a href=\"https:\/\/www.imovirtual.com\/noticias\/noticias\/imosintese-noticias-0311\" target=\"_blank\" rel=\"noopener\"><strong>IMOS\u00cdNTESE &#8211; NOT\u00cdCIAS 03\/11<\/strong><\/a><\/p>\n<p>\ud83d\udc49<a href=\"https:\/\/www.imovirtual.com\/noticias\/noticias\/imosintese-noticias-0211\" target=\"_blank\" rel=\"noopener\"><strong>IMOS\u00cdNTESE &#8211; NOT\u00cdCIAS 02\/11<\/strong><\/a><\/p>\n<p>\ud83d\udc49<a href=\"https:\/\/www.imovirtual.com\/noticias\/noticias\/imosintese-noticias-2910\" target=\"_blank\" rel=\"noopener\"><strong>IMOS\u00cdNTESE &#8211; NOT\u00cdCIAS 29\/10<\/strong><\/a><\/p>\n<\/p>\n<div class=\"css-h5fkc8\"><strong>Ultima actualiza\u00e7\u00e3o:<\/strong> 04 novembro 2021<\/div>\n","protected":false},"excerpt":{"rendered":"<p>Em parceria com o Di\u00e1rio Imobili\u00e1rio, o Imovirtual apresenta diariamente um resumo notici\u00e1rio dos acontecimentos mais relevantes do dia. Fique a par das \u00faltimas novidades do Mercado Imobili\u00e1rio: Novo Banco vende antigas instala\u00e7\u00f5es da Lisgr\u00e1fica na maior transac\u00e7\u00e3o deste ano do sector industrial A unidade industrial, com aproximadamente 48.000 metros quadrados de \u00e1rea bruta de &hellip;<\/p>\n","protected":false},"author":3,"featured_media":100,"comment_status":"closed","ping_status":"open","sticky":false,"template":"","format":"standard","meta":{"footnotes":""},"categories":[4],"tags":[],"class_list":["post-1498","post","type-post","status-publish","format-standard","has-post-thumbnail","hentry","category-novidades"],"_links":{"self":[{"href":"https:\/\/www.imovirtual.com\/noticias\/wp-json\/wp\/v2\/posts\/1498","targetHints":{"allow":["GET"]}}],"collection":[{"href":"https:\/\/www.imovirtual.com\/noticias\/wp-json\/wp\/v2\/posts"}],"about":[{"href":"https:\/\/www.imovirtual.com\/noticias\/wp-json\/wp\/v2\/types\/post"}],"author":[{"embeddable":true,"href":"https:\/\/www.imovirtual.com\/noticias\/wp-json\/wp\/v2\/users\/3"}],"replies":[{"embeddable":true,"href":"https:\/\/www.imovirtual.com\/noticias\/wp-json\/wp\/v2\/comments?post=1498"}],"version-history":[{"count":0,"href":"https:\/\/www.imovirtual.com\/noticias\/wp-json\/wp\/v2\/posts\/1498\/revisions"}],"wp:featuredmedia":[{"embeddable":true,"href":"https:\/\/www.imovirtual.com\/noticias\/wp-json\/wp\/v2\/media\/100"}],"wp:attachment":[{"href":"https:\/\/www.imovirtual.com\/noticias\/wp-json\/wp\/v2\/media?parent=1498"}],"wp:term":[{"taxonomy":"category","embeddable":true,"href":"https:\/\/www.imovirtual.com\/noticias\/wp-json\/wp\/v2\/categories?post=1498"},{"taxonomy":"post_tag","embeddable":true,"href":"https:\/\/www.imovirtual.com\/noticias\/wp-json\/wp\/v2\/tags?post=1498"}],"curies":[{"name":"wp","href":"https:\/\/api.w.org\/{rel}","templated":true}]}}