{"id":1496,"date":"2021-04-03T00:00:00","date_gmt":"2021-04-03T00:00:00","guid":{"rendered":"https:\/\/www.imovirtual.com\/noticias2\/2021\/04\/03\/dicas-para-o-almoco-de-pascoa\/"},"modified":"2021-04-03T00:00:00","modified_gmt":"2021-04-03T00:00:00","slug":"dicas-para-o-almoco-de-pascoa","status":"publish","type":"post","link":"https:\/\/www.imovirtual.com\/noticias\/lifestyle\/dicas-para-o-almoco-de-pascoa\/","title":{"rendered":"5 sugest\u00f5es para um almo\u00e7o de P\u00e1scoa de encher o olho"},"content":{"rendered":"<p class=\"css-8qfla4\">\n<p class=\"css-m5h6m0 edperro0\">\n<h1><strong>Sugest\u00f5es para um almo\u00e7o de P\u00e1scoa de encher o olho<\/strong><\/h1>\n<p>\u00c9 certo que a tradi\u00e7\u00e3o j\u00e1 n\u00e3o \u00e9 o que era e este ano voltamos a estar confinados durante o per\u00edodo de P\u00e1scoa, o que significa que muitos dos lugares da mesa do almo\u00e7o v\u00e3o estar vazios. Ainda assim, \u00e9 importante n\u00e3o perder o esp\u00edrito festivo. Para entrar na onda deste feriado, nada melhor que planear a decora\u00e7\u00e3o da mesa de almo\u00e7o e o card\u00e1pio. N\u00e3o importa se as fam\u00edlias s\u00e3o grandes ou pequenas, com ou sem crian\u00e7as: toda a gente aprecia um <a href=\"https:\/\/www.imovirtual.com\/noticias\/decoracao\/pascoa-dicas-para-decorar-a-casa-em-familia\" target=\"_blank\" rel=\"noopener\">ambiente bem decorado<\/a>, um almo\u00e7o de P\u00e1scoa delicioso e um dia bem planeado e bem organizado. <\/p>\n<\/p>\n<h2><strong>Defina um tema para o almo\u00e7o<\/strong><\/h2>\n<p class=\" block-img\"><img decoding=\"async\" src=\"https:\/\/www.imovirtual.com\/noticias\/wp-content\/uploads\/2022\/11\/6962b878-8d5c-4733-a67d-056a49384503_c095c1eb-6992-4270-b386-be36b0f292b3_iStock-912738926.jpg\" alt=\"mesa de p\u00e1scoa em tons verdes decorada com ovos\"><\/p>\n<p>Entre coelhos, ovos, am\u00eandoas, chocolates, flores e afins, s\u00e3o muitos os elementos que remetem para a \u00e9poca da P\u00e1scoa e para a esta\u00e7\u00e3o em que est\u00e1 inserida, a Primavera. Uns s\u00e3o mais f\u00e1ceis de encontrar que outros, por isso na hora de definir um tema para a mesa, escolha os protagonistas que sejam mais f\u00e1ceis de incorporar na decora\u00e7\u00e3o, como por exemplo os ovos e os coelhos. Aproveite e defina a paleta de cores da mesa, para manter uma linha, sem esquecer que esta \u00e9 uma \u00e9poca alegre e divertida, por isso recorra a cores alegres e past\u00e9is, como o rosa, amarelo, verde e azul. <\/p>\n<\/p>\n<h2><strong>Marque o lugar de cada convidado<\/strong><\/h2>\n<p class=\" block-img\"><img decoding=\"async\" src=\"https:\/\/www.imovirtual.com\/noticias\/wp-content\/uploads\/2022\/11\/b90ceec1-c00b-4c61-a7d3-3f96ebe6ba3d_e2c49a2c-2ed8-4be4-8073-f8638087f147_iStock-481506837.jpg\" alt=\"mesa de p\u00e1scoa decorada com lugares marcados\"><\/p>\n<p>A forma mais f\u00e1cil para marcar os lugares dos convidados \u00e9 atrav\u00e9s de pequenos cart\u00f5es com o nome que podem incluir motivos alusivos \u00e0 data. Todavia, existem outras maneiras de incorporar este elemento na decora\u00e7\u00e3o da mesa de P\u00e1scoa e de o tornar esteticamente apelativos. Um exemplo s\u00e3o os an\u00e9is de guardanapo, que podem ter cores e formatos diferentes para determinar o lugar de cada pessoa.<\/p>\n<\/p>\n<h2><strong>Invista num centro de mesa apelativo<\/strong><\/h2>\n<p class=\" block-img\"><img decoding=\"async\" src=\"https:\/\/www.imovirtual.com\/noticias\/wp-content\/uploads\/2022\/11\/01ee72b6-96e4-472e-9e8d-bf3735b2f998_fcd69702-6ef9-43a0-9650-b31a7138ec0f_iStock-1307552348.jpg\" alt=\"mulher a elaborar um centro de mesa de p\u00e1scoa\"><\/p>\n<p>Diz-se que no meio \u00e9 que est\u00e1 a virtude, por isso \u00e9 exatamente nesse local que deve figurar um centro de mesa chamativo e que incorpore todos os elementos do tema do almo\u00e7o. Pode tamb\u00e9m utilizar um arranjo de flores para trazer um pouco da <a href=\"https:\/\/www.imovirtual.com\/noticias\/decoracao\/traga-a-natureza-para-dentro-da-sua-casa-id243.html\" target=\"_blank\" rel=\"noopener\">natureza para dentro de casa<\/a> ou optar por elaborar o seu pr\u00f3prio centro de mesa.  <\/p>\n<\/p>\n<h2><strong>Utilize aquele servi\u00e7o guardado no fundo do arm\u00e1rio<\/strong><\/h2>\n<p class=\" block-img\"><img decoding=\"async\" src=\"https:\/\/www.imovirtual.com\/noticias\/wp-content\/uploads\/2022\/11\/3fb7d2e0-7927-44a0-9376-3277d103dd6f_81cafa2b-42ba-4e2a-8372-fbde171796a2_iStock-652924204.jpg\" alt=\"foto de prato e talheres para mesa de p\u00e1scoa\"><\/p>\n<p>Esta \u00e9 a oportunidade ideal para utilizar os servi\u00e7os de pratos e faqueiros que est\u00e3o guardados no fundo do arm\u00e1rio e que raramente fazem apari\u00e7\u00f5es nas mesas de almo\u00e7o. Um servi\u00e7o de linhas simples branco ou mesmo um alusivo \u00e0 ocasi\u00e3o s\u00e3o \u00f3timas op\u00e7\u00f5es para usar durante o almo\u00e7o. <\/p>\n<\/p>\n<h2><strong>Inspire-se nas tradi\u00e7\u00f5es para preparar o card\u00e1pio<\/strong><\/h2>\n<p class=\" block-img\"><img decoding=\"async\" src=\"https:\/\/www.imovirtual.com\/noticias\/wp-content\/uploads\/2022\/11\/7f9c3b8b-6338-4f69-8e91-08c34cbda71b_8a6af69e-bd28-40f1-aebb-9e3a1dbbc91d_iStock-940709308.jpg\" alt=\"folar de p\u00e1scoa\"><\/p>\n<p>Claro que o menu do almo\u00e7o desempenha um importante papel no dia de P\u00e1scoa. Em Portugal, a tradi\u00e7\u00e3o dita que o prato principal seja o <a href=\"https:\/\/apetitoso.pt\/receita\/carnes\/2548-cabrito-assado\" target=\"_blank\" rel=\"noopener\">cabrito<\/a> ou o <a href=\"https:\/\/apetitoso.pt\/receita\/carnes\/2550-borrego-assado-no-forno\" target=\"_blank\" rel=\"noopener\">borrego<\/a>, mas nem toda a gente aprecia estas receitas, por isso h\u00e1 quem se fique pelo bacalhau \u00e0 gomes de s\u00e1 ou pelo frango no forno para este dia. Na zona da Beira Litoral, come-se chanfana e leit\u00e3o para assinar o fim da quaresma. <\/p>\n<p>Outra das iguarias t\u00edpicas desta festividade \u00e9 o folar. De norte a sul do pa\u00eds existem v\u00e1rias varia\u00e7\u00f5es, desde o doce ao salgado. Uma das mais conhecidas \u00e9 o folar transmontano, que como o pr\u00f3prio nome indica \u00e9 oriundo da regi\u00e3o de Tr\u00e1s-os-Montes. Trata-se de uma receita salgada que usa carnes como vitela, frango, coelho, porco, presunto e rodelas de salpic\u00e3o para dar sabor \u00e0 massa. J\u00e1 no Algarve, o folar \u00e9 doce e \u00e9 conhecido como folar de olh\u00e3o ou de&nbsp;folhas. Na base da receita est\u00e1 a canela, o a\u00e7\u00facar amarelo,&nbsp;o lim\u00e3o e a manteiga. <\/p>\n<p>No departamento dos doces, os eleitos s\u00e3o o p\u00e3o-de-l\u00f3, as broinhas, o bolo de Margaride e os borrachos.<\/p>\n<\/p>\n<p class=\" block-img\"><img decoding=\"async\" src=\"https:\/\/www.imovirtual.com\/noticias\/wp-content\/uploads\/2022\/11\/bd5974cf-f0b2-4813-a690-c8359669947e_Copia-de-Banners-Autores.png\" alt=\"Ana Catarina Autor Imovirtual\"><\/p>\n<h5><em>Ana Catarina \u00e9 a mi\u00fada das tend\u00eancias. Gosta de ficar em casa a perder-se pelas p\u00e1ginas de um livro, mas tamb\u00e9m n\u00e3o dispensa um caf\u00e9 tardio com os amigos. Est\u00e1 sempre \u00e0 procura do \u00faltimo grito em Lifestyle para revelar no Blog do Imovirtual.<\/em><\/h5>\n<\/p>\n<h2><strong>Veja tamb\u00e9m <\/strong><\/h2>\n<ul>\n<li>Descubra o seu <a href=\"https:\/\/www.imovirtual.com\/noticias\/decoracao\/pascoa-dicas-para-decorar-a-casa-em-familia\" target=\"_blank\" rel=\"noopener\"><strong>estilo de decora\u00e7\u00e3o de interiores<\/strong><\/a><\/li>\n<li>Use a t\u00e9cnica de <a href=\"https:\/\/www.imovirtual.com\/noticias\/decoracao\/use-tecnica-feng-shui-harmonizar-casa\" target=\"_blank\" rel=\"noopener\"><strong>Feng Shui<\/strong><\/a> para harmonizar a sua casa<\/li>\n<li>Consiga uma decora\u00e7\u00e3o <a href=\"https:\/\/www.imovirtual.com\/noticias\/decoracao\/cuide-do-meio-ambiente-e-ao-mesmo-tempo-crie-um-espaco\" target=\"_blank\" rel=\"noopener\"><strong>Eco-Friendly<\/strong><\/a> em 4 passos<\/li>\n<\/ul>\n<\/p>\n<div class=\"css-h5fkc8\"><strong>Ultima actualiza\u00e7\u00e3o:<\/strong> 02 novembro 2021<\/div>\n","protected":false},"excerpt":{"rendered":"<p>Sugest\u00f5es para um almo\u00e7o de P\u00e1scoa de encher o olho \u00c9 certo que a tradi\u00e7\u00e3o j\u00e1 n\u00e3o \u00e9 o que era e este ano voltamos a estar confinados durante o per\u00edodo de P\u00e1scoa, o que significa que muitos dos lugares da mesa do almo\u00e7o v\u00e3o estar vazios. Ainda assim, \u00e9 importante n\u00e3o perder o esp\u00edrito &hellip;<\/p>\n","protected":false},"author":3,"featured_media":1497,"comment_status":"closed","ping_status":"open","sticky":false,"template":"","format":"standard","meta":{"footnotes":""},"categories":[3],"tags":[],"class_list":["post-1496","post","type-post","status-publish","format-standard","has-post-thumbnail","hentry","category-lifestyle"],"_links":{"self":[{"href":"https:\/\/www.imovirtual.com\/noticias\/wp-json\/wp\/v2\/posts\/1496","targetHints":{"allow":["GET"]}}],"collection":[{"href":"https:\/\/www.imovirtual.com\/noticias\/wp-json\/wp\/v2\/posts"}],"about":[{"href":"https:\/\/www.imovirtual.com\/noticias\/wp-json\/wp\/v2\/types\/post"}],"author":[{"embeddable":true,"href":"https:\/\/www.imovirtual.com\/noticias\/wp-json\/wp\/v2\/users\/3"}],"replies":[{"embeddable":true,"href":"https:\/\/www.imovirtual.com\/noticias\/wp-json\/wp\/v2\/comments?post=1496"}],"version-history":[{"count":0,"href":"https:\/\/www.imovirtual.com\/noticias\/wp-json\/wp\/v2\/posts\/1496\/revisions"}],"wp:featuredmedia":[{"embeddable":true,"href":"https:\/\/www.imovirtual.com\/noticias\/wp-json\/wp\/v2\/media\/1497"}],"wp:attachment":[{"href":"https:\/\/www.imovirtual.com\/noticias\/wp-json\/wp\/v2\/media?parent=1496"}],"wp:term":[{"taxonomy":"category","embeddable":true,"href":"https:\/\/www.imovirtual.com\/noticias\/wp-json\/wp\/v2\/categories?post=1496"},{"taxonomy":"post_tag","embeddable":true,"href":"https:\/\/www.imovirtual.com\/noticias\/wp-json\/wp\/v2\/tags?post=1496"}],"curies":[{"name":"wp","href":"https:\/\/api.w.org\/{rel}","templated":true}]}}