{"id":1456,"date":"2021-10-29T00:00:00","date_gmt":"2021-10-29T00:00:00","guid":{"rendered":"https:\/\/www.imovirtual.com\/noticias2\/2021\/10\/29\/imosintese-noticias-2910\/"},"modified":"2021-10-29T00:00:00","modified_gmt":"2021-10-29T00:00:00","slug":"imosintese-noticias-2910","status":"publish","type":"post","link":"https:\/\/www.imovirtual.com\/noticias\/novidades\/imosintese-noticias-2910\/","title":{"rendered":"IMOS\u00cdNTESE &#8211; NOT\u00cdCIAS 29\/10"},"content":{"rendered":"<p class=\"css-8qfla4\">\n<p class=\"css-m5h6m0 edperro0\">\n<h2><strong>Em parceria com o Di\u00e1rio Imobili\u00e1rio, o Imovirtual apresenta diariamente um resumo notici\u00e1rio dos acontecimentos mais relevantes do dia. Fique a par das \u00faltimas novidades do Mercado Imobili\u00e1rio:<\/strong><\/h2>\n<\/p>\n<h1><strong>OE 2022 chumbado e agora? Qual o impacto no imobili\u00e1rio?<\/strong><\/h1>\n<p>Perante uma crise pol\u00edtica que se avizinha e apesar das vozes contra \u00e0s medidas previstas no OE 2022 para o sector, as associa\u00e7\u00f5es da constru\u00e7\u00e3o e imobili\u00e1rio, acreditam que o bom senso ir\u00e1 prevalecer e que o pa\u00eds n\u00e3o ficar\u00e1 mergulhado em novas incertezas, sobretudo quando ainda se vive uma crise pand\u00e9mica.<\/p>\n<h3><strong>Saiba mais <a href=\"https:\/\/www.diarioimobiliario.pt\/Actualidade\/OE-2022-chumbado-e-agora-Qual-o-impacto-no-imobiliario\" target=\"_blank\" rel=\"noopener\">aqui<\/a><\/strong><\/h3>\n<\/p>\n<h1><strong>Mercado imobili\u00e1rio continua em alta. Sobem as licen\u00e7as e o cr\u00e9dito \u00e0 habita\u00e7\u00e3o<\/strong><\/h1>\n<p>At\u00e9 ao final do m\u00eas de Agosto, foram licenciadas pelas C\u00e2maras Municipais 12.336 obras de constru\u00e7\u00e3o nova e reabilita\u00e7\u00e3o em edif\u00edcios residenciais, o que traduz um aumento de 11,7%, %, face ao observado no mesmo per\u00edodo do ano anterior. O cr\u00e9dito \u00e0 habita\u00e7\u00e3o cresceu&nbsp;37,9%.<\/p>\n<h3><strong>Saiba mais <a href=\"https:\/\/www.diarioimobiliario.pt\/Actualidade\/Mercado-imobiliario-continua-em-alta.-Sobem-as-licencas-e-o-credito-a-habitacao\" target=\"_blank\" rel=\"noopener\">aqui<\/a><\/strong><\/h3>\n<\/p>\n<h1><strong>Antigo armaz\u00e9m de cereais transforma-se na Casa Bonan\u00e7a em Lagos<\/strong><\/h1>\n<p>A Casa Bonan\u00e7a resulta da reabilita\u00e7\u00e3o de um antigo armaz\u00e9m de cereais, cujo generoso p\u00e9-direito permite a frui\u00e7\u00e3o de tr\u00eas pisos francamente abertos, com espa\u00e7os vazados e comunica\u00e7\u00f5es verticais soltas.<\/p>\n<h3><strong>Saiba mais <a href=\"https:\/\/www.diarioimobiliario.pt\/Espacos-de-Autor\/Antigo-armazem-de-cereais-transforma-se-na-Casa-Bonanca-em-Lagos\" target=\"_blank\" rel=\"noopener\">aqui<\/a><\/strong><\/h3>\n<\/p>\n<h1><strong>Mariana Coimbra \u00e9 a nova Directora de Marketing da ERA Portugal<\/strong><\/h1>\n<p>A ERA Portugal tem uma nova diretora do departamento de Marketing com a escolha de Mariana Coimbra para assumir o respectivo cargo na direc\u00e7\u00e3o da imobili\u00e1ria.<\/p>\n<h3><strong>Saiba mais <a href=\"https:\/\/www.diarioimobiliario.pt\/Actualidade\/Mariana-Coimbra-e-a-nova-Directora-de-Marketing-da-ERA-Portugal\" target=\"_blank\" rel=\"noopener\">aqui<\/a><\/strong><\/h3>\n<\/p>\n<h1><strong>Pela primeira vez desde o in\u00edcio da pandemia, as dormidas de n\u00e3o residentes superaram as dos residentes<\/strong><\/h1>\n<p>O sector do alojamento tur\u00edstico registou 2,1 milh\u00f5es de h\u00f3spedes e 5,6 milh\u00f5es de dormidas em Setembro, correspondendo a aumentos&nbsp; de 52,3% e 58,4%, respectivamente&nbsp;(+35,5% e +47,9% em Agosto, pela mesma ordem).<\/p>\n<h3><strong>Saiba mais <a href=\"https:\/\/www.diarioimobiliario.pt\/Turismo\/Pela-primeira-vez-desde-o-inicio-da-pandemia-as-dormidas-de-nao-residentes-superaram-as-dos-residentes\" target=\"_blank\" rel=\"noopener\">aqui<\/a><\/strong><\/h3>\n<\/p>\n<h3><strong>Leia as anteriores Imos\u00edntese:<\/strong><\/h3>\n<p>\ud83d\udc49<a href=\"https:\/\/www.imovirtual.com\/noticias\/noticias\/imosintese-noticias-2810\" target=\"_blank\" rel=\"noopener\"><strong>IMOS\u00cdNTESE &#8211; NOT\u00cdCIAS 28\/10<\/strong><\/a><\/p>\n<p>\ud83d\udc49<a href=\"https:\/\/www.imovirtual.com\/noticias\/noticias\/imosintese-noticias-2710\" target=\"_blank\" rel=\"noopener\"><strong>IMOS\u00cdNTESE &#8211; NOT\u00cdCIAS 27\/10<\/strong><\/a><\/p>\n<p>\ud83d\udc49<a href=\"https:\/\/www.imovirtual.com\/noticias\/noticias\/imosintese-noticias-2610\" target=\"_blank\" rel=\"noopener\"><strong>IMOS\u00cdNTESE &#8211; NOT\u00cdCIAS 26\/10<\/strong><\/a><\/p>\n<\/p>\n<div class=\"css-h5fkc8\"><strong>Ultima actualiza\u00e7\u00e3o:<\/strong> 29 outubro 2021<\/div>\n","protected":false},"excerpt":{"rendered":"<p>Em parceria com o Di\u00e1rio Imobili\u00e1rio, o Imovirtual apresenta diariamente um resumo notici\u00e1rio dos acontecimentos mais relevantes do dia. Fique a par das \u00faltimas novidades do Mercado Imobili\u00e1rio: OE 2022 chumbado e agora? Qual o impacto no imobili\u00e1rio? Perante uma crise pol\u00edtica que se avizinha e apesar das vozes contra \u00e0s medidas previstas no OE &hellip;<\/p>\n","protected":false},"author":3,"featured_media":100,"comment_status":"closed","ping_status":"open","sticky":false,"template":"","format":"standard","meta":{"footnotes":""},"categories":[4],"tags":[],"class_list":["post-1456","post","type-post","status-publish","format-standard","has-post-thumbnail","hentry","category-novidades"],"_links":{"self":[{"href":"https:\/\/www.imovirtual.com\/noticias\/wp-json\/wp\/v2\/posts\/1456","targetHints":{"allow":["GET"]}}],"collection":[{"href":"https:\/\/www.imovirtual.com\/noticias\/wp-json\/wp\/v2\/posts"}],"about":[{"href":"https:\/\/www.imovirtual.com\/noticias\/wp-json\/wp\/v2\/types\/post"}],"author":[{"embeddable":true,"href":"https:\/\/www.imovirtual.com\/noticias\/wp-json\/wp\/v2\/users\/3"}],"replies":[{"embeddable":true,"href":"https:\/\/www.imovirtual.com\/noticias\/wp-json\/wp\/v2\/comments?post=1456"}],"version-history":[{"count":0,"href":"https:\/\/www.imovirtual.com\/noticias\/wp-json\/wp\/v2\/posts\/1456\/revisions"}],"wp:featuredmedia":[{"embeddable":true,"href":"https:\/\/www.imovirtual.com\/noticias\/wp-json\/wp\/v2\/media\/100"}],"wp:attachment":[{"href":"https:\/\/www.imovirtual.com\/noticias\/wp-json\/wp\/v2\/media?parent=1456"}],"wp:term":[{"taxonomy":"category","embeddable":true,"href":"https:\/\/www.imovirtual.com\/noticias\/wp-json\/wp\/v2\/categories?post=1456"},{"taxonomy":"post_tag","embeddable":true,"href":"https:\/\/www.imovirtual.com\/noticias\/wp-json\/wp\/v2\/tags?post=1456"}],"curies":[{"name":"wp","href":"https:\/\/api.w.org\/{rel}","templated":true}]}}