{"id":1388,"date":"2022-01-13T00:00:00","date_gmt":"2022-01-13T00:00:00","guid":{"rendered":"https:\/\/www.imovirtual.com\/noticias2\/2022\/01\/13\/onde-viver-braga\/"},"modified":"2024-08-28T10:29:20","modified_gmt":"2024-08-28T10:29:20","slug":"onde-viver-braga","status":"publish","type":"post","link":"https:\/\/www.imovirtual.com\/noticias\/imobiliario\/onde-viver-braga\/","title":{"rendered":"Onde viver em Braga"},"content":{"rendered":"<p class=\"css-8qfla4\">\n<p class=\"css-m5h6m0 edperro0\">\n<h1><strong>Onde viver em Braga<\/strong><\/h1>\n<p>Cidade dos Arcebispos, Roma Portuguesa ou Capital do Barroco s\u00e3o tr\u00eas das express\u00f5es utilizadas para identificar a capital do Minho: Braga. Fundada antes de cristo, pelo povo celta, os Br\u00e1caros, a cidade \u00e9 tamb\u00e9m conhecida pelo nome conhecida como Bracara Augusta. Terra dos jardins floridos e das Igrejas, Braga \u00e9 uma cidade jovem que tem como atra\u00e7\u00f5es principais, o Santu\u00e1rio do Bom Jesus do Monte, o Pal\u00e1cio do Raio, a S\u00e9 de Braga e. Certamente que da pequena lista de ponto tur\u00edsticos que acabou de ler, reparou que a maioria deles est\u00e3o relacionados com religi\u00e3o. N\u00e3o foi de \u00e2nimo leve que referimos que Braga \u00e9 a terra das Igrejas, contando com mais de 15 s\u00f3 dentro da cidade. <\/p>\n<p>No que toca \u00e0 gastronomia, Braga \u00e9 conhecida pelo <strong>Bacalhau \u00e0 Braga<\/strong>, pelas <strong>Papas de Sarrabulho<\/strong> e pelo <strong>Arroz de Pato \u00e0 Moda de&nbsp;Braga<\/strong> e v\u00e1rios s\u00e3o os restaurantes com card\u00e1pios onde pode degustar estas especialidades. E j\u00e1 que estamos a falar de restaura\u00e7\u00e3o, uma vez em Braga n\u00e3o pode deixar de visitar o <strong>Caf\u00e9 A Brasileira<\/strong>, um dos mais emblem\u00e1ticos espa\u00e7os da cidade.<\/p>\n<p>Falando em&nbsp;<strong>com\u00e9rcio<\/strong>, Braga oferece v\u00e1rias lojas tradicionais, que pode facilmente visitar num passeio pelo centro da cidade. Por l\u00e1 tamb\u00e9m encontramos v\u00e1rios centros comerciais, entre os quais o <a href=\"https:\/\/bragaparque.pt\/\" target=\"_blank\" rel=\"noopener\"><strong>Braga Parque<\/strong><\/a>, o <a href=\"https:\/\/www.bragashopping.pt\/\" target=\"_blank\" rel=\"noopener\"><strong>Braga Shopping<\/strong><\/a> e o <a href=\"https:\/\/www.braga-retailcenter.com\/en\/\" target=\"_blank\" rel=\"noopener\"><strong>Braga Retail Center<\/strong><\/a>. O concelho tamb\u00e9m est\u00e1 bem abastecido a n\u00edvel de<strong> supermercados e hipermercados<\/strong>, com destaque para lojas das cadeias Continente, Pingo Doce, Lidl, Mercadona e Aldi. <\/p>\n<p>A cidade tamb\u00e9m est\u00e1 bem servida a n\u00edvel de&nbsp;<strong>servi\u00e7os<\/strong>, como Reparti\u00e7\u00f5es de Finan\u00e7as, Bancos, Postos de Correios, Cart\u00f3rios e Conservat\u00f3rias. No que toca a&nbsp;<strong>transportes<\/strong>, pode deslocar-se para Braga atrav\u00e9s dos <a href=\"https:\/\/www.cp.pt\/passageiros\/pt\/consultar-horarios\/estacoes\/braga\" target=\"_blank\" rel=\"noopener\"><strong>comboios da CP<\/strong><\/a> e os autocarros da <a href=\"https:\/\/rede-expressos.pt\/pt\" target=\"_blank\" rel=\"noopener\"><strong>Rede Expresso<\/strong><\/a>, e dentro da cidade, atrav\u00e9s da rede <strong><a href=\"https:\/\/tub.pt\/\" target=\"_blank\" rel=\"noopener\">Tub<\/a>. <\/strong>A n\u00edvel de&nbsp;<strong>escolas b\u00e1sicas e secund\u00e1rias<\/strong>, o concelho tamb\u00e9m oferece v\u00e1rias op\u00e7\u00f5es, com destaque para o ensino superior, servido pelo Campus de Gualtar da Universidade do Minho. <\/p>\n<p>Segundo os&nbsp;<a href=\"https:\/\/ine.pt\/scripts\/db_censos_2021.html\" target=\"_blank\" rel=\"noopener\">Censos 2021<\/a>, atualmente residem no concelho de Braga 92 122 pessoas, espalhadas pelas suas 37 freguesias &#8211; que de acordo com dados do <strong><a href=\"https:\/\/www.pordata.pt\/\" target=\"_blank\" rel=\"noopener\">Pordata<\/a><\/strong>, fazem de Braga o 5\u00ba concelho do pa\u00eds com maior n\u00famero de freguesias A n\u00edvel de<strong>&nbsp;im\u00f3veis<\/strong>, Braga apresenta um oferta extensa e apelativa. O&nbsp;<a href=\"https:\/\/www.imovirtual.com\/\" target=\"_blank\" rel=\"noopener\">Imovirtual&nbsp;<\/a>disponibiliza \u00e0 data deste artigo, 5310 casas para venda e 572 para arrendamento. Se est\u00e1 a ponderar viver neste concelho, apresentamos-lhe agora<strong>&nbsp;algumas oportunidades de neg\u00f3cio em 4 zonas do concelho&nbsp;<\/strong>que n\u00e3o pode perder de vista.<\/p>\n<\/p>\n<h2><strong>Braga (Maximinos, S\u00e9 e Cividade)<\/strong><\/h2>\n<\/p>\n<h3><strong>COMPRAR<\/strong><\/h3>\n<\/p>\n<h4><strong>Apartamento T4<\/strong><\/h4>\n<p>Com cozinha e sala em open space com acesso a varanda<\/p>\n<p class=\" block-img\"><img decoding=\"async\" src=\"https:\/\/www.imovirtual.com\/noticias\/wp-content\/uploads\/2022\/11\/621933ea-709a-40ed-80d4-0b108a5f6f38_Comprar-Braga.png\" alt=\"apartamento t4 para comprar em braga\"><\/p>\n<h3><strong>ARRENDAR<\/strong><\/h3>\n<\/p>\n<h4><strong>Apartmento T3<\/strong><\/h4>\n<p>Com pain\u00e9is Solares para aquecimento de \u00e1guas;<\/p>\n<p class=\" block-img\"><img decoding=\"async\" src=\"https:\/\/www.imovirtual.com\/noticias\/wp-content\/uploads\/2022\/11\/b5d46727-fb65-412e-af07-7c95a9261dd4_Arrendar-Braga.png\" alt=\"apartamento t3 para arrendar em braga\"><\/p>\n<h4>Encontre as <a href=\"https:\/\/www.imovirtual.com\/comprar\/braga-maximinos-se-e-cividade-braga\/?search%5Bcity_id%5D=3148864\" target=\"_blank\" rel=\"noopener\"><strong>casas \u00e0 venda em Braga (Maximinos, S\u00e9 e Cividade)<\/strong><\/a><\/h4>\n<h4>Encontre&nbsp;as <a href=\"https:\/\/www.imovirtual.com\/arrendar\/braga-maximinos-se-e-cividade-braga\/?search%5Bcity_id%5D=3148864\" target=\"_blank\" rel=\"noopener\"><strong>casas para arrendar em Braga (Maximinos, S\u00e9 e Cividade)<\/strong><\/a><\/h4>\n<\/p>\n<h2><strong>Gualtar<\/strong><\/h2>\n<\/p>\n<h3><strong>COMPRAR<\/strong><\/h3>\n<\/p>\n<h4><strong>Moradia T4<\/strong><\/h4>\n<p>Moradia geminada com 2 Suites<\/p>\n<p class=\" block-img\"><img decoding=\"async\" src=\"https:\/\/www.imovirtual.com\/noticias\/wp-content\/uploads\/2022\/11\/8bedffed-2202-49bc-ab95-53b1e82e6097_Comprar-Gualtar.png\" alt=\"moradia t4 \u00e0 venda em gualtar braga\"><\/p>\n<h3><strong>ARRENDAR<\/strong><\/h3>\n<\/p>\n<h4><strong>Apartamento T3<\/strong><\/h4>\n<p>Com varanda e garagem<\/p>\n<p class=\" block-img\"><img decoding=\"async\" src=\"https:\/\/www.imovirtual.com\/noticias\/wp-content\/uploads\/2022\/11\/2efdd1d1-48f9-49ed-810c-c5c5e42129a7_Arrendar-Gualtar.png\" alt=\"apartamento t3 para arrendar em gualtar braga\"><\/p>\n<h4>Encontre as <strong><a href=\"https:\/\/www.imovirtual.com\/comprar\/gualtar-braga\/?search%5Bcity_id%5D=3148819\" target=\"_blank\" rel=\"noopener\">casas \u00e0 venda em Gualtar<\/a>, Braga<\/strong><\/h4>\n<h4>Encontre&nbsp;as <strong><a href=\"https:\/\/www.imovirtual.com\/arrendar\/gualtar-braga\/?search%5Bcity_id%5D=3148819\" target=\"_blank\" rel=\"noopener\">casas para arrendar em Gualtar<\/a>, Braga<\/strong><\/h4>\n<h4><strong><br \/><\/strong><\/h4>\n<h2><strong>Merelim (S\u00e3o Pedro) e Frossos<\/strong><\/h2>\n<\/p>\n<h3><strong>COMPRAR<\/strong><\/h3>\n<\/p>\n<h4><strong>Moradia T3<\/strong><\/h4>\n<p>Com jardim ao n\u00edvel da sala e cozinha<\/p>\n<p class=\" block-img\"><img decoding=\"async\" src=\"https:\/\/www.imovirtual.com\/noticias\/wp-content\/uploads\/2022\/11\/8c03c3cc-2cb3-4f8e-8291-05d02d794796_Comprar-Marelim.png\" alt=\"moradia para comprar em braga\"><\/p>\n<\/p>\n<h3><strong>ARRENDAR<\/strong><\/h3>\n<\/p>\n<h4><strong>Apartamento T4<\/strong><\/h4>\n<p>Com cozinha equipada, 2 suites e sala com recuperador de calor<\/p>\n<p class=\" block-img\"><img decoding=\"async\" src=\"https:\/\/www.imovirtual.com\/noticias\/wp-content\/uploads\/2022\/11\/6a1e704a-5e40-4657-8ece-76fd4810c4a8_Arrendar-Merelim.png\" alt=\"apartamento para arrendar em braga\"><\/p>\n<h4>Encontre as&nbsp;<strong><a href=\"https:\/\/www.imovirtual.com\/comprar\/merelim-sao-pedro-e-frossos-braga\/?search%5Bcity_id%5D=3148875\" target=\"_blank\" rel=\"noopener\">casas \u00e0 venda em Merelim (S\u00e3o Pedro) e Frossos<\/a>, Braga<\/strong><\/h4>\n<h4>Encontre&nbsp;as <strong><a href=\"https:\/\/www.imovirtual.com\/arrendar\/merelim-sao-pedro-e-frossos-braga\/?search%5Bcity_id%5D=3148875\" target=\"_blank\" rel=\"noopener\">casas para arrendar em Merelim (S\u00e3o Pedro) e Frossos<\/a>, Braga<\/strong><\/h4>\n<\/p>\n<h2><strong>Nogueira, Frai\u00e3o e Lama\u00e7\u00e3es<\/strong><\/h2>\n<\/p>\n<h3><strong>COMPRAR<\/strong><\/h3>\n<\/p>\n<h4><strong>Apartamento T3<\/strong><\/h4>\n<p>Com aspira\u00e7\u00e3o central, banheira de hidromassagem e lareira<\/p>\n<p class=\" block-img\"><img decoding=\"async\" src=\"https:\/\/www.imovirtual.com\/noticias\/wp-content\/uploads\/2022\/11\/eee6f690-55d8-4776-b8c9-567abb66f3a9_Comprar-Nogueira.png\" alt=\"apartamento para comprar em braga\"><\/p>\n<\/p>\n<h3><strong>ARRENDAR<\/strong><\/h3>\n<\/p>\n<h4><strong>Moradia T3<\/strong><\/h4>\n<p>Com lavandaria, terra\u00e7o e churrasqueira<\/p>\n<p class=\" block-img\"><img decoding=\"async\" src=\"https:\/\/www.imovirtual.com\/noticias\/wp-content\/uploads\/2022\/11\/f65b9060-37d7-4481-a4c2-1c21ee0b6fa8_Arrendar-Nogueira.png\" alt=\"moradia para arrendar braga\"><\/p>\n<h4>Encontre as&nbsp;<strong><a href=\"https:\/\/www.imovirtual.com\/comprar\/nogueira-fraiao-e-lamacaes-braga\/?search%5Bcity_id%5D=3148877\" target=\"_blank\" rel=\"noopener\">casas \u00e0 venda em Nogueira, Frai\u00e3o e Lama\u00e7\u00e3es<\/a>, Braga<\/strong><\/h4>\n<h4>Encontre as&nbsp;<strong><a href=\"https:\/\/www.imovirtual.com\/arrendar\/nogueira-fraiao-e-lamacaes-braga\/?search%5Bcity_id%5D=3148877\" target=\"_blank\" rel=\"noopener\">casas para arrendar em Nogueira, Frai\u00e3o e Lama\u00e7\u00e3es<\/a>, Braga<\/strong><\/h4>\n<\/p>\n<p class=\" block-img\"><img decoding=\"async\" src=\"https:\/\/www.imovirtual.com\/noticias\/wp-content\/uploads\/2022\/11\/3c23b667-0a08-4ca1-abcb-74566be5c538_Copia-de-Banners-Autores-2.png\" alt=\"Alexandre Lu\u00eds Autor Imovirtual\"><\/p>\n<h5><em>Tamb\u00e9m conhecido como &#8216;O Consultor&#8217;. Pode encontr\u00e1-lo a consultar o \u00faltimo estudo de mercado. N\u00e3o tem talento para vender, mas sabe tudo sobre Imobili\u00e1rio. Fala sobre quest\u00f5es relacionadas com o tema no Blog do Imovirtual.<\/em><\/h5>\n<\/p>\n<h4><strong>Leia tamb\u00e9m<\/strong><\/h4>\n<ul>\n<li>5&nbsp;<a href=\"https:\/\/www.imovirtual.com\/noticias\/imobiliario\/tipo-clientes-consultor-imobiliario\" target=\"_blank\" rel=\"noopener\"><strong>tipos de clientes<\/strong><\/a>&nbsp;que procuram casa<\/li>\n<li>Como escolher a&nbsp;<a href=\"https:\/\/www.imovirtual.com\/noticias\/imobiliario\/dicas-para-escolher-zona-onde-viver\" target=\"_blank\" rel=\"noopener\"><strong>zona certa para viver<\/strong><\/a><\/li>\n<li>Tudo sobre os <a href=\"https:\/\/www.imovirtual.com\/noticias\/imobiliario\/direitos-compradores-imoveis\" target=\"_blank\" rel=\"noopener\"><strong>direitos dos compradores<\/strong><\/a> de im\u00f3veis<\/li>\n<\/ul>\n<\/p>\n<div class=\"css-h5fkc8\"><strong>Ultima actualiza\u00e7\u00e3o:<\/strong> 13 janeiro 2022<\/div>\n","protected":false},"excerpt":{"rendered":"<p>Onde viver em Braga Cidade dos Arcebispos, Roma Portuguesa ou Capital do Barroco s\u00e3o tr\u00eas das express\u00f5es utilizadas para identificar a capital do Minho: Braga. Fundada antes de cristo, pelo povo celta, os Br\u00e1caros, a cidade \u00e9 tamb\u00e9m conhecida pelo nome conhecida como Bracara Augusta. Terra dos jardins floridos e das Igrejas, Braga \u00e9 uma &hellip;<\/p>\n","protected":false},"author":3,"featured_media":1389,"comment_status":"closed","ping_status":"open","sticky":false,"template":"","format":"standard","meta":{"footnotes":""},"categories":[37,5],"tags":[],"class_list":["post-1388","post","type-post","status-publish","format-standard","has-post-thumbnail","hentry","category-financas-e-imobiliario","category-imobiliario"],"_links":{"self":[{"href":"https:\/\/www.imovirtual.com\/noticias\/wp-json\/wp\/v2\/posts\/1388","targetHints":{"allow":["GET"]}}],"collection":[{"href":"https:\/\/www.imovirtual.com\/noticias\/wp-json\/wp\/v2\/posts"}],"about":[{"href":"https:\/\/www.imovirtual.com\/noticias\/wp-json\/wp\/v2\/types\/post"}],"author":[{"embeddable":true,"href":"https:\/\/www.imovirtual.com\/noticias\/wp-json\/wp\/v2\/users\/3"}],"replies":[{"embeddable":true,"href":"https:\/\/www.imovirtual.com\/noticias\/wp-json\/wp\/v2\/comments?post=1388"}],"version-history":[{"count":0,"href":"https:\/\/www.imovirtual.com\/noticias\/wp-json\/wp\/v2\/posts\/1388\/revisions"}],"wp:featuredmedia":[{"embeddable":true,"href":"https:\/\/www.imovirtual.com\/noticias\/wp-json\/wp\/v2\/media\/1389"}],"wp:attachment":[{"href":"https:\/\/www.imovirtual.com\/noticias\/wp-json\/wp\/v2\/media?parent=1388"}],"wp:term":[{"taxonomy":"category","embeddable":true,"href":"https:\/\/www.imovirtual.com\/noticias\/wp-json\/wp\/v2\/categories?post=1388"},{"taxonomy":"post_tag","embeddable":true,"href":"https:\/\/www.imovirtual.com\/noticias\/wp-json\/wp\/v2\/tags?post=1388"}],"curies":[{"name":"wp","href":"https:\/\/api.w.org\/{rel}","templated":true}]}}