{"id":1368,"date":"2020-11-09T00:00:00","date_gmt":"2020-11-09T00:00:00","guid":{"rendered":"https:\/\/www.imovirtual.com\/noticias2\/2020\/11\/09\/obras-antigo-arrancam-setembro-2021\/"},"modified":"2024-08-28T10:30:17","modified_gmt":"2024-08-28T10:30:17","slug":"obras-antigo-arrancam-setembro-2021","status":"publish","type":"post","link":"https:\/\/www.imovirtual.com\/noticias\/imobiliario\/obras-antigo-arrancam-setembro-2021\/","title":{"rendered":"Porto: Obra do Antigo Matadouro arranca em setembro de 2021"},"content":{"rendered":"<p class=\"css-8qfla4\">\n<p class=\"css-m5h6m0 edperro0\">\n<h1><strong>Porto: Obra do Antigo Matadouro arranca em setembro de 2021<\/strong><\/h1>\n<p>Reativar e reinventar o espa\u00e7o do Antigo Matadouro Industrial do Porto como \u201cuma fonte econ\u00f3mica e de desenvolvimento para a zona Oriental da cidade\u201d \u00e9 a proposta do projeto vencedor do concurso para a reabilita\u00e7\u00e3o daquele edif\u00edcio hist\u00f3rico&nbsp;do&nbsp;Porto. O in\u00edcio das obras deste projeto entregue \u00e0 construtora portuguesa Mota-Engil foi finalmente desbloqueado pelo Tribunal de Contas, ap\u00f3s meses de avalia\u00e7\u00e3o. Conseguido o visto, o presidente da C\u00e2mara do Porto espera agora que a obra avance pois ela \u00e9 \u201ctalvez\u201d, nas palavras de Rui Moreira, \u201ca mais importante da d\u00e9cada para a cidade\u201d.&nbsp;<\/p>\n<p>&nbsp;<\/p>\n<h2><strong>\u201cReativar, reinventar\u201d<\/strong><\/h2>\n<p>O projeto vencedor foi de um cons\u00f3rcio liderado pela empresa construtora Mota-Engil, com o ateli\u00ea do arquiteto japon\u00eas Kengo&nbsp;Kuma&nbsp;e o ateli\u00ea portugu\u00eas OODA. O projeto visa \u201creativar, reinventar, este espa\u00e7o\u201d, aproveitando a reformula\u00e7\u00e3o do espa\u00e7o envolvente. Ir\u00e1 introduzir um edif\u00edcio-ponte por cima da VCI, que permita uma liga\u00e7\u00e3o ao metro mas que d\u00ea tamb\u00e9m visibilidade ao espa\u00e7o industrial do Antigo Matadouro do Porto, que fica numa cota inferior.&nbsp;<\/p>\n<p>&nbsp;<\/p>\n<h2><strong>Liga\u00e7\u00e3o ao metro<\/strong><\/h2>\n<p>A liga\u00e7\u00e3o mais r\u00e1pida e simples ao metro ir\u00e1 permitir uma oportunidade de acesso n\u00e3o apenas a que vai ao Matadouro, e \u00e0s val\u00eancias que vir\u00e3o a ser l\u00e1 instaladas, como tamb\u00e9m quem habita nas imedia\u00e7\u00f5es. Atualmente, aquela zona da cidade \u00e9 apenas servida de autocarros e est\u00e1 dividida pela VCI. Com a ponte h\u00e1 uma vertente de uniformiza\u00e7\u00e3o e de inser\u00e7\u00e3o na malha urbana.&nbsp;<\/p>\n<p>Segundo explica o projeto vencedor da obra de reabilita\u00e7\u00e3o do Antigo Matadouro Industrial do Porto, o acesso ser\u00e1 feito a nascente pelo tal edif\u00edcio-ponte &#8212; que serve ao mesmo tempo de jardim e de miradouro para todo o projeto e a cidade \u2013 e a sul por duas pra\u00e7as que abrem para a Rua S\u00e3o Roque da Lameira, criando uma zona de intera\u00e7\u00e3o com a comunidade local e transeuntes.&nbsp;&nbsp;<\/p>\n<p>De acordo com&nbsp;o projeto vencedor, a passagem a\u00e9rea \u00e9 o ex-libris, \u201cenquanto jardim e miradouro\u201d e \u201co remate mais vis\u00edvel de uma abordagem que cria uma nova identidade marcante, uma imagem \u00fanica e&nbsp;irrepet\u00edvel,&nbsp;mas que promove uma narrativa de unidade entre a mem\u00f3ria do que existia com a ambi\u00e7\u00e3o do que o futuro ir\u00e1 oferecer\u201d.&nbsp;<\/p>\n<p>&nbsp;<\/p>\n<h2><strong>Zona Oriental renovada<\/strong><\/h2>\n<p>Este novo espa\u00e7o conciliador da cidade numa \u00e1rea que pode ser considerada atualmente de \u201cvazio urbano\u201d poder\u00e1 trazer uma nova din\u00e2mica. Desde h\u00e1 d\u00e9cadas que a zona Oriental da cidade carece de \u00e2ncoras que fa\u00e7am os moradores verem o seu espa\u00e7o p\u00fablico recuperado e os investidores uma zona que venha a ganhar vida. \u201cEste \u00e9 o momento do investimento p\u00fablico\u201d, sublinhou o presidente da autarquia, quando soube do visto do Tribunal de Contas.&nbsp;<\/p>\n<p>O concurso para a &#8220;Reconvers\u00e3o e Explora\u00e7\u00e3o do Antigo Matadouro Industrial do Porto&#8221; tinha como objetivo transformar o edif\u00edcio, abandonado h\u00e1 cerca de 20 anos, num equipamento \u00e2ncora baseado no conv\u00edvio social, com espa\u00e7os empresariais e de cultura, mantendo a mem\u00f3ria da arquitetura da edifica\u00e7\u00e3o de 1910. Est\u00e1 previsto para&nbsp;o espa\u00e7o a instala\u00e7\u00e3o de empresas, galerias de arte, museus, audit\u00f3rios e espa\u00e7os para acolher projetos de coes\u00e3o social.&nbsp;<\/p>\n<p>A Mota-Engil fica obrigada a cumprir o programa delineado pela autarquia, nos pr\u00f3ximos 30 anos pelo valor de 40 milh\u00f5es de euros, atrav\u00e9s da empresa municipal&nbsp;Go&nbsp;Porto. A c\u00e2mara ocupar\u00e1 uma parte do antigo Matadouro para a realiza\u00e7\u00e3o de projetos de dinamiza\u00e7\u00e3o cultural, de envolvimento da comunidade e afetos \u00e0 coes\u00e3o social. No final dos 30 anos, o equipamento regressa \u00e0 esfera municipal.&nbsp;<\/p>\n<p>O grande conjunto do Antigo Matadouro Industrial do Porto \u00e9 composto por pavilh\u00f5es que ocupam uma \u00e1rea de 29000 m2. O edif\u00edcio principal, composto por v\u00e1rias naves agrupadas perpendicularmente a um corpo central, \u00e9 um espa\u00e7o de grande monumentalidade e tem uma espacialidade basilical, possibilitada pelo uso do bet\u00e3o armado.&nbsp;<\/p>\n<\/p>\n<p class=\" block-img\"><img decoding=\"async\" src=\"https:\/\/www.imovirtual.com\/noticias\/wp-content\/uploads\/2022\/11\/3c23b667-0a08-4ca1-abcb-74566be5c538_Copia-de-Banners-Autores-2.png\" alt=\"Alexandre Lu\u00eds Autor Imovirtual\"><\/p>\n<h5><em>Tamb\u00e9m conhecido como &#8216;O Consultor&#8217;. Pode encontr\u00e1-lo a consultar o \u00faltimo estudo de mercado. N\u00e3o tem talento para vender, mas sabe tudo sobre Imobili\u00e1rio. Fala sobre quest\u00f5es relacionadas com o tema no Blog do Imovirtual.<\/em><\/h5>\n<\/p>\n<h3><strong>Veja tamb\u00e9m:<\/strong><\/h3>\n<ul>\n<li><a href=\"https:\/\/www.imovirtual.com\/noticias\/decoracao\/feng-shui-regras-colocar-espelhos\"><strong>FengShui<\/strong><\/a>: regras para colocar os seus espelhos<\/li>\n<li>Saiba quais os erros correntes do <a href=\"https:\/\/www.imovirtual.com\/noticias\/financas\/erros-correntes-credito-consolidado\"><strong>Cr\u00e9dito consolidado<\/strong><\/a><\/li>\n<li><a href=\"https:\/\/www.imovirtual.com\/noticias\/imobiliario\/credito-habitacao-saiba-seguro-vida-obrigatorio\"><strong>Cr\u00e9dito habita\u00e7\u00e3o<\/strong><\/a>: saiba se o seguro de vida \u00e9 obrigat\u00f3rio<\/li>\n<\/ul>\n<\/p>\n<div class=\"css-h5fkc8\"><strong>Ultima actualiza\u00e7\u00e3o:<\/strong> 25 novembro 2021<\/div>\n","protected":false},"excerpt":{"rendered":"<p>Porto: Obra do Antigo Matadouro arranca em setembro de 2021 Reativar e reinventar o espa\u00e7o do Antigo Matadouro Industrial do Porto como \u201cuma fonte econ\u00f3mica e de desenvolvimento para a zona Oriental da cidade\u201d \u00e9 a proposta do projeto vencedor do concurso para a reabilita\u00e7\u00e3o daquele edif\u00edcio hist\u00f3rico&nbsp;do&nbsp;Porto. O in\u00edcio das obras deste projeto entregue &hellip;<\/p>\n","protected":false},"author":3,"featured_media":1369,"comment_status":"closed","ping_status":"open","sticky":false,"template":"","format":"standard","meta":{"footnotes":""},"categories":[37,5],"tags":[],"class_list":["post-1368","post","type-post","status-publish","format-standard","has-post-thumbnail","hentry","category-financas-e-imobiliario","category-imobiliario"],"_links":{"self":[{"href":"https:\/\/www.imovirtual.com\/noticias\/wp-json\/wp\/v2\/posts\/1368","targetHints":{"allow":["GET"]}}],"collection":[{"href":"https:\/\/www.imovirtual.com\/noticias\/wp-json\/wp\/v2\/posts"}],"about":[{"href":"https:\/\/www.imovirtual.com\/noticias\/wp-json\/wp\/v2\/types\/post"}],"author":[{"embeddable":true,"href":"https:\/\/www.imovirtual.com\/noticias\/wp-json\/wp\/v2\/users\/3"}],"replies":[{"embeddable":true,"href":"https:\/\/www.imovirtual.com\/noticias\/wp-json\/wp\/v2\/comments?post=1368"}],"version-history":[{"count":0,"href":"https:\/\/www.imovirtual.com\/noticias\/wp-json\/wp\/v2\/posts\/1368\/revisions"}],"wp:featuredmedia":[{"embeddable":true,"href":"https:\/\/www.imovirtual.com\/noticias\/wp-json\/wp\/v2\/media\/1369"}],"wp:attachment":[{"href":"https:\/\/www.imovirtual.com\/noticias\/wp-json\/wp\/v2\/media?parent=1368"}],"wp:term":[{"taxonomy":"category","embeddable":true,"href":"https:\/\/www.imovirtual.com\/noticias\/wp-json\/wp\/v2\/categories?post=1368"},{"taxonomy":"post_tag","embeddable":true,"href":"https:\/\/www.imovirtual.com\/noticias\/wp-json\/wp\/v2\/tags?post=1368"}],"curies":[{"name":"wp","href":"https:\/\/api.w.org\/{rel}","templated":true}]}}