{"id":1359,"date":"2020-09-20T00:00:00","date_gmt":"2020-09-20T00:00:00","guid":{"rendered":"https:\/\/www.imovirtual.com\/noticias2\/2020\/09\/20\/6-truques-plantas-outono\/"},"modified":"2020-09-20T00:00:00","modified_gmt":"2020-09-20T00:00:00","slug":"6-truques-plantas-outono","status":"publish","type":"post","link":"https:\/\/www.imovirtual.com\/noticias\/lifestyle\/6-truques-plantas-outono\/","title":{"rendered":"6 truques para preparar as plantas para o outono"},"content":{"rendered":"<p class=\"css-8qfla4\">\n<p class=\"css-m5h6m0 edperro0\">\n<h1><strong>6 truques para preparar as plantas para o outono<\/strong><\/h1>\n<p>Com a chegada do fim do ver\u00e3o, muito h\u00e1 a fazer para preparar o outono e o inverno e garantir que na pr\u00f3xima primavera ter\u00e1 novamente um jardim florido e as suas plantas exuberantes.<\/p>\n<p>No in\u00edcio do outono, a temperatura ainda \u00e9 agrad\u00e1vel para que no exterior, no jardim ou no terra\u00e7o, possa levar a efeito as tarefas de jardinagem necess\u00e1rias sem que o clima incomode. Ou seja, \u00e9 a altura ideal para preparar o jardim contra o frio.<\/p>\n<p>Comece por preparar sementeiras de vivazes precoces para encher de cor o seu jardim a partir do in\u00edcio da primavera. Passe a regar menos vezes e menos tempo as plantas e n\u00e3o deixe de regar em profus\u00e3o as plantas que come\u00e7am a florescer.<\/p>\n<\/p>\n<h2><strong>Se plantar, adube<\/strong><\/h2>\n<p>Se tenciona plantar, n\u00e3o se esque\u00e7a de adubar: aplique adubo org\u00e2nico em caso de planta\u00e7\u00f5es no solo ao ar livre e qu\u00edmico nos vasos. Podar as plantas \u00e9 outra tarefa essencial. Assim, realize uma poda de desbaste para conseguir novos rebentos a breve trecho.<\/p>\n<p>Por outro lado, aproveite as flores murchas para produ\u00e7\u00e3o de sementes. Pouco a pouco, as plantas deixam de dar flores. Quando isto sucede, come\u00e7a uma nova fase: a da produ\u00e7\u00e3o de sementes, que se d\u00e1 se n\u00e3o cortar as flores murchas de algumas esp\u00e9cies.<\/p>\n<p>Deixe que as plantas emitam c\u00e1psulas de sementes e recolha-as quando estiverem maduras. Em caso de planta vivaz, pode rente ao ch\u00e3o no inverno. Para semear em vaso, prense o substrato, espalhe as sementes, cubra com terra e regue.<\/p>\n<\/p>\n<h2><strong>Proteja as plantas do frio, da chuva e ervas daninhas<\/strong><\/h2>\n<p>Outra tarefa importante \u00e9 a prote\u00e7\u00e3o das plantas do frio, da chuva e da invas\u00e3o de ervas daninhas. No outono, uma capa de material \u00e0 base de palha isola do frio quando baixa a temperatura. Deve aplicar as coberturas nos canteiros e maci\u00e7os de flor a partir do final de setembro, quando as chuvas chegarem. Deve assegurar-se que n\u00e3o fica nem uma daninha antes de colocar a cobertura em redor de cada planta. Em caso de n\u00e3o chover, deve humedecer bem a superf\u00edcie.<\/p>\n<p>Nunca esquecer de retirar o material murcho. Elimine as folhas e os ramos doentes ou murchos e mantenha a planta praticamente inativa durante o inverno. Com a tesoura na m\u00e3o, d\u00ea uma volta pelo jardim e corte folhas e ramos murchos. N\u00e3o esque\u00e7a de retirar tamb\u00e9m tudo o que se encontra podre, mordido ou esburacado. Desta forma, estimula o n\u00famero de gemas.<\/p>\n<p>Importante tamb\u00e9m \u00e9 armazenar os bolbos de ver\u00e3o. Quando reparar em folhas de glad\u00edolos ou \u00edris amarelas, arranque a planta do solo e deixe a secar durante alguns dias. Coloque os bolbos em bandejas e guarde-os ao abrigo das geadas durante mais um ou dois dias para que acabem de secar. Aplique fungicida e conserve-os em sacos at\u00e9 chegar a altura de os voltar a semear.<\/p>\n<p>As plantas que se encontram em casa devem ficar afastadas de qualquer fonte de calor, assim como preservadas das correntes de ar. Por isso, deve pulverizar as folhas de 15 em 15 dias, com \u00e1gua t\u00e9pida e mole. Regue apenas quando o substrato est\u00e1 seco e em pouca quantidade, evitando encharcar.<\/p>\n<\/p>\n<p class=\" block-img\"><img decoding=\"async\" src=\"https:\/\/www.imovirtual.com\/noticias\/wp-content\/uploads\/2022\/11\/bd5974cf-f0b2-4813-a690-c8359669947e_Copia-de-Banners-Autores.png\" alt=\"Ana Catarina Autor Imovirtual\"><\/p>\n<h5><em>Ana Catarina \u00e9 a mi\u00fada das tend\u00eancias. Gosta de ficar em casa a perder-se pelas p\u00e1ginas de um livro, mas tamb\u00e9m n\u00e3o dispensa um caf\u00e9 tardio com os amigos. Est\u00e1 sempre \u00e0 procura do \u00faltimo grito em Lifestyle para revelar no Blog do Imovirtual.<\/em><\/h5>\n<\/p>\n<h4><strong>Tamb\u00e9m lhe pode interessar<\/strong><\/h4>\n<ul>\n<li><a href=\"https:\/\/www.imovirtual.com\/noticias\/lifestyle\/ambientadores-velas-cheiros-casa\" target=\"_blank\" rel=\"noopener\"><strong>Ambientadores<\/strong><\/a>, velas e outros cheiros para a sua casa<\/li>\n<li>Os 5&nbsp;<a href=\"https:\/\/www.imovirtual.com\/noticias\/lifestyle\/eletrodomesticos-must-have\" target=\"_blank\" rel=\"noopener\"><strong>eletrodom\u00e9sticos<\/strong><\/a>&nbsp;que n\u00e3o podem faltar em casa<\/li>\n<li>5 apps para o ajudar nas&nbsp;<a href=\"https:\/\/www.imovirtual.com\/noticias\/lifestyle\/5-apps-tarefas-casa\" target=\"_blank\" rel=\"noopener\"><strong>tarefas de casa<\/strong><\/a><\/li>\n<\/ul>\n<\/p>\n<div class=\"css-h5fkc8\"><strong>Ultima actualiza\u00e7\u00e3o:<\/strong> 23 novembro 2021<\/div>\n","protected":false},"excerpt":{"rendered":"<p>6 truques para preparar as plantas para o outono Com a chegada do fim do ver\u00e3o, muito h\u00e1 a fazer para preparar o outono e o inverno e garantir que na pr\u00f3xima primavera ter\u00e1 novamente um jardim florido e as suas plantas exuberantes. No in\u00edcio do outono, a temperatura ainda \u00e9 agrad\u00e1vel para que no &hellip;<\/p>\n","protected":false},"author":3,"featured_media":1360,"comment_status":"closed","ping_status":"open","sticky":false,"template":"","format":"standard","meta":{"footnotes":""},"categories":[3],"tags":[],"class_list":["post-1359","post","type-post","status-publish","format-standard","has-post-thumbnail","hentry","category-lifestyle"],"_links":{"self":[{"href":"https:\/\/www.imovirtual.com\/noticias\/wp-json\/wp\/v2\/posts\/1359","targetHints":{"allow":["GET"]}}],"collection":[{"href":"https:\/\/www.imovirtual.com\/noticias\/wp-json\/wp\/v2\/posts"}],"about":[{"href":"https:\/\/www.imovirtual.com\/noticias\/wp-json\/wp\/v2\/types\/post"}],"author":[{"embeddable":true,"href":"https:\/\/www.imovirtual.com\/noticias\/wp-json\/wp\/v2\/users\/3"}],"replies":[{"embeddable":true,"href":"https:\/\/www.imovirtual.com\/noticias\/wp-json\/wp\/v2\/comments?post=1359"}],"version-history":[{"count":0,"href":"https:\/\/www.imovirtual.com\/noticias\/wp-json\/wp\/v2\/posts\/1359\/revisions"}],"wp:featuredmedia":[{"embeddable":true,"href":"https:\/\/www.imovirtual.com\/noticias\/wp-json\/wp\/v2\/media\/1360"}],"wp:attachment":[{"href":"https:\/\/www.imovirtual.com\/noticias\/wp-json\/wp\/v2\/media?parent=1359"}],"wp:term":[{"taxonomy":"category","embeddable":true,"href":"https:\/\/www.imovirtual.com\/noticias\/wp-json\/wp\/v2\/categories?post=1359"},{"taxonomy":"post_tag","embeddable":true,"href":"https:\/\/www.imovirtual.com\/noticias\/wp-json\/wp\/v2\/tags?post=1359"}],"curies":[{"name":"wp","href":"https:\/\/api.w.org\/{rel}","templated":true}]}}