{"id":1341,"date":"2021-11-26T00:00:00","date_gmt":"2021-11-26T00:00:00","guid":{"rendered":"https:\/\/www.imovirtual.com\/noticias2\/2021\/11\/26\/motivos-contratar-personal-organizer\/"},"modified":"2024-08-28T10:19:04","modified_gmt":"2024-08-28T10:19:04","slug":"motivos-contratar-personal-organizer","status":"publish","type":"post","link":"https:\/\/www.imovirtual.com\/noticias\/lifestyle\/motivos-contratar-personal-organizer\/","title":{"rendered":"Porque necessita de contratar um Personal Organizer?"},"content":{"rendered":"<p class=\"css-8qfla4\">\n<p class=\"css-m5h6m0 edperro0\">\n<h1><strong>Motivos para contratar um personal organizer<\/strong><\/h1>\n<p>Se gosta de ter sempre a casa a brilhar em todos os cantos, recantos e arm\u00e1rios, mas n\u00e3o sabe muito bem como o fazer e nem t\u00e3o pouco tem tempo para se inteirar dos processos, o<strong> ideal \u00e9 contratar um profissional especializado em tal tarefa: um personal organizer (PO)<\/strong>. Este profissional tem a tarefa de n\u00e3o s\u00f3 o ajudar a arrumar a sua casa, mas tamb\u00e9m de lhe ensinar truques e t\u00e9cnicas que prometem facilitar o seu dia-a-dia. Em troca, ter\u00e1 de financiar n\u00e3o s\u00f3 o pr\u00f3prio <strong>PO<\/strong>, mas tamb\u00e9m os materiais que ele ir\u00e1 comprar. Um investimento que valer\u00e1 a pena, visto que este profissional vai ser muito \u00fatil na organiza\u00e7\u00e3o de divis\u00f5es grandes e por norma sempre desarrumadas, como \u00e9 o caso dos <a href=\"https:\/\/www.imovirtual.com\/noticias\/decoracao\/decorar-quarto-criancas\" target=\"_blank\" rel=\"noopener\"><strong>quartos de crian\u00e7as<\/strong><\/a>, a <a href=\"https:\/\/www.imovirtual.com\/noticias\/lifestyle\/organize-a-sua-cozinha\" target=\"_blank\" rel=\"noopener\"><strong>cozinha<\/strong><\/a> ou o <a href=\"https:\/\/www.imovirtual.com\/noticias\/decoracao\/organizar-arquivos-do-escritorio\" target=\"_blank\" rel=\"noopener\"><strong>escrit\u00f3rio<\/strong><\/a>. <\/p>\n<p>Quando falamos neste tipo de fun\u00e7\u00e3o, \u00e9 inevit\u00e1vel falar da guru da arruma\u00e7\u00e3o, <a href=\"https:\/\/konmari.com\/\" target=\"_blank\" rel=\"noopener\">Marie Kondo<\/a>, que proporcionou uma grande proje\u00e7\u00e3o a esta profiss\u00e3o com os seus <a href=\"https:\/\/www.imovirtual.com\/noticias\/decoracao\/livros-sobre-decoracao-organizacao-casa\" target=\"_blank\" rel=\"noopener\">livros<\/a> e s\u00e9ries de TV. Tamb\u00e9m <strong>Clea Shearer e Joanna Teplin<\/strong>, as fundadoras da empresa <strong><a href=\"https:\/\/www.thehomeedit.com\/\" target=\"_blank\" rel=\"noopener\">The Home Edit<\/a><\/strong>, muito t\u00eam contribu\u00eddo para esta \u00e1rea. Em Portugal, tamb\u00e9m j\u00e1 temos profissionais que se dedicam a 100% ao mundo da arruma\u00e7\u00e3o. \u00c9 o caso de <strong>Bruna Salgueiro<\/strong>, autora do site <strong><a href=\"https:\/\/loja.organizarcomalma.pt\/products\/kit-gabarito\" target=\"_blank\" rel=\"noopener\">Organizar com Alma<\/a><\/strong> e de <strong>Sandra Miranda <\/strong>do <strong><a href=\"https:\/\/sm-organiza.pt\/store.html\" target=\"_blank\" rel=\"noopener\">SM Organiza<\/a>.<\/strong><\/p>\n<p>Com um personal organizer, nunca mais ter\u00e1 problema em encontrar a sua camisola no meio da confus\u00e3o de gavetas e nervos para se despachar para sair de casa. Mas este \u00e9 apenas uma das vantagens de contar com a ajuda deste profissional. Enumeramos agora alguns dos<strong> motivos porque deve considerar em contratar um personal organizer<\/strong>.<\/p>\n<\/p>\n<h3>Tamb\u00e9m lhe pode interessar: <a href=\"https:\/\/www.imovirtual.com\/noticias\/lifestyle\/5-series-e-filmes-da-netflix-que-o-ajudam-a-organizar\" target=\"_blank\" rel=\"noopener\"><em><strong>5 s\u00e9ries e filmes da Netflix que o ajudam a organizar a casa<\/strong><\/em><\/a><\/h3>\n<\/p>\n<h2><strong>O personal organizer far\u00e1 a pesquisa e compra de materiais por si<\/strong><\/h2>\n<p>O<strong> mundo da organiza\u00e7\u00e3o<\/strong> evoluiu muito nos \u00faltimos anos. Hoje em dia j\u00e1 encontra \u00e0 venda recipientes para acomodar todo o tipo de produtos e para organizar todo o tipo de compartimentos e divis\u00f5es. Existem muitas op\u00e7\u00f5es no mercado e provavelmente j\u00e1 se deparou com algumas delas e at\u00e9 chegou a adquirir material para organizar aquela<strong> <a href=\"https:\/\/www.imovirtual.com\/noticias\/lifestyle\/organize-a-sua-casa-despensa\" target=\"_blank\" rel=\"noopener\">despensa <\/a><\/strong>ca\u00f3tica ou o <a href=\"https:\/\/www.imovirtual.com\/noticias\/lifestyle\/organizacao-closet\" target=\"_blank\" rel=\"noopener\"><strong>closet<\/strong><\/a> que parece a feira. At\u00e9 nos atrevemos a dizer que acabou a comprar o que n\u00e3o devia e a ficar com um mais um item espalhado para casa sem servir o seu prop\u00f3sito. \u00c9 a\u00ed que a ajuda do<strong> personal organizer<\/strong> \u00e9 preciosa. Ele ir\u00e1 fazer a <strong>pesquisa de recipientes necess\u00e1rios, das medidas de determinado espa\u00e7o e saber\u00e1 quais as lojas mais indicadas para adquirir os materiais adequados<\/strong>.. No final, n\u00e3o s\u00f3 ir\u00e1 <strong>poupar tempo<\/strong>, j\u00e1 que o PO far\u00e1 todo o processo de sele\u00e7\u00e3o e recolha, como tamb\u00e9m <strong>dinheiro<\/strong><\/p>\n<\/p>\n<h2><strong>O personal organizer vai ajud\u00e1-lo a desapegar-se do que n\u00e3o necessita<\/strong><\/h2>\n<p>Parte do processo de organiza\u00e7\u00e3o de um espa\u00e7o envolve o<strong> desapego das coisas que j\u00e1 n\u00e3o necessita<\/strong>. Este fator \u00e9 mais evidente para as pessoas com compuls\u00e3o para comprar roupa, livros ou CDs, por exemplo. Muitas vezes n\u00e3o conseguimos distinguir aquilo que realmente necessitamos, do que tem valor sentimental ou que mantemos apenas por capricho. \u00c9 a\u00ed que entra o<strong> personal organizer<\/strong>, que \u00e9 capaz de estimular o cliente a fazer uma escolha consciente e deixar ir aquilo que j\u00e1 n\u00e3o usa. O destino?<strong> Oferecer a amigos, doar a institui\u00e7\u00f5es, vender em sites de objetos em 2\u00aa m\u00e3o, como \u00e9 o caso do <a href=\"https:\/\/www.olx.pt\/\" target=\"_blank\" rel=\"noopener\">OLX<\/a>, ou deitar para o lixo se j\u00e1 n\u00e3o servir a ningu\u00e9m. <\/strong><\/p>\n<\/p>\n<h2><strong>O personal organizer criar\u00e1 um sistema de organiza\u00e7\u00e3o com base nas suas necessidades<\/strong><\/h2>\n<p>Criar um <strong>sistema de organiza\u00e7\u00e3o <\/strong>que se consiga manter e entender n\u00e3o \u00e9 tarefa f\u00e1cil. O <strong>personal organizer <\/strong>ir\u00e1, certamente, fazer-lhe v\u00e1rias quest\u00f5es para entender o seu dia-a-dia, as suas necessidades e aquilo que usa com mais frequ\u00eancia ou n\u00e3o. Por exemplo, se tiver de usar todos os dias uma farda para o trabalho, certamente que a querer\u00e1 manter na frente do seu arm\u00e1rio e n\u00e3o atr\u00e1s. Todas estas nuances s\u00e3o consideradas pelo PO, que<strong> ir\u00e1 criar um sistema de organiza\u00e7\u00e3o l\u00f3gico, f\u00e1cil de manter e pr\u00e1tico.<\/strong> O objetivo \u00e9 n\u00e3o s\u00f3 facilitar o seu dia-a-dia, mas tamb\u00e9m evitar que determinado espa\u00e7o fique totalmente desorganizado e confuso. <\/p>\n<\/p>\n<h3>Confira tamb\u00e9m: <a href=\"https:\/\/www.imovirtual.com\/en\/noticias\/decoracao\/visual-clutter-como-resolver\" target=\"_blank\" rel=\"noopener\"><em><strong>Visual Clutter: saiba como livrar-se da desorganiza\u00e7\u00e3o visual<\/strong><\/em><\/a><\/h3>\n<\/p>\n<h2><strong>O personal organizer cuidar\u00e1 da organiza\u00e7\u00e3o da sua casa para que se possa dedicar-se a outras obriga\u00e7\u00f5es<\/strong><\/h2>\n<p>O melhor de tudo \u00e9 que o personal organizer ir\u00e1 tratar de organizar a sua casa por si, para que n\u00e3o tenha tempo a perder. Paralelamente poder\u00e1 dedicar-se a outros projetos e ambi\u00e7\u00f5es e s\u00f3 ter\u00e1 de se preocupar em manter o sistema e dedicar-se \u00e0 <a href=\"https:\/\/www.imovirtual.com\/noticias\/lifestyle\/rotina-diaria-de-limpeza-domestica\" target=\"_blank\" rel=\"noopener\"><strong>limpeza<\/strong><\/a> da semana.<\/p>\n<\/p>\n<p>Lembre-se sempre que arruma\u00e7\u00e3o de um lar influencia a vida e o dia-a-dia de quem por l\u00e1 reside. Por isso, <strong>se n\u00e3o tem tempo para cuidar deste par\u00e2metro da sua vida, considere em contratar um personal organizer<\/strong>.<\/p>\n<p class=\" block-img\"><img decoding=\"async\" src=\"https:\/\/www.imovirtual.com\/noticias\/wp-content\/uploads\/2022\/11\/af14b393-f5d1-4a75-8368-42f656903033_Copia-de-Banners-Autores-3.png\" alt=\"Maria Lu\u00edsa Autor Imovirtual\"><\/p>\n<h5><em>Maria Lu\u00edsa \u00e9 a decoradora. A paix\u00e3o pela decora\u00e7\u00e3o surgiu desde muito cedo, quando as paredes se tornaram folhas de desenho. Juntou o \u00fatil ao agrad\u00e1vel e fez da voca\u00e7\u00e3o o seu trabalho. Est\u00e1 a cargo dos temas sobre &#8216;Decora\u00e7\u00e3o&#8217; do Blog do Imovirtual.<\/em><\/h5>\n<\/p>\n<h4><strong>Tamb\u00e9m lhe pode interessar<\/strong><\/h4>\n<ul>\n<li>Guia para <a href=\"https:\/\/www.imovirtual.com\/noticias\/decoracao\/como-criar-moodboard\" target=\"_blank\" rel=\"noopener\"><strong>criar um Moodboard<\/strong><\/a><\/li>\n<li>8 dicas para <a href=\"https:\/\/www.imovirtual.com\/noticias\/decoracao\/dicas-decorar-casa\" target=\"_blank\" rel=\"noopener\"><strong>decorar a casa<\/strong><\/a> com sucesso<\/li>\n<li><a href=\"https:\/\/www.imovirtual.com\/noticias\/decoracao\/lavandaria-domestica\" target=\"_blank\" rel=\"noopener\"><strong>Lavandaria em casa<\/strong><\/a>: como criar um espa\u00e7o bonito e funcional<\/li>\n<\/ul>\n<\/p>\n<div class=\"css-h5fkc8\"><strong>Ultima actualiza\u00e7\u00e3o:<\/strong> 26 novembro 2021<\/div>\n","protected":false},"excerpt":{"rendered":"<p>Motivos para contratar um personal organizer Se gosta de ter sempre a casa a brilhar em todos os cantos, recantos e arm\u00e1rios, mas n\u00e3o sabe muito bem como o fazer e nem t\u00e3o pouco tem tempo para se inteirar dos processos, o ideal \u00e9 contratar um profissional especializado em tal tarefa: um personal organizer (PO). &hellip;<\/p>\n","protected":false},"author":3,"featured_media":1342,"comment_status":"closed","ping_status":"open","sticky":false,"template":"","format":"standard","meta":{"footnotes":""},"categories":[3],"tags":[],"class_list":["post-1341","post","type-post","status-publish","format-standard","has-post-thumbnail","hentry","category-lifestyle"],"_links":{"self":[{"href":"https:\/\/www.imovirtual.com\/noticias\/wp-json\/wp\/v2\/posts\/1341","targetHints":{"allow":["GET"]}}],"collection":[{"href":"https:\/\/www.imovirtual.com\/noticias\/wp-json\/wp\/v2\/posts"}],"about":[{"href":"https:\/\/www.imovirtual.com\/noticias\/wp-json\/wp\/v2\/types\/post"}],"author":[{"embeddable":true,"href":"https:\/\/www.imovirtual.com\/noticias\/wp-json\/wp\/v2\/users\/3"}],"replies":[{"embeddable":true,"href":"https:\/\/www.imovirtual.com\/noticias\/wp-json\/wp\/v2\/comments?post=1341"}],"version-history":[{"count":0,"href":"https:\/\/www.imovirtual.com\/noticias\/wp-json\/wp\/v2\/posts\/1341\/revisions"}],"wp:featuredmedia":[{"embeddable":true,"href":"https:\/\/www.imovirtual.com\/noticias\/wp-json\/wp\/v2\/media\/1342"}],"wp:attachment":[{"href":"https:\/\/www.imovirtual.com\/noticias\/wp-json\/wp\/v2\/media?parent=1341"}],"wp:term":[{"taxonomy":"category","embeddable":true,"href":"https:\/\/www.imovirtual.com\/noticias\/wp-json\/wp\/v2\/categories?post=1341"},{"taxonomy":"post_tag","embeddable":true,"href":"https:\/\/www.imovirtual.com\/noticias\/wp-json\/wp\/v2\/tags?post=1341"}],"curies":[{"name":"wp","href":"https:\/\/api.w.org\/{rel}","templated":true}]}}