{"id":1340,"date":"2021-11-30T00:00:00","date_gmt":"2021-11-30T00:00:00","guid":{"rendered":"https:\/\/www.imovirtual.com\/noticias2\/2021\/11\/30\/imosintese-noticias-291121\/"},"modified":"2021-11-30T00:00:00","modified_gmt":"2021-11-30T00:00:00","slug":"imosintese-noticias-291121","status":"publish","type":"post","link":"https:\/\/www.imovirtual.com\/noticias\/novidades\/imosintese-noticias-291121\/","title":{"rendered":"IMOS\u00cdNTESE &#8211; NOT\u00cdCIAS 29\/11"},"content":{"rendered":"<p class=\"css-8qfla4\">\n<p class=\"css-m5h6m0 edperro0\">\n<h2><strong>Em parceria com o Di\u00e1rio Imobili\u00e1rio, o Imovirtual apresenta diariamente um resumo notici\u00e1rio dos acontecimentos mais relevantes do dia. Fique a par das \u00faltimas novidades do Mercado Imobili\u00e1rio:<\/strong><\/h2>\n<\/p>\n<h1><strong>Chegou uma nova consultora que pretende impulsionar o futuro da Gest\u00e3o hoteleira<\/strong><\/h1>\n<p>\u201cO servi\u00e7o de excel\u00eancia deve ter por base profissionais diferenciados e felizes\u201d&nbsp;foi com este pensamento que Liliana Conde deu in\u00edcio ao seu projecto profissional&nbsp;LC- Gest\u00e3o Hoteleira e Servi\u00e7o de Excel\u00eancia.&nbsp;<\/p>\n<h3><strong>Saiba mais <a href=\"https:\/\/www.diarioimobiliario.pt\/Turismo\/Chegou-uma-nova-consultora-que-pretende-impulsionar-o-futuro-da-Gestao-hoteleira\" target=\"_blank\" rel=\"noopener\">aqui<\/a><\/strong><\/h3>\n<\/p>\n<h1><strong>RE\/MAX lan\u00e7a nova campanha publicit\u00e1ria em que o protagonista s\u00e3o os seus consultores<\/strong><\/h1>\n<p>A RE\/MAX lan\u00e7a hoje uma nova campanha de publicidade com a assinatura \u201cMais do que agentes imobili\u00e1rios\u201d. O objectivo da campanha \u201c\u00e9 partilhar o trabalho cada vez mais completo que os agentes da marca protagonizam, funcionando como os principais aliados dos clientes numa das decis\u00f5es mais importantes das suas vidas, como \u00e9 a compra ou venda de uma casa\u201d \u2013 refere a rede imobili\u00e1ria em comunicado.<\/p>\n<h3><strong>Saiba mais <a href=\"https:\/\/www.diarioimobiliario.pt\/Actualidade\/RE-MAX-lanca-nova-campanha-publicitaria-em-que-o-protagonista-sao-os-seus-consultores\" target=\"_blank\" rel=\"noopener\">aqui<\/a><\/strong><\/h3>\n<\/p>\n<h1><strong>Garvetur abre escrit\u00f3rio na Quinta do Lago<\/strong><\/h1>\n<p>A Garvetur uma das primeiras mediadoras imobili\u00e1rias a especializar-se no mercado do Turismo Residencial em Portugal, fundada em 1983, vai abrir um escrit\u00f3rio pr\u00f3prio na Quinta do Lago, no Algarve.<\/p>\n<h3><strong>Saiba mais <a href=\"https:\/\/www.diarioimobiliario.pt\/Actualidade\/Garvetur-abre-escritorio-na-Quinta-do-Lago\" target=\"_blank\" rel=\"noopener\">aqui<\/a><\/strong><\/h3>\n<\/p>\n<h1><strong>Casas mais caras s\u00e3o as mais procuradas, essencialmente por portugueses<\/strong><\/h1>\n<p>O&nbsp;Verdelago Resort, o mais recente empreendimento de luxo em constru\u00e7\u00e3o em Castro Marim, no Algarve,&nbsp;est\u00e1 a ser um sucesso de vendas, com as casas mais caras no topo da procura, essencialmente&nbsp;por portugueses.<\/p>\n<h3><strong>Saiba mais <a href=\"https:\/\/www.diarioimobiliario.pt\/Actualidade\/Casas-mais-caras-sao-as-mais-procuradas-essencialmente-por-portugueses\" target=\"_blank\" rel=\"noopener\">aqui<\/a><\/strong><\/h3>\n<\/p>\n<h1><strong>Um s\u00e9culo de oportunidades perdidas \u2013 Parte II<\/strong><\/h1>\n<p><strong>[Artigo de opini\u00e3o &#8211; Francisco Mota Ferreira] <em>&#8211; <\/em><\/strong>H\u00e1 uma hist\u00f3ria engra\u00e7ada sobre a Constitui\u00e7\u00e3o da Rep\u00fablica Portuguesa (CRP) que, confesso, nunca percebi se era ou n\u00e3o ver\u00eddica.<\/p>\n<h3><strong>Saiba mais <a href=\"https:\/\/www.diarioimobiliario.pt\/Opiniao\/Um-seculo-de-oportunidades-perdidas-Parte-II\" target=\"_blank\" rel=\"noopener\">aqui<\/a><\/strong><\/h3>\n<\/p>\n<h3><strong>Leia as anteriores Imos\u00edntese:<\/strong><\/h3>\n<p>\ud83d\udc49<a href=\"https:\/\/www.imovirtual.com\/noticias\/noticias\/imosintese-noticias-261121\" target=\"_blank\" rel=\"noopener\"><strong>IMOS\u00cdNTESE &#8211; NOT\u00cdCIAS 26\/11<\/strong><\/a><\/p>\n<p>\ud83d\udc49<a href=\"https:\/\/www.imovirtual.com\/noticias\/noticias\/imosintese-noticias-251121\" target=\"_blank\" rel=\"noopener\"><strong>IMOS\u00cdNTESE &#8211; NOT\u00cdCIAS 25\/11<\/strong><\/a><\/p>\n<p>\ud83d\udc49<a href=\"https:\/\/www.imovirtual.com\/noticias\/noticias\/imosintese-noticias-24111\" target=\"_blank\" rel=\"noopener\"><strong>IMOS\u00cdNTESE &#8211; NOT\u00cdCIAS 24\/11<\/strong><\/a><\/p>\n<\/p>\n<div class=\"css-h5fkc8\"><strong>Ultima actualiza\u00e7\u00e3o:<\/strong> 30 novembro 2021<\/div>\n","protected":false},"excerpt":{"rendered":"<p>Em parceria com o Di\u00e1rio Imobili\u00e1rio, o Imovirtual apresenta diariamente um resumo notici\u00e1rio dos acontecimentos mais relevantes do dia. Fique a par das \u00faltimas novidades do Mercado Imobili\u00e1rio: Chegou uma nova consultora que pretende impulsionar o futuro da Gest\u00e3o hoteleira \u201cO servi\u00e7o de excel\u00eancia deve ter por base profissionais diferenciados e felizes\u201d&nbsp;foi com este pensamento &hellip;<\/p>\n","protected":false},"author":3,"featured_media":100,"comment_status":"closed","ping_status":"open","sticky":false,"template":"","format":"standard","meta":{"footnotes":""},"categories":[4],"tags":[],"class_list":["post-1340","post","type-post","status-publish","format-standard","has-post-thumbnail","hentry","category-novidades"],"_links":{"self":[{"href":"https:\/\/www.imovirtual.com\/noticias\/wp-json\/wp\/v2\/posts\/1340","targetHints":{"allow":["GET"]}}],"collection":[{"href":"https:\/\/www.imovirtual.com\/noticias\/wp-json\/wp\/v2\/posts"}],"about":[{"href":"https:\/\/www.imovirtual.com\/noticias\/wp-json\/wp\/v2\/types\/post"}],"author":[{"embeddable":true,"href":"https:\/\/www.imovirtual.com\/noticias\/wp-json\/wp\/v2\/users\/3"}],"replies":[{"embeddable":true,"href":"https:\/\/www.imovirtual.com\/noticias\/wp-json\/wp\/v2\/comments?post=1340"}],"version-history":[{"count":0,"href":"https:\/\/www.imovirtual.com\/noticias\/wp-json\/wp\/v2\/posts\/1340\/revisions"}],"wp:featuredmedia":[{"embeddable":true,"href":"https:\/\/www.imovirtual.com\/noticias\/wp-json\/wp\/v2\/media\/100"}],"wp:attachment":[{"href":"https:\/\/www.imovirtual.com\/noticias\/wp-json\/wp\/v2\/media?parent=1340"}],"wp:term":[{"taxonomy":"category","embeddable":true,"href":"https:\/\/www.imovirtual.com\/noticias\/wp-json\/wp\/v2\/categories?post=1340"},{"taxonomy":"post_tag","embeddable":true,"href":"https:\/\/www.imovirtual.com\/noticias\/wp-json\/wp\/v2\/tags?post=1340"}],"curies":[{"name":"wp","href":"https:\/\/api.w.org\/{rel}","templated":true}]}}