{"id":1324,"date":"2021-12-03T00:00:00","date_gmt":"2021-12-03T00:00:00","guid":{"rendered":"https:\/\/www.imovirtual.com\/noticias2\/2021\/12\/03\/imosintese-noticias-0312\/"},"modified":"2021-12-03T00:00:00","modified_gmt":"2021-12-03T00:00:00","slug":"imosintese-noticias-0312","status":"publish","type":"post","link":"https:\/\/www.imovirtual.com\/noticias\/novidades\/imosintese-noticias-0312\/","title":{"rendered":"IMOS\u00cdNTESE &#8211; NOT\u00cdCIAS 03\/12"},"content":{"rendered":"<p class=\"css-8qfla4\">\n<p class=\"css-m5h6m0 edperro0\">\n<h2><strong>Em parceria com o Di\u00e1rio Imobili\u00e1rio, o Imovirtual apresenta diariamente um resumo notici\u00e1rio dos acontecimentos mais relevantes do dia. Fique a par das \u00faltimas novidades do Mercado Imobili\u00e1rio:<\/strong><\/h2>\n<\/p>\n<h1><strong>Investidores internacionais s\u00f3 apostam em Portugal se existir estabilidade<\/strong><\/h1>\n<p>A estabilidade tem mesmo um valor e sem ele, os investidores internacionais n\u00e3o apostam em Portugal, avan\u00e7ou hoje Pedro Siza Vieira, Ministro de Estado, da Economia e da Transi\u00e7\u00e3o Digital, no \u00faltimo dia do 46\u00ba congresso da APAVT \u2013 Associa\u00e7\u00e3o Portuguesa das Ag\u00eancias de Viagens e Turismo, que se realiza na cidade de Aveiro.<\/p>\n<h3><strong>Saiba mais <a href=\"https:\/\/www.diarioimobiliario.pt\/Actualidade\/Investidores-internacionais-so-apostam-em-Portugal-se-existir-estabilidade\" target=\"_blank\" rel=\"noopener\">aqui<\/a><\/strong><\/h3>\n<\/p>\n<h1><strong>Queremos edif\u00edcios mais sustent\u00e1veis? Ent\u00e3o n\u00e3o os podemos isolar com pl\u00e1stico e material poluente<\/strong><\/h1>\n<p>Portugal, recorrendo ao PRR e atrav\u00e9s do Fundo Ambiental, acaba de refor\u00e7ar o Apoio a Edif\u00edcios Mais Sustent\u00e1veis, em 15 milh\u00f5es de euros, inclu\u00eddo uma nova categoria que visa a melhoria da efici\u00eancia energ\u00e9tica e ambiental dos edif\u00edcios, recorrendo a materiais convencionais para isolamento, leia-se: derivados de petr\u00f3leo!<\/p>\n<h3><strong>Saiba mais <a href=\"https:\/\/www.diarioimobiliario.pt\/Actualidade\/Sustentabilidade\/Queremos-edificios-mais-sustentaveis-Entao-nao-os-podemos-isolar-com-plastico-e-material-poluente\" target=\"_blank\" rel=\"noopener\">aqui<\/a><\/strong><\/h3>\n<\/p>\n<h1><strong>Loul\u00e9 recebe um resort sustent\u00e1vel inspirado em aldeia algarvia<\/strong><\/h1>\n<p>O Ombria Resort, um projeto de imobili\u00e1rio de luxo, que est\u00e1 a nascer no concelho de&nbsp;Loul\u00e9, no Algarve,&nbsp;do grupo finland\u00eas Pontos, com abertura no segundo semestre de 2022, tem como imagem de marca a recria\u00e7\u00e3o de uma aldeia algarvia no topo de uma das colinas, onde ter\u00e1&nbsp;torre sineira e para uma grande pra\u00e7a, que ser\u00e1 o palco central de uma agenda de eventos que dar\u00e3o vida ao resort ao longo de todo o ano.<\/p>\n<h3><strong>Saiba mais <a href=\"https:\/\/www.diarioimobiliario.pt\/Turismo\/Loule-recebe-um-resort-sustentavel-inspirado-em-aldeia-algarvia\" target=\"_blank\" rel=\"noopener\">aqui<\/a><\/strong><\/h3>\n<\/p>\n<h1><strong>Portuguesa OLI conquista o terceiro pr\u00e9mio mundial de Design este ano<\/strong><\/h1>\n<p>A empresa portuguesa OLI foi premiada em Mil\u00e3o com a placa de comando Less is More pelo \u201cArchiproducts Design Awards\u201d, pr\u00e9mio anual que celebra a excel\u00eancia mundial em design.<\/p>\n<h3><strong>Saiba mais <a href=\"https:\/\/www.diarioimobiliario.pt\/Arquitectura\/Design\/Portuguesa-OLI-conquista-o-terceiro-premio-mundial-de-Design-este-ano\" target=\"_blank\" rel=\"noopener\">aqui<\/a><\/strong><\/h3>\n<\/p>\n<h1><strong>Duas aldeias portuguesas entre as melhores do mundo para turismo rural<\/strong><\/h1>\n<p>Cumeada, no concelho alentejano de Reguengos de Monsaraz e \u00e0 beira do Alqueva, e Castelo Rodrigo, no concelho de Figueira de Castelo Rodrigo s\u00e3o as duas aldeias portuguesas vencedoras do&nbsp;Pr\u00e9mio Best Tourism Village&nbsp;da Organiza\u00e7\u00e3o Mundial do Turismo. A distin\u00e7\u00e3o foi anunciada durante a 24.\u00aa Assembleia Geral da OMT que decorre em Madrid.<\/p>\n<h3><strong>Saiba mais <a href=\"https:\/\/www.diarioimobiliario.pt\/Turismo\/Duas-aldeias-portuguesas-entre-as-melhores-do-mundo-para-turismo-rural\" target=\"_blank\" rel=\"noopener\">aqui<\/a><\/strong><\/h3>\n<\/p>\n<h3><strong>Leia as anteriores Imos\u00edntese:<\/strong><\/h3>\n<p>\ud83d\udc49<a href=\"https:\/\/www.imovirtual.com\/noticias\/noticias\/imosintese-noticias-0212\" target=\"_blank\" rel=\"noopener\"><strong>IMOS\u00cdNTESE &#8211; NOT\u00cdCIAS 02\/12<\/strong><\/a><\/p>\n<p>\ud83d\udc49<a href=\"https:\/\/www.imovirtual.com\/noticias\/noticias\/imosintese-noticias-301121\" target=\"_blank\" rel=\"noopener\"><strong>IMOS\u00cdNTESE &#8211; NOT\u00cdCIAS 30\/11<\/strong><\/a><\/p>\n<p>\ud83d\udc49<a href=\"https:\/\/www.imovirtual.com\/noticias\/noticias\/imosintese-noticias-291121\" target=\"_blank\" rel=\"noopener\"><strong>IMOS\u00cdNTESE &#8211; NOT\u00cdCIAS 29\/11<\/strong><\/a><\/p>\n<\/p>\n<div class=\"css-h5fkc8\"><strong>Ultima actualiza\u00e7\u00e3o:<\/strong> 03 dezembro 2021<\/div>\n","protected":false},"excerpt":{"rendered":"<p>Em parceria com o Di\u00e1rio Imobili\u00e1rio, o Imovirtual apresenta diariamente um resumo notici\u00e1rio dos acontecimentos mais relevantes do dia. Fique a par das \u00faltimas novidades do Mercado Imobili\u00e1rio: Investidores internacionais s\u00f3 apostam em Portugal se existir estabilidade A estabilidade tem mesmo um valor e sem ele, os investidores internacionais n\u00e3o apostam em Portugal, avan\u00e7ou hoje &hellip;<\/p>\n","protected":false},"author":3,"featured_media":100,"comment_status":"closed","ping_status":"open","sticky":false,"template":"","format":"standard","meta":{"footnotes":""},"categories":[4],"tags":[],"class_list":["post-1324","post","type-post","status-publish","format-standard","has-post-thumbnail","hentry","category-novidades"],"_links":{"self":[{"href":"https:\/\/www.imovirtual.com\/noticias\/wp-json\/wp\/v2\/posts\/1324","targetHints":{"allow":["GET"]}}],"collection":[{"href":"https:\/\/www.imovirtual.com\/noticias\/wp-json\/wp\/v2\/posts"}],"about":[{"href":"https:\/\/www.imovirtual.com\/noticias\/wp-json\/wp\/v2\/types\/post"}],"author":[{"embeddable":true,"href":"https:\/\/www.imovirtual.com\/noticias\/wp-json\/wp\/v2\/users\/3"}],"replies":[{"embeddable":true,"href":"https:\/\/www.imovirtual.com\/noticias\/wp-json\/wp\/v2\/comments?post=1324"}],"version-history":[{"count":0,"href":"https:\/\/www.imovirtual.com\/noticias\/wp-json\/wp\/v2\/posts\/1324\/revisions"}],"wp:featuredmedia":[{"embeddable":true,"href":"https:\/\/www.imovirtual.com\/noticias\/wp-json\/wp\/v2\/media\/100"}],"wp:attachment":[{"href":"https:\/\/www.imovirtual.com\/noticias\/wp-json\/wp\/v2\/media?parent=1324"}],"wp:term":[{"taxonomy":"category","embeddable":true,"href":"https:\/\/www.imovirtual.com\/noticias\/wp-json\/wp\/v2\/categories?post=1324"},{"taxonomy":"post_tag","embeddable":true,"href":"https:\/\/www.imovirtual.com\/noticias\/wp-json\/wp\/v2\/tags?post=1324"}],"curies":[{"name":"wp","href":"https:\/\/api.w.org\/{rel}","templated":true}]}}