{"id":1320,"date":"2021-12-16T00:00:00","date_gmt":"2021-12-16T00:00:00","guid":{"rendered":"https:\/\/www.imovirtual.com\/noticias2\/2021\/12\/16\/consultor-imobiliario-licenca-ami\/"},"modified":"2024-09-02T14:58:21","modified_gmt":"2024-09-02T14:58:21","slug":"consultor-imobiliario-licenca-ami","status":"publish","type":"post","link":"https:\/\/www.imovirtual.com\/noticias\/relatorio-de-precos\/consultor-imobiliario-licenca-ami\/","title":{"rendered":"Consultor Imobili\u00e1rio: saiba como solicitar a licen\u00e7a AMI"},"content":{"rendered":"<p class=\"css-8qfla4\">\n<p class=\"css-m5h6m0 edperro0\">\n<h1><strong>Consultor Imobili\u00e1rio: saiba como solicitar a licen\u00e7a AMI<\/strong><\/h1>\n<p>Se est\u00e1 a pensar entrar e <strong>construir carreira no mundo do Imobili\u00e1rio<\/strong>, saiba que necessita de cumprir algumas diretrizes antes de come\u00e7ar a sua atividade. Por lei, um <a href=\"https:\/\/www.imovirtual.com\/noticias\/imobiliario\/vantagens-de-contratar-um-consultor-imobiliario-id40.html\" target=\"_blank\" rel=\"noopener\"><strong>Consultor Imobili\u00e1rio <\/strong><\/a>s\u00f3 pode exercer um cargo na Media\u00e7\u00e3o Imobili\u00e1ria em territ\u00f3rio nacional se tiver uma <strong>Licen\u00e7a de Media\u00e7\u00e3o Imobili\u00e1ria<\/strong>, tamb\u00e9m conhecida como <strong>Licen\u00e7a AMI<\/strong> (Alvar\u00e1 de Media\u00e7\u00e3o Imobili\u00e1ria). Esta \u00e9 uma indica\u00e7\u00e3o que est\u00e1 consagrada na legisla\u00e7\u00e3o portuguesa, mais concretamente atrav\u00e9s da <a href=\"https:\/\/dre.pt\/dre\/detalhe\/lei\/15-2013-257806\" target=\"_blank\" rel=\"noopener\"><strong>Lei n.\u00ba 15\/2013<\/strong><\/a>. Existem uma s\u00e9rie de documentos e comprovativos que ter\u00e1 de entregar para obter esta certifica\u00e7\u00e3o, bem como uma s\u00e9rie de informa\u00e7\u00f5es que deve estar a para que o seu processo seja executado da melhor forma. Neste artigo, esclarecemos todos estes pontos e quest\u00f5es, <strong>uma esp\u00e9cie de FAQ (Quest\u00f5es Frequentemente Colocadas) sobre a licen\u00e7a AMI.<\/strong> <\/p>\n<\/p>\n<h3>Tamb\u00e9m lhe pode interessar: <a href=\"https:\/\/www.imovirtual.com\/noticias\/guia-para-comprar-casa\/consultor-imobiliario-qual-a-sua-importancia-id25.html\" target=\"_blank\" rel=\"noopener\"><em><strong>Consultor Imobili\u00e1rio: qual a sua import\u00e2ncia?<\/strong><\/em><\/a><\/h3>\n<\/p>\n<h2><strong>Qual a import\u00e2ncia e relev\u00e2ncia da licen\u00e7a AMI?<\/strong><\/h2>\n<p>A licen\u00e7a AMI \u00e9 o documento que atesta determinada empresa ou pessoa individual para fun\u00e7\u00f5es relacionadas com o Mercado Imobili\u00e1rio. Deve ser solicitada antes da abertura de atividade e pode ser obtida junto do <strong>Instituto dos Mercados P\u00fablicos, do Imobili\u00e1rio e da Constru\u00e7\u00e3o (IMPIC) <\/strong>a institui\u00e7\u00e3o que regula este t\u00edtulo. No fundo, trata-se de um documento que confere credibilidade aos profissionais e que salvaguarda os consumidores.<\/p>\n<\/p>\n<h2><strong>Onde solicitar a licen\u00e7a AMI?<\/strong><\/h2>\n<p>A<strong> Licen\u00e7a AMI<\/strong> pode ser solicitada de duas formas:<\/p>\n<ul>\n<li><strong>Online<\/strong>, no site do <a href=\"https:\/\/www.impic.pt\/impic\/acesso-a-atividade-da-mediacao-imobiliaria\/pedido-online-de-licenca-de-mediacao-imobiliaria\" target=\"_blank\" rel=\"noopener\">Instituto dos Mercados P\u00fablicos, do Imobili\u00e1rio e da Constru\u00e7\u00e3o (IMPIC)<\/a> ou do <a href=\"https:\/\/eportugal.gov.pt\/empresas\/services\/balcaodoempreendedor\/Licenca.aspx?CodLicenca=2782\" target=\"_blank\" rel=\"noopener\">Balc\u00e3o do Empreendedor<\/a>.<\/li>\n<li><strong>Presencialmente<\/strong>, nos balc\u00f5es de atendimento do IMPIC<\/li>\n<\/ul>\n<h2><strong>Que documentos e diretrizes s\u00e3o necess\u00e1rias para solicitar a licen\u00e7a AMI?<\/strong><\/h2>\n<p>Para poder usufruir de uma licen\u00e7a AMI deve obedecer aos seguintes crit\u00e9rios:<\/p>\n<ul>\n<li>preencher os&nbsp;requerimentos, para <strong>pessoa singular ou coletiva;<\/strong><\/li>\n<li>ter um <strong>seguro de responsabilidade civil<\/strong>, com um montante m\u00ednimo de capital seguro de 150 mil euros, ou garantia equivalente;<\/li>\n<li>no caso de um trabalhador independente, entregar a <strong>declara\u00e7\u00e3o de in\u00edcio, altera\u00e7\u00e3o ou rein\u00edcio de atividade;<\/strong><\/li>\n<li>no caso de uma empresa, entregar a <strong>certid\u00e3o permanente da empresa e registo criminal dos representantes legais;<\/strong><\/li>\n<\/ul>\n<h2><strong>Quais \u00e9 o prazo de entrega da licen\u00e7a AMI?<\/strong><\/h2>\n<p>Em m\u00e9dia, as licen\u00e7as AMI s\u00e3o entregues num <strong>prazo m\u00e1ximo de 5 dias <\/strong>a contar da data do pedido.<\/p>\n<\/p>\n<h2><strong>Qual o custo da licen\u00e7a AMI?<\/strong><\/h2>\n<p>Os custos da licen\u00e7a AMI podem ser consultados na <a href=\"https:\/\/dre.pt\/pesquisa\/-\/search\/513608\/details\/maximized\" target=\"_blank\" rel=\"noopener\">Portaria n\u00ba 199\/2013, de 31 de maio<\/a>. De um modo geral, aquilo que est\u00e1 autualmente tabelado por lei \u00e9 o seguinte:<\/p>\n<ul>\n<li><strong>Licenciamento<\/strong> &#8211; 100 \u20ac<\/li>\n<li><strong>Registo <\/strong>&#8211; 50 \u20ac<\/li>\n<li><strong>Licenciamento com agravamento por falta de pagamento de taxa em pedido anterior<\/strong> &#8211; 100\u20ac pela emiss\u00e3o (+ 50\u20ac agravamento)<\/li>\n<li><strong>Licenciamento com agravamento por falta de pagamento de taxa anual de regula\u00e7\u00e3o em pedido anterior<\/strong> &#8211; 100\u20ac pela emiss\u00e3o (+ 50\u20ac agravamento)<\/li>\n<li><strong>2\u00aa via de cart\u00e3o de representante legal<\/strong> &#8211; 25 \u20ac<\/li>\n<li><strong>Regula\u00e7\u00e3o da atividade (anual)<\/strong> &#8211; 265 \u20ac.<\/li>\n<\/ul>\n<h2><strong>Qual a validade da licen\u00e7a AMI?<\/strong><\/h2>\n<p>Sendo intransmiss\u00edveis, as <strong>licen\u00e7as AMI <\/strong>apresentam validade ilimitada, podendo ser suspendidas ou canceladas. O <strong>IMPIC <\/strong>tamb\u00e9m atua na retirada da licen\u00e7a em casos de incumprimento de requisitos, atividades il\u00edcitas ou crimes.<\/p>\n<h2><strong>Como comprovar a veracidade da licen\u00e7a AMI?<\/strong><\/h2>\n<p>Sendo a <strong>IMPIC<\/strong> a respons\u00e1vel pela atribui\u00e7\u00e3o e gest\u00e3o da licen\u00e7a AMI \u00e9 atrav\u00e9s diret\u00f3rio que a entidade disponibiliza que pode consultar a lista de entidades e profissionais aderentes a este t\u00edtulo. Pode faz\u00ea-lo atrav\u00e9s deste link em <a href=\"https:\/\/www.impic.pt\/impic\/pt-pt\/consultar\/empresas-titulares-de-licenca-de-mediacao-imobiliaria\" target=\"_blank\" rel=\"noopener\"><strong>Licen\u00e7a de Media\u00e7\u00e3o Imobili\u00e1ria<\/strong><\/a><\/p>\n<p class=\" block-img\"><img decoding=\"async\" src=\"https:\/\/www.imovirtual.com\/noticias\/wp-content\/uploads\/2022\/11\/3c23b667-0a08-4ca1-abcb-74566be5c538_Copia-de-Banners-Autores-2.png\" alt=\"Alexandre Lu\u00eds Autor Imovirtual\"><\/p>\n<h5><em>Tamb\u00e9m conhecido como &#8216;O Consultor&#8217;. Pode encontr\u00e1-lo a consultar o \u00faltimo estudo de mercado. N\u00e3o tem talento para vender, mas sabe tudo sobre Imobili\u00e1rio. Fala sobre quest\u00f5es relacionadas com o tema no Blog do Imovirtual.<\/em><\/h5>\n<\/p>\n<h4><strong>Mais sobre<em>&nbsp;Imobili\u00e1rio<\/em><\/strong><\/h4>\n<ul>\n<li>Como fazer um&nbsp;<a href=\"https:\/\/www.imovirtual.com\/noticias\/imobiliario\/fazer-contrato-comodato\" target=\"_blank\" rel=\"noopener\"><strong>contrato de comodato<\/strong><\/a><\/li>\n<li>O que \u00e9 a&nbsp;<a href=\"https:\/\/www.imovirtual.com\/noticias\/imobiliario\/o-que-e-a-propriedade-horizontal\" target=\"_blank\" rel=\"noopener\"><strong>Propriedade Horizontal<\/strong><\/a><\/li>\n<li><a href=\"https:\/\/www.imovirtual.com\/en\/noticias\/decoracao\/home-staging-razoes-contratar-profissional\" target=\"_blank\" rel=\"noopener\"><strong>Home Staging<\/strong><\/a>: Raz\u00f5es para contratar um profissional na hora de vender ou arrendar o seu im\u00f3vel<\/li>\n<\/ul>\n<\/p>\n<div class=\"css-h5fkc8\"><strong>Ultima actualiza\u00e7\u00e3o:<\/strong> 16 dezembro 2021<\/div>\n","protected":false},"excerpt":{"rendered":"<p>Consultor Imobili\u00e1rio: saiba como solicitar a licen\u00e7a AMI Se est\u00e1 a pensar entrar e construir carreira no mundo do Imobili\u00e1rio, saiba que necessita de cumprir algumas diretrizes antes de come\u00e7ar a sua atividade. Por lei, um Consultor Imobili\u00e1rio s\u00f3 pode exercer um cargo na Media\u00e7\u00e3o Imobili\u00e1ria em territ\u00f3rio nacional se tiver uma Licen\u00e7a de Media\u00e7\u00e3o &hellip;<\/p>\n","protected":false},"author":3,"featured_media":1321,"comment_status":"closed","ping_status":"open","sticky":false,"template":"","format":"standard","meta":{"footnotes":""},"categories":[36,2],"tags":[],"class_list":["post-1320","post","type-post","status-publish","format-standard","has-post-thumbnail","hentry","category-profissionais","category-relatorio-de-precos"],"_links":{"self":[{"href":"https:\/\/www.imovirtual.com\/noticias\/wp-json\/wp\/v2\/posts\/1320","targetHints":{"allow":["GET"]}}],"collection":[{"href":"https:\/\/www.imovirtual.com\/noticias\/wp-json\/wp\/v2\/posts"}],"about":[{"href":"https:\/\/www.imovirtual.com\/noticias\/wp-json\/wp\/v2\/types\/post"}],"author":[{"embeddable":true,"href":"https:\/\/www.imovirtual.com\/noticias\/wp-json\/wp\/v2\/users\/3"}],"replies":[{"embeddable":true,"href":"https:\/\/www.imovirtual.com\/noticias\/wp-json\/wp\/v2\/comments?post=1320"}],"version-history":[{"count":0,"href":"https:\/\/www.imovirtual.com\/noticias\/wp-json\/wp\/v2\/posts\/1320\/revisions"}],"wp:featuredmedia":[{"embeddable":true,"href":"https:\/\/www.imovirtual.com\/noticias\/wp-json\/wp\/v2\/media\/1321"}],"wp:attachment":[{"href":"https:\/\/www.imovirtual.com\/noticias\/wp-json\/wp\/v2\/media?parent=1320"}],"wp:term":[{"taxonomy":"category","embeddable":true,"href":"https:\/\/www.imovirtual.com\/noticias\/wp-json\/wp\/v2\/categories?post=1320"},{"taxonomy":"post_tag","embeddable":true,"href":"https:\/\/www.imovirtual.com\/noticias\/wp-json\/wp\/v2\/tags?post=1320"}],"curies":[{"name":"wp","href":"https:\/\/api.w.org\/{rel}","templated":true}]}}