{"id":1315,"date":"2021-11-30T00:00:00","date_gmt":"2021-11-30T00:00:00","guid":{"rendered":"https:\/\/www.imovirtual.com\/noticias2\/2021\/11\/30\/imosintese-noticias-301121\/"},"modified":"2021-11-30T00:00:00","modified_gmt":"2021-11-30T00:00:00","slug":"imosintese-noticias-301121","status":"publish","type":"post","link":"https:\/\/www.imovirtual.com\/noticias\/novidades\/imosintese-noticias-301121\/","title":{"rendered":"IMOS\u00cdNTESE &#8211; NOT\u00cdCIAS 30\/11"},"content":{"rendered":"<p class=\"css-8qfla4\">\n<p class=\"css-m5h6m0 edperro0\">\n<h2><strong>Em parceria com o Di\u00e1rio Imobili\u00e1rio, o Imovirtual apresenta diariamente um resumo notici\u00e1rio dos acontecimentos mais relevantes do dia. Fique a par das \u00faltimas novidades do Mercado Imobili\u00e1rio:<\/strong><\/h2>\n<\/p>\n<h1><strong>Vivemos em edif\u00edcios doentes<\/strong><\/h1>\n<p><strong>[Artigo de opini\u00e3o &#8211; Paulo Merlini] &#8211; <\/strong>As crises s\u00e3o abalos s\u00edsmicos na estrutura veloz e ritmada das culturas. Remexem nas entranhas do pensamento de uma \u00e9poca, e exp\u00f5e as virtudes e problemas do seu tecido.<\/p>\n<h3><strong>Saiba mais <a href=\"https:\/\/www.diarioimobiliario.pt\/Opiniao\/Vivemos-em-edificios-doentes\" target=\"_blank\" rel=\"noopener\">aqui<\/a><\/strong><\/h3>\n<\/p>\n<h1><strong>Portugueses e norte-americanos entre os principais compradores dos Signature Apartments<\/strong><\/h1>\n<p>A primeira fase de vendas dos Signature Apartments do resort Palmares Ocean Living &amp; Golf, em Lagos, um dos projetos da Kronos Homes em Portugal, vai terminar o ano 2021 com 100% das unidades vendidas, um total de 37.<\/p>\n<h3><strong>Saiba mais <a href=\"https:\/\/www.diarioimobiliario.pt\/Actualidade\/Portugueses-e-norte-americanos-entre-os-principais-compradores-dos-Signature-Apartments\" target=\"_blank\" rel=\"noopener\">aqui<\/a><\/strong><\/h3>\n<\/p>\n<h1><strong>Belas Clube de Campo promove investimento estrangeiro com solu\u00e7\u00f5es Golden Visa Ready<\/strong><\/h1>\n<p>As altera\u00e7\u00f5es \u00e0 atribui\u00e7\u00e3o dos Vistos Gold em Portugal, anunciadas para 2022, t\u00eam originado uma elevada procura para compra de im\u00f3veis, por parte de investidores nacionais e internacionais.<\/p>\n<h3><strong>Saiba mais <a href=\"https:\/\/www.diarioimobiliario.pt\/Actualidade\/Belas-Clube-de-Campo-promove-investimento-estrangeiro-com-solucoes-Golden-Visa-Ready\" target=\"_blank\" rel=\"noopener\">aqui<\/a><\/strong><\/h3>\n<\/p>\n<h1><strong>Novas instala\u00e7\u00f5es da sociedade de advogados Cuatrecasas em Lisboa<\/strong><\/h1>\n<p>A prestigiada sociedade de advogados Cuatrecasas conta com uma nova sede em Portugal. Situada num ic\u00f3nico im\u00f3vel em plena Avenida Fontes Pereira de Melo, em Lisboa, as novas instala\u00e7\u00f5es da empresa integram as mais modernas tend\u00eancias a n\u00edvel de espa\u00e7os de trabalho.<\/p>\n<h3><strong>Saiba mais <a href=\"https:\/\/www.diarioimobiliario.pt\/Actualidade\/Escritorios\/Novas-instalacoes-da-sociedade-de-advogados-Cuatrecasas-em-Lisboa\" target=\"_blank\" rel=\"noopener\">aqui<\/a><\/strong><\/h3>\n<\/p>\n<h1><strong>Cushman &amp; Wakefield vende edif\u00edcio no centro de Lisboa<\/strong><\/h1>\n<p>A Cushman &amp; Wakefield anunciou a conclus\u00e3o da venda de um edif\u00edcio na Avenida 5 de Outubro 204, nas Avenidas Novas. O edif\u00edcio, que totaliza aproximadamente 2.350m\u00b2 de \u00e1rea bruta de constru\u00e7\u00e3o acima do solo em 12 pisos e que conta ainda com dois pisos em cave com 18 lugares de estacionamento, encontra-se parcialmente ocupado com escrit\u00f3rios e com\u00e9rcio.<\/p>\n<h3><strong>Saiba mais <a href=\"https:\/\/www.diarioimobiliario.pt\/Actualidade\/Escritorios\/Cushman-Wakefield-vende-edificio-no-centro-de-Lisboa\" target=\"_blank\" rel=\"noopener\">aqui<\/a><\/strong><\/h3>\n<\/p>\n<h3><strong>Leia as anteriores Imos\u00edntese:<\/strong><\/h3>\n<p>\ud83d\udc49<a href=\"https:\/\/www.imovirtual.com\/noticias\/noticias\/imosintese-noticias-291121\" target=\"_blank\" rel=\"noopener\"><strong>IMOS\u00cdNTESE &#8211; NOT\u00cdCIAS 29\/11<\/strong><\/a><\/p>\n<p>\ud83d\udc49<a href=\"https:\/\/www.imovirtual.com\/noticias\/noticias\/imosintese-noticias-261121\" target=\"_blank\" rel=\"noopener\"><strong>IMOS\u00cdNTESE &#8211; NOT\u00cdCIAS 26\/11<\/strong><\/a><\/p>\n<p>\ud83d\udc49<a href=\"https:\/\/www.imovirtual.com\/noticias\/noticias\/imosintese-noticias-251121\" target=\"_blank\" rel=\"noopener\"><strong>IMOS\u00cdNTESE &#8211; NOT\u00cdCIAS 25\/11<\/strong><\/a><\/p>\n<\/p>\n<div class=\"css-h5fkc8\"><strong>Ultima actualiza\u00e7\u00e3o:<\/strong> 30 novembro 2021<\/div>\n","protected":false},"excerpt":{"rendered":"<p>Em parceria com o Di\u00e1rio Imobili\u00e1rio, o Imovirtual apresenta diariamente um resumo notici\u00e1rio dos acontecimentos mais relevantes do dia. Fique a par das \u00faltimas novidades do Mercado Imobili\u00e1rio: Vivemos em edif\u00edcios doentes [Artigo de opini\u00e3o &#8211; Paulo Merlini] &#8211; As crises s\u00e3o abalos s\u00edsmicos na estrutura veloz e ritmada das culturas. Remexem nas entranhas do &hellip;<\/p>\n","protected":false},"author":3,"featured_media":100,"comment_status":"closed","ping_status":"open","sticky":false,"template":"","format":"standard","meta":{"footnotes":""},"categories":[4],"tags":[],"class_list":["post-1315","post","type-post","status-publish","format-standard","has-post-thumbnail","hentry","category-novidades"],"_links":{"self":[{"href":"https:\/\/www.imovirtual.com\/noticias\/wp-json\/wp\/v2\/posts\/1315","targetHints":{"allow":["GET"]}}],"collection":[{"href":"https:\/\/www.imovirtual.com\/noticias\/wp-json\/wp\/v2\/posts"}],"about":[{"href":"https:\/\/www.imovirtual.com\/noticias\/wp-json\/wp\/v2\/types\/post"}],"author":[{"embeddable":true,"href":"https:\/\/www.imovirtual.com\/noticias\/wp-json\/wp\/v2\/users\/3"}],"replies":[{"embeddable":true,"href":"https:\/\/www.imovirtual.com\/noticias\/wp-json\/wp\/v2\/comments?post=1315"}],"version-history":[{"count":0,"href":"https:\/\/www.imovirtual.com\/noticias\/wp-json\/wp\/v2\/posts\/1315\/revisions"}],"wp:featuredmedia":[{"embeddable":true,"href":"https:\/\/www.imovirtual.com\/noticias\/wp-json\/wp\/v2\/media\/100"}],"wp:attachment":[{"href":"https:\/\/www.imovirtual.com\/noticias\/wp-json\/wp\/v2\/media?parent=1315"}],"wp:term":[{"taxonomy":"category","embeddable":true,"href":"https:\/\/www.imovirtual.com\/noticias\/wp-json\/wp\/v2\/categories?post=1315"},{"taxonomy":"post_tag","embeddable":true,"href":"https:\/\/www.imovirtual.com\/noticias\/wp-json\/wp\/v2\/tags?post=1315"}],"curies":[{"name":"wp","href":"https:\/\/api.w.org\/{rel}","templated":true}]}}