{"id":1304,"date":"2021-12-13T00:00:00","date_gmt":"2021-12-13T00:00:00","guid":{"rendered":"https:\/\/www.imovirtual.com\/noticias2\/2021\/12\/13\/imosintese-noticias-101221\/"},"modified":"2021-12-13T00:00:00","modified_gmt":"2021-12-13T00:00:00","slug":"imosintese-noticias-101221","status":"publish","type":"post","link":"https:\/\/www.imovirtual.com\/noticias\/novidades\/imosintese-noticias-101221\/","title":{"rendered":"IMOS\u00cdNTESE &#8211; NOT\u00cdCIAS 10\/12"},"content":{"rendered":"<p class=\"css-8qfla4\">\n<p class=\"css-m5h6m0 edperro0\">\n<h2><strong>Em parceria com o Di\u00e1rio Imobili\u00e1rio, o Imovirtual apresenta diariamente um resumo notici\u00e1rio dos acontecimentos mais relevantes do dia. Fique a par das \u00faltimas novidades do Mercado Imobili\u00e1rio:<\/strong><\/h2>\n<\/p>\n<h1><strong>Saiba quais os dez hot\u00e9is Small Portuguese Hotels mais procurados em 2021<\/strong><\/h1>\n<p>Com mais de 140 hot\u00e9is da marca em Portugal, a Small Portuguese Hotels tem comprovado a sua qualidade, privilegiando a seguran\u00e7a e a excel\u00eancia das instala\u00e7\u00f5es e servi\u00e7os. &nbsp;Os variados os espa\u00e7os \u2013 desde hot\u00e9is 5 estrelas a Casas de Campo \u2013 contam todos com o certificado &#8220;Clean &amp; Safe&#8221; do Turismo de Portugal.<\/p>\n<h3><strong>Saiba mais <a href=\"https:\/\/www.diarioimobiliario.pt\/Turismo\/Saiba-quais-os-dez-hoteis-Small-Portuguese-Hotels-mais-procurados-em-2021\" target=\"_blank\" rel=\"noopener\">aqui<\/a><\/strong><\/h3>\n<\/p>\n<h1><strong>Leroy Merlin abre novo espa\u00e7o log\u00edstico na Mealhada<\/strong><\/h1>\n<p>O Centro de Distribui\u00e7\u00e3o Regional da Mealhada, nasce cinco meses depois da abertura de outros espa\u00e7os estrat\u00e9gicos como o Centro de Distribui\u00e7\u00e3o Regional Margem Sul, em Palmela, e o Armaz\u00e9m Centralizado de Cer\u00e2mica, em Oliveira do Bairro.&nbsp;<\/p>\n<h3><strong>Saiba mais <a href=\"https:\/\/www.diarioimobiliario.pt\/Actualidade\/Leroy-Merlin-abre-novo-espaco-logistico-na-Mealhada\" target=\"_blank\" rel=\"noopener\">aqui<\/a><\/strong><\/h3>\n<\/p>\n<h1><strong>Constru\u00e7\u00e3o e Obras P\u00fablicas foi um dos sectores que mais empresas criou at\u00e9 Novembro<\/strong><\/h1>\n<p>As constitui\u00e7\u00f5es de empresas registaram&nbsp;um aumento de 9,1% face a igual per\u00edodo de 2020, com um total de 37.990 novas empresas at\u00e9 Novembro de 2021. O sector da Constru\u00e7\u00e3o e Obras P\u00fablicas foi dos que mais aumentou.<\/p>\n<h3><strong>Saiba mais <a href=\"https:\/\/www.diarioimobiliario.pt\/Actualidade\/Construcao-e-Obras-Publicas-foi-um-dos-sectores-que-mais-empresas-criou-ate-Novembro\" target=\"_blank\" rel=\"noopener\">aqui<\/a><\/strong><\/h3>\n<\/p>\n<h1><strong>Escola B\u00e1sica Integrada do Parque das Na\u00e7\u00f5es abriu finalmente as portas<\/strong><\/h1>\n<p>Depois de d\u00e9cadas de reivindica\u00e7\u00f5es, os moradores do Parque das Na\u00e7\u00f5es&nbsp;viram finalmente pronta a Escola B\u00e1sica Integrada, um projecto de&nbsp;arquitecto Paulo Ser\u00f4dio que abriu este ano as portas.<\/p>\n<h3><strong>Saiba mais <a href=\"https:\/\/www.diarioimobiliario.pt\/Actualidade\/Escola-Basica-Integrada-do-Parque-das-Nacoes-abriu-finalmente-as-portas\" target=\"_blank\" rel=\"noopener\">aqui<\/a><\/strong><\/h3>\n<\/p>\n<h1><strong>Olh\u00e3o lan\u00e7a projecto de 288 fogos de habita\u00e7\u00e3o a custos controlados<\/strong><\/h1>\n<p>O processo da segunda fase da constru\u00e7\u00e3o de habita\u00e7\u00e3o a custos controlados no concelho algarvio de Olh\u00e3o deu esta manh\u00e3 mais um passo, com a formaliza\u00e7\u00e3o da compra dos terrenos da antiga Litografia, na Avenida Sporting Clube Olhanense, por um valor de 3,180 milh\u00f5es de euros.<\/p>\n<h3><strong>Saiba mais <a href=\"https:\/\/www.diarioimobiliario.pt\/Habitacao\/Olhao-lanca-projecto-de-288-fogos-de-habitacao-a-custos-controlados\" target=\"_blank\" rel=\"noopener\">aqui<\/a><\/strong><\/h3>\n<\/p>\n<h3><strong>Leia as anteriores Imos\u00edntese:<\/strong><\/h3>\n<p>\ud83d\udc49<a href=\"https:\/\/www.imovirtual.com\/noticias\/noticias\/imosintese-noticias-0912\" target=\"_blank\" rel=\"noopener\"><strong>IMOS\u00cdNTESE &#8211; NOT\u00cdCIAS 09\/12<\/strong><\/a><\/p>\n<p>\ud83d\udc49<a href=\"https:\/\/www.imovirtual.com\/noticias\/noticias\/imosintese-noticias-0712\" target=\"_blank\" rel=\"noopener\"><strong>IMOS\u00cdNTESE &#8211; NOT\u00cdCIAS 07\/12<\/strong><\/a><\/p>\n<p>\ud83d\udc49<a href=\"https:\/\/www.imovirtual.com\/noticias\/noticias\/imosintese-noticias-0612\" target=\"_blank\" rel=\"noopener\"><strong>IMOS\u00cdNTESE &#8211; NOT\u00cdCIAS 06\/12<\/strong><\/a><\/p>\n<\/p>\n<div class=\"css-h5fkc8\"><strong>Ultima actualiza\u00e7\u00e3o:<\/strong> 13 dezembro 2021<\/div>\n","protected":false},"excerpt":{"rendered":"<p>Em parceria com o Di\u00e1rio Imobili\u00e1rio, o Imovirtual apresenta diariamente um resumo notici\u00e1rio dos acontecimentos mais relevantes do dia. Fique a par das \u00faltimas novidades do Mercado Imobili\u00e1rio: Saiba quais os dez hot\u00e9is Small Portuguese Hotels mais procurados em 2021 Com mais de 140 hot\u00e9is da marca em Portugal, a Small Portuguese Hotels tem comprovado &hellip;<\/p>\n","protected":false},"author":3,"featured_media":100,"comment_status":"closed","ping_status":"open","sticky":false,"template":"","format":"standard","meta":{"footnotes":""},"categories":[4],"tags":[],"class_list":["post-1304","post","type-post","status-publish","format-standard","has-post-thumbnail","hentry","category-novidades"],"_links":{"self":[{"href":"https:\/\/www.imovirtual.com\/noticias\/wp-json\/wp\/v2\/posts\/1304","targetHints":{"allow":["GET"]}}],"collection":[{"href":"https:\/\/www.imovirtual.com\/noticias\/wp-json\/wp\/v2\/posts"}],"about":[{"href":"https:\/\/www.imovirtual.com\/noticias\/wp-json\/wp\/v2\/types\/post"}],"author":[{"embeddable":true,"href":"https:\/\/www.imovirtual.com\/noticias\/wp-json\/wp\/v2\/users\/3"}],"replies":[{"embeddable":true,"href":"https:\/\/www.imovirtual.com\/noticias\/wp-json\/wp\/v2\/comments?post=1304"}],"version-history":[{"count":0,"href":"https:\/\/www.imovirtual.com\/noticias\/wp-json\/wp\/v2\/posts\/1304\/revisions"}],"wp:featuredmedia":[{"embeddable":true,"href":"https:\/\/www.imovirtual.com\/noticias\/wp-json\/wp\/v2\/media\/100"}],"wp:attachment":[{"href":"https:\/\/www.imovirtual.com\/noticias\/wp-json\/wp\/v2\/media?parent=1304"}],"wp:term":[{"taxonomy":"category","embeddable":true,"href":"https:\/\/www.imovirtual.com\/noticias\/wp-json\/wp\/v2\/categories?post=1304"},{"taxonomy":"post_tag","embeddable":true,"href":"https:\/\/www.imovirtual.com\/noticias\/wp-json\/wp\/v2\/tags?post=1304"}],"curies":[{"name":"wp","href":"https:\/\/api.w.org\/{rel}","templated":true}]}}