{"id":1302,"date":"2021-12-22T00:00:00","date_gmt":"2021-12-22T00:00:00","guid":{"rendered":"https:\/\/www.imovirtual.com\/noticias2\/2021\/12\/22\/imosintese-noticias-211221\/"},"modified":"2021-12-22T00:00:00","modified_gmt":"2021-12-22T00:00:00","slug":"imosintese-noticias-211221","status":"publish","type":"post","link":"https:\/\/www.imovirtual.com\/noticias\/novidades\/imosintese-noticias-211221\/","title":{"rendered":"IMOS\u00cdNTESE &#8211; NOT\u00cdCIAS 21\/12"},"content":{"rendered":"<p class=\"css-8qfla4\">\n<p class=\"css-m5h6m0 edperro0\">\n<h2><strong>Em parceria com o Di\u00e1rio Imobili\u00e1rio, o Imovirtual apresenta diariamente um resumo notici\u00e1rio dos acontecimentos mais relevantes do dia. Fique a par das \u00faltimas novidades do Mercado Imobili\u00e1rio:<\/strong><\/h2>\n<\/p>\n<h1><strong>Portuguesa LarusDesign volta a Macau<\/strong><\/h1>\n<p>A portuguesa LARUS v\u00ea refor\u00e7ado o seu projecto de internacionaliza\u00e7\u00e3o a Oriente ao ser escolhida para desenhar os sanit\u00e1rios p\u00fablicos e os quiosques-bar da nova Zona de Lazer da Marginal da Est\u00e1tua de Kun Iam, em Macau.<\/p>\n<h3><strong>Saiba mais <a href=\"https:\/\/www.diarioimobiliario.pt\/Arquitectura\/Design\/Portuguesa-LarusDesign-volta-a-Macau\" target=\"_blank\" rel=\"noopener\">aqui<\/a><\/strong><\/h3>\n<\/p>\n<h1><strong>ERA Portugal aposta no digital e renova website<\/strong><\/h1>\n<p>A ERA Portugal acaba de lan\u00e7ar um novo website \u2018responsive\u2019, com o qual pretende proporcionar \u201c ao visitante uma experi\u00eancia de utiliza\u00e7\u00e3o intuitiva e personalizada. O novo portal, um dos websites mais visitados em Portugal, tem como objectivo facilitar a procura por casa, bem como por oportunidades de investimento e carreira\u201d \u2013 diz a rede de media\u00e7\u00e3o.<\/p>\n<h3><strong>Saiba mais <a href=\"https:\/\/www.diarioimobiliario.pt\/Actualidade\/ERA-Portugal-aposta-no-digital-e-renova-website\" target=\"_blank\" rel=\"noopener\">aqui<\/a><\/strong><\/h3>\n<\/p>\n<h1><strong>A produtividade associada \u00e0 utiliza\u00e7\u00e3o de materiais decresceu 7,0% em 2020<\/strong><\/h1>\n<p>Em 2020 o Consumo Interno de Materiais (DMC) diminuiu 1,6%, tendo o decr\u00e9scimo real do Produto Interno Bruto (PIB) sido mais intenso (-8,4%), determinando uma redu\u00e7\u00e3o de 7,0% da produtividade associada \u00e0 utiliza\u00e7\u00e3o de materiais (PIB\/DMC).&nbsp;<\/p>\n<h3><strong>Saiba mais <a href=\"https:\/\/www.diarioimobiliario.pt\/Actualidade\/A-produtividade-associada-a-utilizacao-de-materiais-decresceu-7-0-em-2020\" target=\"_blank\" rel=\"noopener\">aqui<\/a><\/strong><\/h3>\n<\/p>\n<h1><strong>Outubro registou a maior aproxima\u00e7\u00e3o ao n\u00famero de passageiros movimentados em pr\u00e9-pandemia<\/strong><\/h1>\n<p>Em Outubro, aterraram nos aeroportos nacionais 15,8 mil aeronaves em voos comerciais movimentando-se cerca de 4 milh\u00f5es de passageiros e 18,1 mil toneladas de carga e correio (+180,6% e +27,5%, face a outubro de 2020, respectivamente).&nbsp;<\/p>\n<h3><strong>Saiba mais <a href=\"https:\/\/www.diarioimobiliario.pt\/Turismo\/Outubro-registou-a-maior-aproximacao-ao-numero-de-passageiros-movimentados-em-pre-pandemia\" target=\"_blank\" rel=\"noopener\">aqui<\/a><\/strong><\/h3>\n<\/p>\n<h3><strong>Leia as anteriores Imos\u00edntese:<\/strong><\/h3>\n<p>\ud83d\udc49<a href=\"https:\/\/www.imovirtual.com\/noticias\/noticias\/imosintese-noticias-2012\" target=\"_blank\" rel=\"noopener\"><strong>IMOS\u00cdNTESE &#8211; NOT\u00cdCIAS 20\/12<\/strong><\/a><\/p>\n<p>\ud83d\udc49<a href=\"https:\/\/www.imovirtual.com\/noticias\/noticias\/imosintese-noticias-171221\" target=\"_blank\" rel=\"noopener\"><strong>IMOS\u00cdNTESE &#8211; NOT\u00cdCIAS 17\/12<\/strong><\/a><\/p>\n<p>\ud83d\udc49<a href=\"https:\/\/www.imovirtual.com\/noticias\/noticias\/imosintese-noticias-161221\" target=\"_blank\" rel=\"noopener\"><strong>IMOS\u00cdNTESE &#8211; NOT\u00cdCIAS 16\/12<\/strong><\/a><\/p>\n<\/p>\n<div class=\"css-h5fkc8\"><strong>Ultima actualiza\u00e7\u00e3o:<\/strong> 22 dezembro 2021<\/div>\n","protected":false},"excerpt":{"rendered":"<p>Em parceria com o Di\u00e1rio Imobili\u00e1rio, o Imovirtual apresenta diariamente um resumo notici\u00e1rio dos acontecimentos mais relevantes do dia. Fique a par das \u00faltimas novidades do Mercado Imobili\u00e1rio: Portuguesa LarusDesign volta a Macau A portuguesa LARUS v\u00ea refor\u00e7ado o seu projecto de internacionaliza\u00e7\u00e3o a Oriente ao ser escolhida para desenhar os sanit\u00e1rios p\u00fablicos e os &hellip;<\/p>\n","protected":false},"author":3,"featured_media":100,"comment_status":"closed","ping_status":"open","sticky":false,"template":"","format":"standard","meta":{"footnotes":""},"categories":[4],"tags":[],"class_list":["post-1302","post","type-post","status-publish","format-standard","has-post-thumbnail","hentry","category-novidades"],"_links":{"self":[{"href":"https:\/\/www.imovirtual.com\/noticias\/wp-json\/wp\/v2\/posts\/1302","targetHints":{"allow":["GET"]}}],"collection":[{"href":"https:\/\/www.imovirtual.com\/noticias\/wp-json\/wp\/v2\/posts"}],"about":[{"href":"https:\/\/www.imovirtual.com\/noticias\/wp-json\/wp\/v2\/types\/post"}],"author":[{"embeddable":true,"href":"https:\/\/www.imovirtual.com\/noticias\/wp-json\/wp\/v2\/users\/3"}],"replies":[{"embeddable":true,"href":"https:\/\/www.imovirtual.com\/noticias\/wp-json\/wp\/v2\/comments?post=1302"}],"version-history":[{"count":0,"href":"https:\/\/www.imovirtual.com\/noticias\/wp-json\/wp\/v2\/posts\/1302\/revisions"}],"wp:featuredmedia":[{"embeddable":true,"href":"https:\/\/www.imovirtual.com\/noticias\/wp-json\/wp\/v2\/media\/100"}],"wp:attachment":[{"href":"https:\/\/www.imovirtual.com\/noticias\/wp-json\/wp\/v2\/media?parent=1302"}],"wp:term":[{"taxonomy":"category","embeddable":true,"href":"https:\/\/www.imovirtual.com\/noticias\/wp-json\/wp\/v2\/categories?post=1302"},{"taxonomy":"post_tag","embeddable":true,"href":"https:\/\/www.imovirtual.com\/noticias\/wp-json\/wp\/v2\/tags?post=1302"}],"curies":[{"name":"wp","href":"https:\/\/api.w.org\/{rel}","templated":true}]}}