{"id":1278,"date":"2022-01-18T00:00:00","date_gmt":"2022-01-18T00:00:00","guid":{"rendered":"https:\/\/www.imovirtual.com\/noticias2\/2022\/01\/18\/ihru-concurso-aquisicao\/"},"modified":"2022-01-18T00:00:00","modified_gmt":"2022-01-18T00:00:00","slug":"ihru-concurso-aquisicao","status":"publish","type":"post","link":"https:\/\/www.imovirtual.com\/noticias\/novidades\/ihru-concurso-aquisicao\/","title":{"rendered":"IHRU lan\u00e7a concurso para aquisi\u00e7\u00e3o de pr\u00e9dios e fra\u00e7\u00f5es habitacionais"},"content":{"rendered":"<p class=\"css-8qfla4\">\n<p class=\"css-m5h6m0 edperro0\">\n<h1><strong>IHRU lan\u00e7a concurso para aquisi\u00e7\u00e3o de pr\u00e9dios e fra\u00e7\u00f5es habitacionais<\/strong><\/h1>\n<p>A entidade p\u00fablica promotora da pol\u00edtica nacional de habita\u00e7\u00e3o, o <strong>Instituto da Habita\u00e7\u00e3o e da Reabilita\u00e7\u00e3o Urbana (IHRU) <\/strong>est\u00e1 \u00e0 procura de im\u00f3veis nas zonas de Lisboa, Porto e Algarve para refor\u00e7ar a sua oferta de habita\u00e7\u00e3o. Para isso, o IRHU lan\u00e7ou na passada sexta-feira <strong>um an\u00fancio de&nbsp;<a href=\"http:\/\/www.ihru.pt\/web\/guest\/consultas-abertas\" target=\"_blank\" rel=\"noopener\">consulta ao mercado<\/a>&nbsp;para a aquisi\u00e7\u00e3o de pr\u00e9dios e fra\u00e7\u00f5es habitacionais<\/strong>. A not\u00edcia \u00e9 avan\u00e7ada pelo <a href=\"https:\/\/www.noticiasaominuto.com\/casa\/1912444\/ihru-lana-concurso-ao-mercado-para-aquisio-de-casas-para-habitao\" target=\"_blank\" rel=\"noopener\">Not\u00edcias ao Minuto<\/a> que teve acesso ao comunicado do IHRU, onde \u00e9 revelado que  &#8220;Os im\u00f3veis a adquirir <strong>localizam-se em v\u00e1rios concelhos das \u00e1reas metropolitanas de Lisboa, do Porto e da regi\u00e3o do Algarve <\/strong>e devem cumprir os requisitos e condi\u00e7\u00f5es estabelecidos no an\u00fancio&#8221;. <\/p>\n<p>Os ditos requisitos incluem <strong>quem pode apresentar propostas, assim como o teto m\u00e1ximo de pre\u00e7os para cada uma das <a href=\"https:\/\/www.imovirtual.com\/noticias\/imobiliario\/guia-para-tipologia-moradias-apartamentos\" target=\"_blank\" rel=\"noopener\">tipologias<\/a> de im\u00f3veis<\/strong>. De acordo com o Not\u00edcias ao Minuto, &#8220;qualquer pessoa que seja propriet\u00e1ria dos im\u00f3veis objeto da proposta, bem como empresas de media\u00e7\u00e3o imobili\u00e1ria (devidamente licenciadas) <strong>podem apresentar propostas no \u00e2mbito da referida consulta<\/strong>&#8220;. J\u00e1 quanto a pre\u00e7os, os valores das habita\u00e7\u00f5es n\u00e3o podem ultrapassar os 213 mil euros para os T1, 295 mil euros para T2, 373.000 euros para T3 ou 430 mil euros para um T4.<\/p>\n<p>A iniciativa do IHRU est\u00e1 integrada na <strong>estrat\u00e9gia de alargamento da oferta habitacional p\u00fablica a custos acess\u00edveis<\/strong>, que tem o objetivo de &#8221; garantir o acesso \u00e0 habita\u00e7\u00e3o \u00e0s fam\u00edlias que n\u00e3o t\u00eam resposta por via do mercado, nomeadamente as popula\u00e7\u00f5es com rendimentos interm\u00e9dios&#8221;. Os propriet\u00e1rios interessados t\u00eam at\u00e9 <strong>11 de fevereiro de 2022 <\/strong>para entregar as propostas via correio registado com aviso de rece\u00e7\u00e3o. <\/p>\n<p class=\" block-img\"><img decoding=\"async\" src=\"https:\/\/www.imovirtual.com\/noticias\/wp-content\/uploads\/2022\/11\/3c23b667-0a08-4ca1-abcb-74566be5c538_Copia-de-Banners-Autores-2.png\" alt=\"Alexandre Lu\u00eds Autor Imovirtual\"><\/p>\n<h4><strong>Leia tamb\u00e9m<\/strong><\/h4>\n<ul>\n<li>Novas regras para <a href=\"https:\/\/www.imovirtual.com\/noticias\/noticias\/novas-regras-anuncios-imobiliarios-arrendamento\" target=\"_blank\" rel=\"noopener\"><strong>an\u00fancios imobili\u00e1rios de arrendamento<\/strong><\/a> entram em vigor<\/li>\n<li><a href=\"https:\/\/www.imovirtual.com\/noticias\/noticias\/prazo-pagamento-aimi\" target=\"_blank\" rel=\"noopener\"><strong>Adicional ao IMI<\/strong><\/a>: prazo para propriet\u00e1rios pagarem o imposto termina hoje<\/li>\n<li><a href=\"https:\/\/www.imovirtual.com\/noticias\/noticias\/lei-de-bases-habitacao-marcelo-rebelo-sousa\" target=\"_blank\" rel=\"noopener\"><strong>Lei de Bases da Habita\u00e7\u00e3o<\/strong><\/a>&nbsp;promulgada por Presidente da Rep\u00fablica<\/li>\n<\/ul>\n<\/p>\n<div class=\"css-h5fkc8\"><strong>Ultima actualiza\u00e7\u00e3o:<\/strong> 18 janeiro 2022<\/div>\n","protected":false},"excerpt":{"rendered":"<p>IHRU lan\u00e7a concurso para aquisi\u00e7\u00e3o de pr\u00e9dios e fra\u00e7\u00f5es habitacionais A entidade p\u00fablica promotora da pol\u00edtica nacional de habita\u00e7\u00e3o, o Instituto da Habita\u00e7\u00e3o e da Reabilita\u00e7\u00e3o Urbana (IHRU) est\u00e1 \u00e0 procura de im\u00f3veis nas zonas de Lisboa, Porto e Algarve para refor\u00e7ar a sua oferta de habita\u00e7\u00e3o. Para isso, o IRHU lan\u00e7ou na passada sexta-feira &hellip;<\/p>\n","protected":false},"author":3,"featured_media":1279,"comment_status":"closed","ping_status":"open","sticky":false,"template":"","format":"standard","meta":{"footnotes":""},"categories":[4],"tags":[],"class_list":["post-1278","post","type-post","status-publish","format-standard","has-post-thumbnail","hentry","category-novidades"],"_links":{"self":[{"href":"https:\/\/www.imovirtual.com\/noticias\/wp-json\/wp\/v2\/posts\/1278","targetHints":{"allow":["GET"]}}],"collection":[{"href":"https:\/\/www.imovirtual.com\/noticias\/wp-json\/wp\/v2\/posts"}],"about":[{"href":"https:\/\/www.imovirtual.com\/noticias\/wp-json\/wp\/v2\/types\/post"}],"author":[{"embeddable":true,"href":"https:\/\/www.imovirtual.com\/noticias\/wp-json\/wp\/v2\/users\/3"}],"replies":[{"embeddable":true,"href":"https:\/\/www.imovirtual.com\/noticias\/wp-json\/wp\/v2\/comments?post=1278"}],"version-history":[{"count":0,"href":"https:\/\/www.imovirtual.com\/noticias\/wp-json\/wp\/v2\/posts\/1278\/revisions"}],"wp:featuredmedia":[{"embeddable":true,"href":"https:\/\/www.imovirtual.com\/noticias\/wp-json\/wp\/v2\/media\/1279"}],"wp:attachment":[{"href":"https:\/\/www.imovirtual.com\/noticias\/wp-json\/wp\/v2\/media?parent=1278"}],"wp:term":[{"taxonomy":"category","embeddable":true,"href":"https:\/\/www.imovirtual.com\/noticias\/wp-json\/wp\/v2\/categories?post=1278"},{"taxonomy":"post_tag","embeddable":true,"href":"https:\/\/www.imovirtual.com\/noticias\/wp-json\/wp\/v2\/tags?post=1278"}],"curies":[{"name":"wp","href":"https:\/\/api.w.org\/{rel}","templated":true}]}}