{"id":1264,"date":"2022-01-14T00:00:00","date_gmt":"2022-01-14T00:00:00","guid":{"rendered":"https:\/\/www.imovirtual.com\/noticias2\/2022\/01\/14\/imosintese-noticias-130122\/"},"modified":"2022-01-14T00:00:00","modified_gmt":"2022-01-14T00:00:00","slug":"imosintese-noticias-130122","status":"publish","type":"post","link":"https:\/\/www.imovirtual.com\/noticias\/novidades\/imosintese-noticias-130122\/","title":{"rendered":"IMOS\u00cdNTESE &#8211; NOT\u00cdCIAS 13\/01"},"content":{"rendered":"<p class=\"css-8qfla4\">\n<p class=\"css-m5h6m0 edperro0\">\n<h2><strong>Em parceria com o Di\u00e1rio Imobili\u00e1rio, o Imovirtual apresenta diariamente um resumo notici\u00e1rio dos acontecimentos mais relevantes do dia. Fique a par das \u00faltimas novidades do Mercado Imobili\u00e1rio:<\/strong><\/h2>\n<\/p>\n<h1><strong>Luxo na Quinta do Per\u00fa<\/strong><\/h1>\n<p>A Tra\u00e7ado Regulador,&nbsp;escrit\u00f3rio portugu\u00eas dedicado ao desenvolvimento de projetos e \u00e0 consultoria em arquitetura e engenharia, inic\u00eda o ano com a constru\u00e7\u00e3o de uma moradia luxuosa na Quinta do Peru, em Azeit\u00e3o.<\/p>\n<h3><strong>Saiba mais <a href=\"https:\/\/www.diarioimobiliario.pt\/Arquitectura\/Luxo-na-Quinta-do-Peru\" target=\"_blank\" rel=\"noopener\">aqui<\/a><\/strong><\/h3>\n<\/p>\n<h1><strong>Principais operadores e marcas globais hoteleiras querem investir em Portugal<\/strong><\/h1>\n<p><strong>[Entrevista &#8211; Eduardo Abreu] &#8211; <\/strong>Eduardo Abreu, da Neoturis, revela que continua o crescente interesse por parte dos principais operadores e marcas globais em refor\u00e7ar ou iniciar a sua presen\u00e7a em Portugal,&nbsp;desde a hotelaria mais econ\u00f3mica at\u00e9 \u00e0 hotelaria de luxo.<\/p>\n<h3><strong>Saiba mais <a href=\"https:\/\/www.diarioimobiliario.pt\/Entrevistas\/Principais-operadores-e-marcas-globais-hoteleiras-querem-investir-em-Portugal\" target=\"_blank\" rel=\"noopener\">aqui<\/a><\/strong><\/h3>\n<\/p>\n<h1><strong>SIL: Maior evento imobili\u00e1rio portugu\u00eas em contagem decrescente<\/strong><\/h1>\n<p>A 25\u00aa edi\u00e7\u00e3o do Sal\u00e3o Imobili\u00e1rio de Portugal &#8211; SIL, vai acontecer entre 12 e&nbsp;15 Maio e&nbsp;marca o in\u00edcio do circuito de feiras do sector&nbsp;a n\u00edvel internacional, antecipando-se a Madrid, Barcelona, Munique e Cannes.<\/p>\n<h3><strong>Saiba mais <a href=\"https:\/\/www.diarioimobiliario.pt\/Actualidade\/SIL-Maior-evento-imobiliario-portugues-em-contagem-decrescente\" target=\"_blank\" rel=\"noopener\">aqui<\/a><\/strong><\/h3>\n<\/p>\n<h1><strong>SPARK &#8211; Smart Park Matosinhos: O centro empresarial que vai nascer na antiga f\u00e1brica da Lactogal<\/strong><\/h1>\n<p>Num investimento de 20 milh\u00f5es de euros e promovido pela&nbsp;Castro Group, o novo centro empresarial ir\u00e1 nascer na&nbsp;antiga f\u00e1brica da Lactogal, em Matosinhos, Le\u00e7a do Balio, com projecto do&nbsp;gabinete Paulo Merlini Architects.&nbsp;Reabilita\u00e7\u00e3o, tecnologia, comunidade, conex\u00e3o e natureza s\u00e3o os pilares inspiradores deste projecto, que ocupa&nbsp;cerca de 18&nbsp;000 m2.<\/p>\n<h3><strong>Saiba mais <a href=\"https:\/\/www.diarioimobiliario.pt\/Actualidade\/SPARK-Smart-Park-Matosinhos-O-centro-empresarial-que-vai-nascer-na-antiga-fabrica-da-Lactogal\" target=\"_blank\" rel=\"noopener\">aqui<\/a><\/strong><\/h3>\n<\/p>\n<h1><strong>Exponor anuncia novas datas<\/strong><\/h1>\n<p>A&nbsp;Exponor ajustou o calend\u00e1rio de ocorr\u00eancia de v\u00e1rios dos seus eventos, nomeadamente&nbsp;algumas das suas mais emblem\u00e1ticas feiras, como a Concreta, a Export Home, a IDF e a El\u00e9ctrica.<\/p>\n<h3><strong>Saiba mais <a href=\"https:\/\/www.diarioimobiliario.pt\/Actualidade\/Exponor-anuncia-novas-datas\" target=\"_blank\" rel=\"noopener\">aqui<\/a><\/strong><\/h3>\n<\/p>\n<h3><strong>Leia as anteriores Imos\u00edntese:<\/strong><\/h3>\n<p>\ud83d\udc49<a href=\"https:\/\/www.imovirtual.com\/noticias\/noticias\/imosintese-noticias-120122\" target=\"_blank\" rel=\"noopener\"><strong>IMOS\u00cdNTESE &#8211; NOT\u00cdCIAS 12\/01<\/strong><\/a><\/p>\n<p>\ud83d\udc49<a href=\"https:\/\/www.imovirtual.com\/noticias\/noticias\/imosintese-noticias-110122\" target=\"_blank\" rel=\"noopener\"><strong>IMOS\u00cdNTESE &#8211; NOT\u00cdCIAS 11\/01<\/strong><\/a><\/p>\n<p>\ud83d\udc49<a href=\"https:\/\/www.imovirtual.com\/noticias\/noticias\/imosintese-noticias-1001\" target=\"_blank\" rel=\"noopener\"><strong>IMOS\u00cdNTESE &#8211; NOT\u00cdCIAS 10\/01<\/strong><\/a><\/p>\n<\/p>\n<div class=\"css-h5fkc8\"><strong>Ultima actualiza\u00e7\u00e3o:<\/strong> 14 janeiro 2022<\/div>\n","protected":false},"excerpt":{"rendered":"<p>Em parceria com o Di\u00e1rio Imobili\u00e1rio, o Imovirtual apresenta diariamente um resumo notici\u00e1rio dos acontecimentos mais relevantes do dia. Fique a par das \u00faltimas novidades do Mercado Imobili\u00e1rio: Luxo na Quinta do Per\u00fa A Tra\u00e7ado Regulador,&nbsp;escrit\u00f3rio portugu\u00eas dedicado ao desenvolvimento de projetos e \u00e0 consultoria em arquitetura e engenharia, inic\u00eda o ano com a constru\u00e7\u00e3o &hellip;<\/p>\n","protected":false},"author":3,"featured_media":100,"comment_status":"closed","ping_status":"open","sticky":false,"template":"","format":"standard","meta":{"footnotes":""},"categories":[4],"tags":[],"class_list":["post-1264","post","type-post","status-publish","format-standard","has-post-thumbnail","hentry","category-novidades"],"_links":{"self":[{"href":"https:\/\/www.imovirtual.com\/noticias\/wp-json\/wp\/v2\/posts\/1264","targetHints":{"allow":["GET"]}}],"collection":[{"href":"https:\/\/www.imovirtual.com\/noticias\/wp-json\/wp\/v2\/posts"}],"about":[{"href":"https:\/\/www.imovirtual.com\/noticias\/wp-json\/wp\/v2\/types\/post"}],"author":[{"embeddable":true,"href":"https:\/\/www.imovirtual.com\/noticias\/wp-json\/wp\/v2\/users\/3"}],"replies":[{"embeddable":true,"href":"https:\/\/www.imovirtual.com\/noticias\/wp-json\/wp\/v2\/comments?post=1264"}],"version-history":[{"count":0,"href":"https:\/\/www.imovirtual.com\/noticias\/wp-json\/wp\/v2\/posts\/1264\/revisions"}],"wp:featuredmedia":[{"embeddable":true,"href":"https:\/\/www.imovirtual.com\/noticias\/wp-json\/wp\/v2\/media\/100"}],"wp:attachment":[{"href":"https:\/\/www.imovirtual.com\/noticias\/wp-json\/wp\/v2\/media?parent=1264"}],"wp:term":[{"taxonomy":"category","embeddable":true,"href":"https:\/\/www.imovirtual.com\/noticias\/wp-json\/wp\/v2\/categories?post=1264"},{"taxonomy":"post_tag","embeddable":true,"href":"https:\/\/www.imovirtual.com\/noticias\/wp-json\/wp\/v2\/tags?post=1264"}],"curies":[{"name":"wp","href":"https:\/\/api.w.org\/{rel}","templated":true}]}}