{"id":1263,"date":"2022-01-03T00:00:00","date_gmt":"2022-01-03T00:00:00","guid":{"rendered":"https:\/\/www.imovirtual.com\/noticias2\/2022\/01\/03\/imosintese-noticias-0301\/"},"modified":"2022-01-03T00:00:00","modified_gmt":"2022-01-03T00:00:00","slug":"imosintese-noticias-0301","status":"publish","type":"post","link":"https:\/\/www.imovirtual.com\/noticias\/novidades\/imosintese-noticias-0301\/","title":{"rendered":"IMOS\u00cdNTESE &#8211; NOT\u00cdCIAS 03\/01"},"content":{"rendered":"<p class=\"css-8qfla4\">\n<p class=\"css-m5h6m0 edperro0\">\n<h2><strong>Em parceria com o Di\u00e1rio Imobili\u00e1rio, o Imovirtual apresenta diariamente um resumo notici\u00e1rio dos acontecimentos mais relevantes do dia. Fique a par das \u00faltimas novidades do Mercado Imobili\u00e1rio:<\/strong><\/h2>\n<\/p>\n<h1><strong>Capital estrangeiro dominou mercado imobili\u00e1rio de 2021 agregando 70% do volume investido<\/strong><\/h1>\n<p>O capital estrangeiro dominou a actividade do mercado imobili\u00e1rio, agregando 70% do volume investido em imobili\u00e1rio em 2021. A sua grande maioria teve origem na Europa, revela a C&amp;W.<\/p>\n<h3><strong>Saiba mais <a href=\"https:\/\/www.diarioimobiliario.pt\/Actualidade\/Capital-estrangeiro-dominou-mercado-imobiliario-de-2021-agregando-70-do-volume-investido\" target=\"_blank\" rel=\"noopener\">aqui<\/a><\/strong><\/h3>\n<\/p>\n<h1><strong>A sul-coreana CS Wind ASM vai investir 260 milh\u00f5es de euros em Portugal<\/strong><\/h1>\n<p>A CS Wind ASM da Coreia do Sul ir\u00e1 investir cerca de 260 milh\u00f5es de euros nos pr\u00f3ximos quatro anos com o objectivo de triplicar a capacidade de produ\u00e7\u00e3o de torres e\u00f3licas e funda\u00e7\u00f5es offshore nas suas instala\u00e7\u00f5es industriais em Portugal.<\/p>\n<h3><strong>Saiba mais <a href=\"https:\/\/www.diarioimobiliario.pt\/Actualidade\/A-sul-coreana-CS-Wind-ASM-vai-investir-260-milhoes-de-euros-em-Portugal\" target=\"_blank\" rel=\"noopener\">aqui<\/a><\/strong><\/h3>\n<\/p>\n<h1><strong>2022 dever\u00e1 continuar a recupera\u00e7\u00e3o econ\u00f3mico-financeiro e do mercado imobili\u00e1rio<\/strong><\/h1>\n<p>Para Pedro Rutkowski, CEO da Worx,&nbsp;\u201co ano de 2021 apresentou uma recupera\u00e7\u00e3o positiva face ao per\u00edodo conturbado que se viveu na sequ\u00eancia da pandemia e, ainda que muitos&nbsp;<em>players<\/em>&nbsp;continuem com algum grau de incerteza na sua tomada de decis\u00e3o, os seus planos de investimento continuam em execu\u00e7\u00e3o e os neg\u00f3cios s\u00e3o concretizados\u201d. <\/p>\n<h3><strong>Saiba mais <a href=\"https:\/\/www.diarioimobiliario.pt\/Actualidade\/2022-devera-continuar-a-recuperacao-economico-financeiro-e-do-mercado-imobiliario\" target=\"_blank\" rel=\"noopener\">aqui<\/a><\/strong><\/h3>\n<\/p>\n<h1><strong>Mais de 70% das unidades do empreendimento Dom Pedro Residences est\u00e3o vendidas<\/strong><\/h1>\n<p>A Garvetur, mediadora oficial do complexo de apartamentos tur\u00edsticos Dom Pedro Residences, situado na frente de mar servida pelo passadi\u00e7o que liga Quarteira a Vilamoura, j\u00e1 vendeu mais de 70% das unidades dispon\u00edveis do primeiro Lote.<\/p>\n<h3><strong>Saiba mais <a href=\"https:\/\/www.diarioimobiliario.pt\/Habitacao\/Mais-de-70-das-unidades-do-empreendimento-Dom-Pedro-Residences-estao-vendidas\" target=\"_blank\" rel=\"noopener\">aqui<\/a><\/strong><\/h3>\n<\/p>\n<h1><strong>Faltam 70 mil trabalhadores para o sector da constru\u00e7\u00e3o<\/strong><\/h1>\n<p><strong>[Entrevista &#8211; Manuel Reis Campos] &#8211; <\/strong>Manuel Reis Campos, presidente da CPCI &#8211; Confedera\u00e7\u00e3o Portuguesa da Constru\u00e7\u00e3o e Imobili\u00e1rio, revela que em 2021, um dos pontos que se destacou pela positiva foi a reafirma\u00e7\u00e3o da resili\u00eancia do sector, no entanto, alerta para a falta de m\u00e3o-de-obra qualificada, identificando-se a falta de cerca de 70 mil trabalhadores no sector, e persistindo um grande desfasamento, no mercado de trabalho, entre a procura e a oferta de emprego.<\/p>\n<h3><strong>Saiba mais <a href=\"https:\/\/www.diarioimobiliario.pt\/Entrevistas\/Faltam-70-mil-trabalhadores-para-o-sector-da-construcao\" target=\"_blank\" rel=\"noopener\">aqui<\/a><\/strong><\/h3>\n<\/p>\n<h3><strong>Leia as anteriores Imos\u00edntese:<\/strong><\/h3>\n<p>\ud83d\udc49<a href=\"https:\/\/www.imovirtual.com\/noticias\/noticias\/imosintese-noticias-301221\" target=\"_blank\" rel=\"noopener\"><strong>IMOS\u00cdNTESE &#8211; NOT\u00cdCIAS 30\/12<\/strong><\/a><\/p>\n<p>\ud83d\udc49<a href=\"https:\/\/www.imovirtual.com\/noticias\/noticias\/imosintese-noticias-291221\" target=\"_blank\" rel=\"noopener\"><strong>IMOS\u00cdNTESE &#8211; NOT\u00cdCIAS 29\/12<\/strong><\/a><\/p>\n<p>\ud83d\udc49<a href=\"https:\/\/www.imovirtual.com\/noticias\/noticias\/imosintese-noticias-281221\" target=\"_blank\" rel=\"noopener\"><strong>IMOS\u00cdNTESE &#8211; NOT\u00cdCIAS 28\/12<\/strong><\/a><\/p>\n<\/p>\n<div class=\"css-h5fkc8\"><strong>Ultima actualiza\u00e7\u00e3o:<\/strong> 03 janeiro 2022<\/div>\n","protected":false},"excerpt":{"rendered":"<p>Em parceria com o Di\u00e1rio Imobili\u00e1rio, o Imovirtual apresenta diariamente um resumo notici\u00e1rio dos acontecimentos mais relevantes do dia. Fique a par das \u00faltimas novidades do Mercado Imobili\u00e1rio: Capital estrangeiro dominou mercado imobili\u00e1rio de 2021 agregando 70% do volume investido O capital estrangeiro dominou a actividade do mercado imobili\u00e1rio, agregando 70% do volume investido em &hellip;<\/p>\n","protected":false},"author":3,"featured_media":100,"comment_status":"closed","ping_status":"open","sticky":false,"template":"","format":"standard","meta":{"footnotes":""},"categories":[4],"tags":[],"class_list":["post-1263","post","type-post","status-publish","format-standard","has-post-thumbnail","hentry","category-novidades"],"_links":{"self":[{"href":"https:\/\/www.imovirtual.com\/noticias\/wp-json\/wp\/v2\/posts\/1263","targetHints":{"allow":["GET"]}}],"collection":[{"href":"https:\/\/www.imovirtual.com\/noticias\/wp-json\/wp\/v2\/posts"}],"about":[{"href":"https:\/\/www.imovirtual.com\/noticias\/wp-json\/wp\/v2\/types\/post"}],"author":[{"embeddable":true,"href":"https:\/\/www.imovirtual.com\/noticias\/wp-json\/wp\/v2\/users\/3"}],"replies":[{"embeddable":true,"href":"https:\/\/www.imovirtual.com\/noticias\/wp-json\/wp\/v2\/comments?post=1263"}],"version-history":[{"count":0,"href":"https:\/\/www.imovirtual.com\/noticias\/wp-json\/wp\/v2\/posts\/1263\/revisions"}],"wp:featuredmedia":[{"embeddable":true,"href":"https:\/\/www.imovirtual.com\/noticias\/wp-json\/wp\/v2\/media\/100"}],"wp:attachment":[{"href":"https:\/\/www.imovirtual.com\/noticias\/wp-json\/wp\/v2\/media?parent=1263"}],"wp:term":[{"taxonomy":"category","embeddable":true,"href":"https:\/\/www.imovirtual.com\/noticias\/wp-json\/wp\/v2\/categories?post=1263"},{"taxonomy":"post_tag","embeddable":true,"href":"https:\/\/www.imovirtual.com\/noticias\/wp-json\/wp\/v2\/tags?post=1263"}],"curies":[{"name":"wp","href":"https:\/\/api.w.org\/{rel}","templated":true}]}}