{"id":1262,"date":"2021-12-30T00:00:00","date_gmt":"2021-12-30T00:00:00","guid":{"rendered":"https:\/\/www.imovirtual.com\/noticias2\/2021\/12\/30\/imosintese-noticias-301221\/"},"modified":"2021-12-30T00:00:00","modified_gmt":"2021-12-30T00:00:00","slug":"imosintese-noticias-301221","status":"publish","type":"post","link":"https:\/\/www.imovirtual.com\/noticias\/novidades\/imosintese-noticias-301221\/","title":{"rendered":"IMOS\u00cdNTESE &#8211; NOT\u00cdCIAS 30\/12"},"content":{"rendered":"<p class=\"css-8qfla4\">\n<p class=\"css-m5h6m0 edperro0\">\n<h2><strong>Em parceria com o Di\u00e1rio Imobili\u00e1rio, o Imovirtual apresenta diariamente um resumo notici\u00e1rio dos acontecimentos mais relevantes do dia. Fique a par das \u00faltimas novidades do Mercado Imobili\u00e1rio:<\/strong><\/h2>\n<\/p>\n<h1><strong>Governo apoia a aquisi\u00e7\u00e3o de meios de teletrabalho e instala\u00e7\u00e3o de centros de cowork<\/strong><\/h1>\n<p>O Governo j\u00e1 publicou os avisos para a aquisi\u00e7\u00e3o de meios que viabilizem o teletrabalho para os trabalhadores p\u00fablicos cujas fun\u00e7\u00f5es o permitam e para a instala\u00e7\u00e3o de centros de cowork em espa\u00e7os j\u00e1 existentes, sendo estas duas pol\u00edticas de promo\u00e7\u00e3o do teletrabalho integralmente financiadas pelo Plano de Recupera\u00e7\u00e3o e Resili\u00eancia (PRR).<\/p>\n<h3><strong>Saiba mais <a href=\"https:\/\/www.diarioimobiliario.pt\/Actualidade\/Escritorios\/Governo-apoia-a-aquisicao-de-meios-de-teletrabalho-e-instalacao-de-centros-de-cowork\" target=\"_blank\" rel=\"noopener\">aqui<\/a><\/strong><\/h3>\n<\/p>\n<h1><strong>Resili\u00eancia \u00e9 a palavra que define o mercado imobili\u00e1rio portugu\u00eas em 2021<\/strong><\/h1>\n<p>Venderam-se mais casas e onde os portugueses dominaram, no entanto, o investimento estrangeiro manteve-se e o valor dos im\u00f3veis continuou s\u00f3lido.<\/p>\n<h3><strong>Saiba mais <a href=\"https:\/\/www.diarioimobiliario.pt\/Actualidade\/Resiliencia-e-a-palavra-que-define-o-mercado-imobiliario-portugues-em-2021\" target=\"_blank\" rel=\"noopener\">aqui<\/a><\/strong><\/h3>\n<\/p>\n<h1><strong>IHRU ir\u00e1 sortear 31 habita\u00e7\u00f5es em Arrendamento Acess\u00edvel<\/strong><\/h1>\n<p>Estar\u00e3o abertos, a partir de dia 30 de Dezembro, concursos por sorteio para atribui\u00e7\u00e3o de 31 habita\u00e7\u00f5es do Instituto da Habita\u00e7\u00e3o e da Reabilita\u00e7\u00e3o Urbana- IHRU&nbsp;no \u00e2mbito do Programa de Arrendamento Acess\u00edvel.<\/p>\n<h3><strong>Saiba mais <a href=\"https:\/\/www.diarioimobiliario.pt\/Habitacao\/Arrendamento\/IHRU-ira-sortear-31-habitacoes-em-Arrendamento-Acessivel\" target=\"_blank\" rel=\"noopener\">aqui<\/a><\/strong><\/h3>\n<\/p>\n<h1><strong>Pre\u00e7o m\u00e9dio de venda de casas atinge o valor mais alto do ano em Dezembro<\/strong><\/h1>\n<p>O valor m\u00e9dio de venda em Dezembro foi de 372.017 euros, o mais alto de 2021 depois de Julho (371.880 euros) e Setembro (370.372 euros). O pre\u00e7o sobe +6,8% em rela\u00e7\u00e3o ao per\u00edodo hom\u00f3logo do ano passado, quando o valor era de 348.223 euros.<\/p>\n<h3><strong>Saiba mais <a href=\"https:\/\/www.diarioimobiliario.pt\/Habitacao\/Preco-medio-de-venda-de-casas-atinge-o-valor-mais-alto-do-ano-em-Dezembro\" target=\"_blank\" rel=\"noopener\">aqui<\/a><\/strong><\/h3>\n<\/p>\n<h1><strong>Amadora assinou Acordo de Colabora\u00e7\u00e3o<\/strong><\/h1>\n<p>O munic\u00edpio da Amadora, da \u00c1rea Metropolitana de Lisboa, assinou hoje com o Instituto de Habita\u00e7\u00e3o e Reabilita\u00e7\u00e3o Urbana(IRHU) o Acordo de Colabora\u00e7\u00e3o no \u00e2mbito do Programa de Apoio ao Acesso \u00e0 Habita\u00e7\u00e3o \u2013 1.\u00ba Direito.<\/p>\n<h3><strong>Saiba mais <a href=\"https:\/\/www.diarioimobiliario.pt\/Habitacao\/Amadora-assinou-Acordo-de-Colaboracao\" target=\"_blank\" rel=\"noopener\">aqui<\/a><\/strong><\/h3>\n<\/p>\n<h3><strong>Leia as anteriores Imos\u00edntese:<\/strong><\/h3>\n<p>\ud83d\udc49<a href=\"https:\/\/www.imovirtual.com\/noticias\/noticias\/imosintese-noticias-291221\" target=\"_blank\" rel=\"noopener\"><strong>IMOS\u00cdNTESE &#8211; NOT\u00cdCIAS 29\/12<\/strong><\/a><\/p>\n<p>\ud83d\udc49<a href=\"https:\/\/www.imovirtual.com\/noticias\/noticias\/imosintese-noticias-281221\" target=\"_blank\" rel=\"noopener\"><strong>IMOS\u00cdNTESE &#8211; NOT\u00cdCIAS 28\/12<\/strong><\/a><\/p>\n<p>\ud83d\udc49<a href=\"https:\/\/www.imovirtual.com\/noticias\/noticias\/imosintese-noticias-2712\" target=\"_blank\" rel=\"noopener\"><strong>IMOS\u00cdNTESE &#8211; NOT\u00cdCIAS 27\/12<\/strong><\/a><\/p>\n<\/p>\n<div class=\"css-h5fkc8\"><strong>Ultima actualiza\u00e7\u00e3o:<\/strong> 30 dezembro 2021<\/div>\n","protected":false},"excerpt":{"rendered":"<p>Em parceria com o Di\u00e1rio Imobili\u00e1rio, o Imovirtual apresenta diariamente um resumo notici\u00e1rio dos acontecimentos mais relevantes do dia. Fique a par das \u00faltimas novidades do Mercado Imobili\u00e1rio: Governo apoia a aquisi\u00e7\u00e3o de meios de teletrabalho e instala\u00e7\u00e3o de centros de cowork O Governo j\u00e1 publicou os avisos para a aquisi\u00e7\u00e3o de meios que viabilizem &hellip;<\/p>\n","protected":false},"author":3,"featured_media":100,"comment_status":"closed","ping_status":"open","sticky":false,"template":"","format":"standard","meta":{"footnotes":""},"categories":[4],"tags":[],"class_list":["post-1262","post","type-post","status-publish","format-standard","has-post-thumbnail","hentry","category-novidades"],"_links":{"self":[{"href":"https:\/\/www.imovirtual.com\/noticias\/wp-json\/wp\/v2\/posts\/1262","targetHints":{"allow":["GET"]}}],"collection":[{"href":"https:\/\/www.imovirtual.com\/noticias\/wp-json\/wp\/v2\/posts"}],"about":[{"href":"https:\/\/www.imovirtual.com\/noticias\/wp-json\/wp\/v2\/types\/post"}],"author":[{"embeddable":true,"href":"https:\/\/www.imovirtual.com\/noticias\/wp-json\/wp\/v2\/users\/3"}],"replies":[{"embeddable":true,"href":"https:\/\/www.imovirtual.com\/noticias\/wp-json\/wp\/v2\/comments?post=1262"}],"version-history":[{"count":0,"href":"https:\/\/www.imovirtual.com\/noticias\/wp-json\/wp\/v2\/posts\/1262\/revisions"}],"wp:featuredmedia":[{"embeddable":true,"href":"https:\/\/www.imovirtual.com\/noticias\/wp-json\/wp\/v2\/media\/100"}],"wp:attachment":[{"href":"https:\/\/www.imovirtual.com\/noticias\/wp-json\/wp\/v2\/media?parent=1262"}],"wp:term":[{"taxonomy":"category","embeddable":true,"href":"https:\/\/www.imovirtual.com\/noticias\/wp-json\/wp\/v2\/categories?post=1262"},{"taxonomy":"post_tag","embeddable":true,"href":"https:\/\/www.imovirtual.com\/noticias\/wp-json\/wp\/v2\/tags?post=1262"}],"curies":[{"name":"wp","href":"https:\/\/api.w.org\/{rel}","templated":true}]}}