{"id":1241,"date":"2021-12-25T00:00:00","date_gmt":"2021-12-25T00:00:00","guid":{"rendered":"https:\/\/www.imovirtual.com\/noticias2\/2021\/12\/25\/dicas-utilizar-varanda-todo-ano\/"},"modified":"2024-08-28T10:19:00","modified_gmt":"2024-08-28T10:19:00","slug":"dicas-utilizar-varanda-todo-ano","status":"publish","type":"post","link":"https:\/\/www.imovirtual.com\/noticias\/lifestyle\/dicas-utilizar-varanda-todo-ano\/","title":{"rendered":"Dicas para aproveitar a varanda durante todo o ano"},"content":{"rendered":"<p class=\"css-8qfla4\">\n<p class=\"css-m5h6m0 edperro0\">\n<h1><strong>Como aproveitar a varanda todo o ano<\/strong><\/h1>\n<p>Ter uma <strong>varanda em casa \u00e9 sem d\u00favida uma mais valia<\/strong>, principalmente se tiver <a href=\"https:\/\/www.imovirtual.com\/noticias\/lifestyle\/cuidados-casa-animais-de-estimacao-cao-gato\" target=\"_blank\" rel=\"noopener\">animais de estima\u00e7\u00e3o<\/a> ou precisar de uma desculpa para entreter &#8211; de forma segura &#8211; as <a href=\"https:\/\/www.imovirtual.com\/noticias\/financas\/viver-com-criancas-essenciais-para-comecar-uma-vida-a-3-id139.html\" target=\"_blank\" rel=\"noopener\">crian\u00e7as<\/a>. Claro que durante o tempo de confinamento, as varandas e <a href=\"https:\/\/www.imovirtual.com\/noticias\/decoracao\/dicas-decorar-terraco-verao\" target=\"_blank\" rel=\"noopener\">terra\u00e7os<\/a> foram sem d\u00favida a forma de sair \u00e0 rua dentro de casa. E quem \u00e9 que n\u00e3o gosta de organizar um <a href=\"https:\/\/www.imovirtual.com\/noticias\/lifestyle\/o-que-nao-pode-faltar-num-jantar-italiano\" target=\"_blank\" rel=\"noopener\">jantar<\/a> entre amigos nesta divis\u00e3o? S\u00e3o muitas as vantagens e prop\u00f3sitos que s\u00e3o atribu\u00eddos \u00e0s varandas, mas a verdade \u00e9 que <strong>este espa\u00e7o s\u00f3 \u00e9 verdadeiramente aproveitado durante o tempo quente e seco<\/strong>. Durante o Inverno, as varandas limitam-se a existir e a acumular sujidade, n\u00e3o havendo uma utiliza\u00e7\u00e3o otimizada do espa\u00e7o por conta do frio e da chuva. Mas felizmente j\u00e1 existem solu\u00e7\u00f5es que lhe permitem aproveitar este local todo o ano. Falamos-lhe de algumas delas:<\/p>\n<\/p>\n<h2><strong>Feche uma parte da varanda<\/strong><\/h2>\n<p>Tem uma <strong>varanda grande<\/strong>? N\u00e3o necessita de a isolar por completo, basta<strong> reservar uma \u00e1rea para uma parte fechada<\/strong>. Assim poder\u00e1 ter o melhor dos dois mundos, sem ter de se comprometer com uma solu\u00e7\u00e3o final.<\/p>\n<\/p>\n<h2><strong>Coloque um toldo<\/strong><\/h2>\n<p>Pode simplesmente resguardar a \u00e1rea social da sua varanda recorrendo a um<strong> toldo<\/strong>. Esta \u00e9 uma op\u00e7\u00e3o resistente que protege e confere sombra sempre que quiser. Tamb\u00e9m \u00e9 uma \u00f3tima forma de conseguir controlar a entrada de luz natural na sua casa.<\/p>\n<\/p>\n<h2><strong>Invista em portas em vidro<\/strong><\/h2>\n<p>Outra das formas de conseguir ter o melhor dos mundos \u00e9 atrav\u00e9s da <strong>instala\u00e7\u00e3o de portas de vidro em formato fole <\/strong>na sua varanda. Assim poder\u00e1 deixar a varanda aberta nos dias de maior calor e fech\u00e1-la quando fizer vento e chuva.<\/p>\n<\/p>\n<h2><strong>Crie uma marquise<\/strong><\/h2>\n<p>E que tal tornar a<strong> varanda numa extens\u00e3o do seu apartamento<\/strong>? Pode faze-lo atrav\u00e9s da cria\u00e7\u00e3o de uma<strong> marquise<\/strong>. Esta \u00e9 uma boa solu\u00e7\u00e3o para quem tem uma varanda virada para norte, j\u00e1 que ter\u00e1 certamente pouca luz durante o dia. Assim poder\u00e1 otimizar o espa\u00e7o da sua casa de forma eficaz.<\/p>\n<\/p>\n<p>Note que, <strong>dependendo da configura\u00e7\u00e3o do seu pr\u00e9dio e da sua escolha<\/strong>, \u00e9 prov\u00e1vel que necessite de solicitar aprova\u00e7\u00e3o para esta obra por parte da <a href=\"https:\/\/www.imovirtual.com\/noticias\/imobiliario\/organizar-assembleia-condominio\" target=\"_blank\" rel=\"noopener\"><strong>Assembleia de Condomin\u00edo<\/strong><\/a> e em casos mais extremos, at\u00e9 \u00e0 C\u00e2mara Municipal da sua \u00e1rea de resid\u00eancia. Recorde-se do caso da <a href=\"https:\/\/www.imovirtual.com\/noticias\/lifestyle\/famosos-cristiano-ronaldo-marquise-rua-castilho\" target=\"_blank\" rel=\"noopener\">marquise de Cristiano Ronaldo<\/a>, que n\u00e3o estava prevista no projeto oficial e que por isso necessitava de uma autoriza\u00e7\u00e3o da autarquia para ser erigida. <\/p>\n<p class=\" block-img\"><img decoding=\"async\" src=\"https:\/\/www.imovirtual.com\/noticias\/wp-content\/uploads\/2022\/11\/af14b393-f5d1-4a75-8368-42f656903033_Copia-de-Banners-Autores-3.png\" alt=\"Maria Lu\u00edsa Autor Imovirtual\"><\/p>\n<h5><em>Maria Lu\u00edsa \u00e9 a decoradora. A paix\u00e3o pela decora\u00e7\u00e3o surgiu desde muito cedo, quando as paredes se tornaram folhas de desenho. Juntou o \u00fatil ao agrad\u00e1vel e fez da voca\u00e7\u00e3o o seu trabalho. Est\u00e1 a cargo dos temas sobre &#8216;Decora\u00e7\u00e3o&#8217; do Blog do Imovirtual.<\/em><\/h5>\n<\/p>\n<h4><strong>Tamb\u00e9m lhe pode interessar<\/strong><\/h4>\n<ul>\n<li><a href=\"https:\/\/www.imovirtual.com\/noticias\/decoracao\/corredores-como-decorar\" target=\"_blank\" rel=\"noopener\"><strong>Corredores<\/strong><\/a>: como decorar de forma harmoniosa e pr\u00e1tica<\/li>\n<li>8 dicas para&nbsp;<a href=\"https:\/\/www.imovirtual.com\/noticias\/decoracao\/dicas-decorar-casa\" target=\"_blank\" rel=\"noopener\"><strong>decorar a casa<\/strong><\/a>&nbsp;com sucesso<\/li>\n<li>Porque necessita de contratar um <a href=\"https:\/\/www.imovirtual.com\/noticias\/decoracao\/motivos-contratar-personal-organizer\" target=\"_blank\" rel=\"noopener\"><strong>Personal Organizer<\/strong><\/a>?<\/li>\n<\/ul>\n<\/p>\n<div class=\"css-h5fkc8\"><strong>Ultima actualiza\u00e7\u00e3o:<\/strong> 25 dezembro 2021<\/div>\n","protected":false},"excerpt":{"rendered":"<p>Como aproveitar a varanda todo o ano Ter uma varanda em casa \u00e9 sem d\u00favida uma mais valia, principalmente se tiver animais de estima\u00e7\u00e3o ou precisar de uma desculpa para entreter &#8211; de forma segura &#8211; as crian\u00e7as. Claro que durante o tempo de confinamento, as varandas e terra\u00e7os foram sem d\u00favida a forma de &hellip;<\/p>\n","protected":false},"author":3,"featured_media":1242,"comment_status":"closed","ping_status":"open","sticky":false,"template":"","format":"standard","meta":{"footnotes":""},"categories":[3],"tags":[],"class_list":["post-1241","post","type-post","status-publish","format-standard","has-post-thumbnail","hentry","category-lifestyle"],"_links":{"self":[{"href":"https:\/\/www.imovirtual.com\/noticias\/wp-json\/wp\/v2\/posts\/1241","targetHints":{"allow":["GET"]}}],"collection":[{"href":"https:\/\/www.imovirtual.com\/noticias\/wp-json\/wp\/v2\/posts"}],"about":[{"href":"https:\/\/www.imovirtual.com\/noticias\/wp-json\/wp\/v2\/types\/post"}],"author":[{"embeddable":true,"href":"https:\/\/www.imovirtual.com\/noticias\/wp-json\/wp\/v2\/users\/3"}],"replies":[{"embeddable":true,"href":"https:\/\/www.imovirtual.com\/noticias\/wp-json\/wp\/v2\/comments?post=1241"}],"version-history":[{"count":0,"href":"https:\/\/www.imovirtual.com\/noticias\/wp-json\/wp\/v2\/posts\/1241\/revisions"}],"wp:featuredmedia":[{"embeddable":true,"href":"https:\/\/www.imovirtual.com\/noticias\/wp-json\/wp\/v2\/media\/1242"}],"wp:attachment":[{"href":"https:\/\/www.imovirtual.com\/noticias\/wp-json\/wp\/v2\/media?parent=1241"}],"wp:term":[{"taxonomy":"category","embeddable":true,"href":"https:\/\/www.imovirtual.com\/noticias\/wp-json\/wp\/v2\/categories?post=1241"},{"taxonomy":"post_tag","embeddable":true,"href":"https:\/\/www.imovirtual.com\/noticias\/wp-json\/wp\/v2\/tags?post=1241"}],"curies":[{"name":"wp","href":"https:\/\/api.w.org\/{rel}","templated":true}]}}