{"id":1210,"date":"2021-12-01T00:00:00","date_gmt":"2021-12-01T00:00:00","guid":{"rendered":"https:\/\/www.imovirtual.com\/noticias2\/2021\/12\/01\/embrulhos-natal-originais\/"},"modified":"2021-12-01T00:00:00","modified_gmt":"2021-12-01T00:00:00","slug":"embrulhos-natal-originais","status":"publish","type":"post","link":"https:\/\/www.imovirtual.com\/noticias\/lifestyle\/embrulhos-natal-originais\/","title":{"rendered":"Embrulhe os seus presentes de Natal de forma original"},"content":{"rendered":"<p class=\"css-8qfla4\">\n<p class=\"css-m5h6m0 edperro0\">\n<h1><strong>Embrulhe os seus presentes de Natal de forma original<\/strong><\/h1>\n<p>Embora o Natal simbolize uni\u00e3o e afeto, a verdade \u00e9 que <strong>os presentes ocupam uma posi\u00e7\u00e3o muito central durante esta festividade<\/strong>. As<strong> tradi\u00e7\u00f5es variam de pa\u00eds para pa\u00eds<\/strong>: por exemplo, em Portugal a troca de prendas acontece de 24 para 25 de dezembro. As <a href=\"https:\/\/www.imovirtual.com\/noticias\/financas\/viver-com-criancas-essenciais-para-comecar-uma-vida-a-3-id139.html\" target=\"_blank\" rel=\"noopener\">crian\u00e7as<\/a> s\u00e3o sem d\u00favida os elementos que mais anseiam pela chegada da 00h00. J\u00e1 no pa\u00eds vizinho, em Espanha, a abertura de presentes apenas acontece no <strong>dia de Reis, 6 de janeiro, para celebrar a verdadeira tradi\u00e7\u00e3o cat\u00f3lica<\/strong>. O mesmo acontece em It\u00e1lia, enquanto que em pa\u00edses como a Gr\u00e3-Bretenha, a Austr\u00e1lia e os EUA, as<strong> prendas s\u00e3o abertas na manh\u00e3 de 25 de dezembro<\/strong>. <\/p>\n<p>Mas \u00e9 claro que para os presentes serem abertos \u00e9 preciso <strong>guardar surpresa e embrulh\u00e1-los <\/strong>para esconder o verdadeiro conte\u00fado. H\u00e1 quem mantenha a tradi\u00e7\u00e3o dos sacos agrafados ou do papel de embrulho colorido, mas no artigo de hoje mostramos-lhe 3 formas originais para embrulhar os seus presentes de natal. Ver\u00e1 que<strong> os familiares ficaram todos surpreendidos, n\u00e3o s\u00f3 pelo conte\u00fado, mas tamb\u00e9m pela apar\u00eancia da prenda.<\/strong><\/p>\n<h3>Veja tamb\u00e9m: <a href=\"https:\/\/www.imovirtual.com\/noticias\/lifestyle\/dicas-para-poupar-decoracao-natal\" target=\"_blank\" rel=\"noopener\"><em><strong>Dicas para poupar na sua decora\u00e7\u00e3o de Natal<\/strong><\/em><\/a><\/h3>\n<\/p>\n<h2><strong>Embrulho Furoshiki<\/strong><\/h2>\n<p class=\" block-img\"><img decoding=\"async\" src=\"https:\/\/www.imovirtual.com\/noticias\/wp-content\/uploads\/2022\/11\/7c4454b2-7f97-411c-aba9-71f70f9be0c7_iStock-1285780453.jpg\" alt=\"embulho furoshiki\"><\/p>\n<p>Trata-se de uma<strong> arte milenar japonesa <\/strong>para transportar objetos e embalar ofertas. O<strong> Furoshiki <\/strong>\u00e9 uma t\u00e9cnica que utiliza restos de tecido para embrulhar os presentes, mas tamb\u00e9m que pode ser utilizada para criar outros objetos, como \u00e9 o caso de pequenas malas de transporte. \u00c9 uma<strong> forma ecol\u00f3gica e <a href=\"https:\/\/www.imovirtual.com\/noticias\/lifestyle\/dicas-casa-sustentabilidade\" target=\"_blank\" rel=\"noopener\">sustent\u00e1vel<\/a><\/strong> de reaproveitar materiais e \u00e9 muito simples de alcan\u00e7ar: tudo o que precisa \u00e9 de <strong>um quadrado de tecido e das suas m\u00e3os<\/strong>. Depois, apenas tem de aplicar a t\u00e9cnica que \u00e9 mostrada no v\u00eddeo abaixo: <\/p>\n<div data-oembed=\"https:\/\/www.youtube.com\/watch?v=nLTQzJVG0Fw\" data-oembed-type=\"video\" data-oembed-provider=\"YouTube\" class=\"embed embed-youtube\">\n<div><iframe loading=\"lazy\" width=\"200\" height=\"113\" src=\"https:\/\/www.youtube.com\/embed\/nLTQzJVG0Fw?feature=oembed\" frameborder=\"0\" allow=\"accelerometer; autoplay; clipboard-write; encrypted-media; gyroscope; picture-in-picture\" allowfullscreen=\"\"><\/iframe><\/div>\n<\/div>\n<h2><strong>Embrulho com papel kraft<\/strong><\/h2>\n<p class=\" block-img\"><img decoding=\"async\" src=\"https:\/\/www.imovirtual.com\/noticias\/wp-content\/uploads\/2022\/11\/907d3b21-b8bf-467a-8357-fe50caaff626_iStock-1354910711.jpg\" alt=\"embrulho com papel kraft\"><\/p>\n<p>Como j\u00e1 referimos, o <strong>papel de embrulho \u00e9 um dos materiais mais utilizados para esconder os presentes<\/strong>. Todavia, \u00e9 comum investir-se em padr\u00f5es coloridos e cheios de motivos, investindo em rolos espec\u00edficos para pequenos e gra\u00fados. Este tipo papel foi alvo de um processo de transforma\u00e7\u00e3o, sendo sujeito a um grande tratamento e colora\u00e7\u00e3o. O <a href=\"https:\/\/espiritorebelde.pt\/store\/pt\/papel-embrulho-rolo\/9068-papel-de-embrulho-kraft-natural-50m.html?gclid=CjwKCAiAqIKNBhAIEiwAu_ZLDpL5idCvf5sXoANJsclmaiGGg7lVuD7QmUw28kcpxrf8iG6j1v2X6RoCUqsQAvD_BwE\"><strong>papel kraft<\/strong><\/a> \u00e9 um<strong> papel mais natural e uma forma mais ecol\u00f3gica<\/strong> de embrulhar as suas prendas, al\u00e9m sair mais em conta. \u00c9 que este <strong>material de tonalidade bege \u00e9 muito mais s\u00f3brio<\/strong>, o que faz com que possa ser <strong>usado em presentes para <a href=\"https:\/\/www.imovirtual.com\/noticias\/imobiliario\/mudar-de-casa-criancas\" target=\"_blank\" rel=\"noopener\">crian\u00e7as<\/a> e adultos<\/strong>.<\/p>\n<\/p>\n<h2><strong>Embrulho com caixas<\/strong><\/h2>\n<p class=\" block-img\"><img decoding=\"async\" src=\"https:\/\/www.imovirtual.com\/noticias\/wp-content\/uploads\/2022\/11\/7ae17a75-72a4-40ef-a655-f2d0e73c4c4b_iStock-516815936.jpg\" alt=\"embrulho com caixas\"><\/p>\n<p>N\u00e3o \u00e9 um m\u00e9todo desconhecido, mas a verdade \u00e9 com o aparecimento dos sacos de embrulho, esta t\u00e9cnica foi perdendo terreno. E a verdade \u00e9 o <strong>embrulho com caixas \u00e9 uma forma muito arrojada de surpreender algu\u00e9m<\/strong>, embora seja simples e r\u00e1pida de executar. Tudo o que precisa \u00e9 de <strong>uma caixa e um la\u00e7o<\/strong>, de prefer\u00eancia grande e feito de cetim para encher o olho. Depois s\u00f3 tem de aplicar a t\u00e9cnica que lhe mostramos nesta imagem:<\/p>\n<p class=\" block-img\"><img decoding=\"async\" src=\"https:\/\/www.imovirtual.com\/noticias\/wp-content\/uploads\/2022\/11\/15d8e741-3abc-4584-ad72-f391d932b7af_bow-tie.jpg\" alt=\"como fazer um la\u00e7o\"><\/p>\n<\/p>\n<p>Estas s\u00e3o <strong>algumas ideias de como pode embrulhar os presentes l\u00e1 de casa<\/strong>. Qualquer que seja a sua escolha, lembre-se sempre de <a href=\"https:\/\/www.imovirtual.com\/noticias\/lifestyle\/reciclagem-em-casa\" target=\"_blank\" rel=\"noopener\">reciclar<\/a> as embalagens que usou para esconder as ofertas. <\/p>\n<p class=\" block-img\"><img decoding=\"async\" src=\"https:\/\/www.imovirtual.com\/noticias\/wp-content\/uploads\/2022\/11\/bd5974cf-f0b2-4813-a690-c8359669947e_Copia-de-Banners-Autores.png\" alt=\"Ana Catarina Autor Imovirtual\"><\/p>\n<h5><em>Ana Catarina \u00e9 a mi\u00fada das tend\u00eancias. Gosta de ficar em casa a perder-se pelas p\u00e1ginas de um livro, mas tamb\u00e9m n\u00e3o dispensa um caf\u00e9 tardio com os amigos. Est\u00e1 sempre \u00e0 procura do \u00faltimo grito em Lifestyle para revelar no Blog do Imovirtual.<\/em><\/h5>\n<\/p>\n<h4><strong>Mais sobre&nbsp;<em>Lifestyle<\/em><\/strong><\/h4>\n<ul>\n<li>Esta \u00e9 a forma correta de fazer&nbsp;<a href=\"https:\/\/www.imovirtual.com\/noticias\/lifestyle\/reciclagem-em-casa\" target=\"_blank\" rel=\"noopener\"><strong>reciclagem em casa<\/strong><\/a><\/li>\n<li>5 dicas para ter uma&nbsp;<a href=\"https:\/\/www.imovirtual.com\/noticias\/lifestyle\/dicas-casa-sustentabilidade\" target=\"_blank\" rel=\"noopener\"><strong>casa mais sustent\u00e1vel<\/strong><\/a><\/li>\n<li>Como escolher o&nbsp;<a href=\"https:\/\/www.imovirtual.com\/noticias\/lifestyle\/escolher-frigorifico-ideal\" target=\"_blank\" rel=\"noopener\"><strong>frigor\u00edfico ideal<\/strong><\/a><\/li>\n<\/ul>\n<\/p>\n<div class=\"css-h5fkc8\"><strong>Ultima actualiza\u00e7\u00e3o:<\/strong> 01 dezembro 2021<\/div>\n","protected":false},"excerpt":{"rendered":"<p>Embrulhe os seus presentes de Natal de forma original Embora o Natal simbolize uni\u00e3o e afeto, a verdade \u00e9 que os presentes ocupam uma posi\u00e7\u00e3o muito central durante esta festividade. As tradi\u00e7\u00f5es variam de pa\u00eds para pa\u00eds: por exemplo, em Portugal a troca de prendas acontece de 24 para 25 de dezembro. As crian\u00e7as s\u00e3o &hellip;<\/p>\n","protected":false},"author":3,"featured_media":1211,"comment_status":"closed","ping_status":"open","sticky":false,"template":"","format":"standard","meta":{"footnotes":""},"categories":[3],"tags":[],"class_list":["post-1210","post","type-post","status-publish","format-standard","has-post-thumbnail","hentry","category-lifestyle"],"_links":{"self":[{"href":"https:\/\/www.imovirtual.com\/noticias\/wp-json\/wp\/v2\/posts\/1210","targetHints":{"allow":["GET"]}}],"collection":[{"href":"https:\/\/www.imovirtual.com\/noticias\/wp-json\/wp\/v2\/posts"}],"about":[{"href":"https:\/\/www.imovirtual.com\/noticias\/wp-json\/wp\/v2\/types\/post"}],"author":[{"embeddable":true,"href":"https:\/\/www.imovirtual.com\/noticias\/wp-json\/wp\/v2\/users\/3"}],"replies":[{"embeddable":true,"href":"https:\/\/www.imovirtual.com\/noticias\/wp-json\/wp\/v2\/comments?post=1210"}],"version-history":[{"count":0,"href":"https:\/\/www.imovirtual.com\/noticias\/wp-json\/wp\/v2\/posts\/1210\/revisions"}],"wp:featuredmedia":[{"embeddable":true,"href":"https:\/\/www.imovirtual.com\/noticias\/wp-json\/wp\/v2\/media\/1211"}],"wp:attachment":[{"href":"https:\/\/www.imovirtual.com\/noticias\/wp-json\/wp\/v2\/media?parent=1210"}],"wp:term":[{"taxonomy":"category","embeddable":true,"href":"https:\/\/www.imovirtual.com\/noticias\/wp-json\/wp\/v2\/categories?post=1210"},{"taxonomy":"post_tag","embeddable":true,"href":"https:\/\/www.imovirtual.com\/noticias\/wp-json\/wp\/v2\/tags?post=1210"}],"curies":[{"name":"wp","href":"https:\/\/api.w.org\/{rel}","templated":true}]}}