{"id":1203,"date":"2020-11-03T00:00:00","date_gmt":"2020-11-03T00:00:00","guid":{"rendered":"https:\/\/www.imovirtual.com\/noticias2\/2020\/11\/03\/espacos-verdes-porto-equipamentos-fitness\/"},"modified":"2020-11-03T00:00:00","modified_gmt":"2020-11-03T00:00:00","slug":"espacos-verdes-porto-equipamentos-fitness","status":"publish","type":"post","link":"https:\/\/www.imovirtual.com\/noticias\/novidades\/espacos-verdes-porto-equipamentos-fitness\/","title":{"rendered":"18 espa\u00e7os verdes da cidade do Porto v\u00e3o receber equipamentos desportivos"},"content":{"rendered":"<p class=\"css-8qfla4\">\n<p class=\"css-m5h6m0 edperro0\">\n<h1><strong>18 espa\u00e7os verdes da cidade do Porto v\u00e3o receber equipamentos desportivos<\/strong><\/h1>\n<p>A C\u00e2mara Municipal do Porto vai instalar equipamentos desportivos \u201cem 18 espa\u00e7os verdes da cidade\u201d. O concurso p\u00fablico desta empreitada est\u00e1 a decorrer at\u00e9&nbsp;\u00e0s 17h00 do dia&nbsp;13 de novembro, \u00faltimo dia de entrega de propostas.&nbsp;<\/p>\n<p>Numa nota no seu site oficial, a autarquia informa que tem como objetivo \u201ccontribuir para a promo\u00e7\u00e3o de estilos de vida saud\u00e1veis, motivar para a pr\u00e1tica regular de atividade f\u00edsica, potenciar o envelhecimento ativo e mitigar os efeitos dos fen\u00f3menos de exclus\u00e3o social\u201d.&nbsp;<\/p>\n<p>Para tal, os 18 espa\u00e7os verdes, \u201cidentificados com o apoio das Juntas de Freguesias\u201d, v\u00e3o ter duas estruturas distintas: equipamentos fitness ou bio saud\u00e1veis e circuitos de manuten\u00e7\u00e3o.&nbsp;<\/p>\n<p>Os espa\u00e7os verdes contemplados para a implementa\u00e7\u00e3o dos equipamentos desportivos s\u00e3o:&nbsp;Castelo do Queijo, Jardim do Cal\u00e9m, Parque da Pasteleira, Pal\u00e1cio de Cristal, Jardim Machado de Assis (Foco), Pra\u00e7a dos \u00c1lamos, Jardim Sarah Afonso, Jardim de Ezequiel Campos, Jardim Paulo Vallada, Jardim do Conhecimento\/ Alameda E\u00e7a de Queir\u00f3s, Jardim de Arca d&#8217;\u00c1gua, Parque infantil da Areosa, Jardim de Bel\u00e9m, Parque de S. Roque, Pra\u00e7a da Corujeira, Avenida da Cidade de Xangai, Parque infantil de Cervantes, Parque do Covelo.&nbsp;<\/p>\n<p>Esta empreitada tem \u201cum pre\u00e7o-base de 646.000 euros e um prazo de execu\u00e7\u00e3o de 180 dias\u201d.&nbsp;<\/p>\n<p>O Plano Diretor Municipal, que se encontra neste momento em discuss\u00e3o, tem como objetivo \u201cduplicar a \u00e1rea verde de acesso p\u00fablico\u201d, diz a mesma nota da autarquia.&nbsp;<\/p>\n<p class=\" block-img\"><img decoding=\"async\" src=\"https:\/\/www.imovirtual.com\/noticias\/wp-content\/uploads\/2022\/11\/3c23b667-0a08-4ca1-abcb-74566be5c538_Copia-de-Banners-Autores-2.png\" alt=\"Alexandre Lu\u00eds Autor Imovirtual\"><\/p>\n<h5><em>Tamb\u00e9m conhecido como &#8216;O Consultor&#8217;. Pode encontr\u00e1-lo a consultar o \u00faltimo estudo de mercado. N\u00e3o tem talento para vender, mas sabe tudo sobre Imobili\u00e1rio. Fala sobre quest\u00f5es relacionadas com o tema no Blog do Imovirtual.<\/em><\/h5>\n<\/p>\n<h4><strong>Leia tamb\u00e9m<\/strong><\/h4>\n<ul>\n<li>Novos empreendimentos em&nbsp;<a href=\"https:\/\/www.imovirtual.com\/noticias\/imobiliario\/empreendimentos-cedofeita\" target=\"_blank\" rel=\"noopener\"><strong>Cedofeita<\/strong><\/a><\/li>\n<li>Vantagens de comprar uma casa num&nbsp;<a href=\"https:\/\/www.imovirtual.com\/noticias\/imobiliario\/comprar-casa-condominio-privado\" target=\"_blank\" rel=\"noopener\"><strong>condom\u00ednio privado<\/strong><\/a><\/li>\n<li><a href=\"https:\/\/www.imovirtual.com\/noticias\/imobiliario\/obras-unir-apartamentos\" target=\"_blank\" rel=\"noopener\"><strong>Obras para unir dois apartamentos<\/strong><\/a>: \u00e9 poss\u00edvel?<\/li>\n<\/ul>\n<\/p>\n<div class=\"css-h5fkc8\"><strong>Ultima actualiza\u00e7\u00e3o:<\/strong> 25 novembro 2021<\/div>\n","protected":false},"excerpt":{"rendered":"<p>18 espa\u00e7os verdes da cidade do Porto v\u00e3o receber equipamentos desportivos A C\u00e2mara Municipal do Porto vai instalar equipamentos desportivos \u201cem 18 espa\u00e7os verdes da cidade\u201d. O concurso p\u00fablico desta empreitada est\u00e1 a decorrer at\u00e9&nbsp;\u00e0s 17h00 do dia&nbsp;13 de novembro, \u00faltimo dia de entrega de propostas.&nbsp; Numa nota no seu site oficial, a autarquia informa &hellip;<\/p>\n","protected":false},"author":3,"featured_media":1204,"comment_status":"closed","ping_status":"open","sticky":false,"template":"","format":"standard","meta":{"footnotes":""},"categories":[4],"tags":[],"class_list":["post-1203","post","type-post","status-publish","format-standard","has-post-thumbnail","hentry","category-novidades"],"_links":{"self":[{"href":"https:\/\/www.imovirtual.com\/noticias\/wp-json\/wp\/v2\/posts\/1203","targetHints":{"allow":["GET"]}}],"collection":[{"href":"https:\/\/www.imovirtual.com\/noticias\/wp-json\/wp\/v2\/posts"}],"about":[{"href":"https:\/\/www.imovirtual.com\/noticias\/wp-json\/wp\/v2\/types\/post"}],"author":[{"embeddable":true,"href":"https:\/\/www.imovirtual.com\/noticias\/wp-json\/wp\/v2\/users\/3"}],"replies":[{"embeddable":true,"href":"https:\/\/www.imovirtual.com\/noticias\/wp-json\/wp\/v2\/comments?post=1203"}],"version-history":[{"count":0,"href":"https:\/\/www.imovirtual.com\/noticias\/wp-json\/wp\/v2\/posts\/1203\/revisions"}],"wp:featuredmedia":[{"embeddable":true,"href":"https:\/\/www.imovirtual.com\/noticias\/wp-json\/wp\/v2\/media\/1204"}],"wp:attachment":[{"href":"https:\/\/www.imovirtual.com\/noticias\/wp-json\/wp\/v2\/media?parent=1203"}],"wp:term":[{"taxonomy":"category","embeddable":true,"href":"https:\/\/www.imovirtual.com\/noticias\/wp-json\/wp\/v2\/categories?post=1203"},{"taxonomy":"post_tag","embeddable":true,"href":"https:\/\/www.imovirtual.com\/noticias\/wp-json\/wp\/v2\/tags?post=1203"}],"curies":[{"name":"wp","href":"https:\/\/api.w.org\/{rel}","templated":true}]}}