{"id":1193,"date":"2021-11-24T00:00:00","date_gmt":"2021-11-24T00:00:00","guid":{"rendered":"https:\/\/www.imovirtual.com\/noticias2\/2021\/11\/24\/imosintese-noticias-24111\/"},"modified":"2021-11-24T00:00:00","modified_gmt":"2021-11-24T00:00:00","slug":"imosintese-noticias-24111","status":"publish","type":"post","link":"https:\/\/www.imovirtual.com\/noticias\/novidades\/imosintese-noticias-24111\/","title":{"rendered":"IMOS\u00cdNTESE &#8211; NOT\u00cdCIAS 24\/11"},"content":{"rendered":"<p class=\"css-8qfla4\">\n<p class=\"css-m5h6m0 edperro0\">\n<h2><strong>Em parceria com o Di\u00e1rio Imobili\u00e1rio, o Imovirtual apresenta diariamente um resumo notici\u00e1rio dos acontecimentos mais relevantes do dia. Fique a par das \u00faltimas novidades do Mercado Imobili\u00e1rio:<\/strong><\/h2>\n<\/p>\n<h1><strong>Constru\u00e7\u00e3o em Espanha e Portugal: A tempestade que se aproxima<\/strong><\/h1>\n<p>Os pre\u00e7os dos materiais de constru\u00e7\u00e3o dispararam, no entanto, outros problemas, como a crise dos transportes, as tarifas energ\u00e9ticas ou de contentores, tornaram os projectos ainda mais arriscados, revela o estudo da&nbsp;consultora espanhola Arcadis.&nbsp;<\/p>\n<h3><strong>Saiba mais <a href=\"https:\/\/www.diarioimobiliario.pt\/Actualidade\/Construcao-em-Espanha-e-Portugal-A-tempestade-que-se-aproxima\" target=\"_blank\" rel=\"noopener\">aqui<\/a><\/strong><\/h3>\n<\/p>\n<h1><strong>Licenciamentos de edif\u00edcios residenciais sobem 12% at\u00e9 Setembro \u2013 diz a AICCOPN<\/strong><\/h1>\n<p>As obras licenciadas em edif\u00edcios residenciais em Portugal registaram um aumento hom\u00f3logo de 12% at\u00e9 Setembro, para 13.972, enquanto o consumo de cimento cresceu 6,6% para 2,87 milh\u00f5es de toneladas, revelou hoje a associa\u00e7\u00e3o do sector.<\/p>\n<h3><strong>Saiba mais <a href=\"https:\/\/www.diarioimobiliario.pt\/Actualidade\/Licenciamentos-de-edificios-residenciais-sobem-12-ate-Setembro-diz-a-AICCOPN\" target=\"_blank\" rel=\"noopener\">aqui<\/a><\/strong><\/h3>\n<\/p>\n<h1><strong>RE\/MAX j\u00e1 recrutou 4.350 consultores em 2021<\/strong><\/h1>\n<p>A RE\/MAX, a maior rede imobili\u00e1ria a operar em Portugal, informa que de Janeiro a Outubro recrutou 4.350 consultores, uma m\u00e9dia de 435 pessoas por m\u00eas, com Mar\u00e7o a ser o m\u00eas com maior express\u00e3o.<\/p>\n<h3><strong>Saiba mais <a href=\"https:\/\/www.diarioimobiliario.pt\/Actualidade\/RE-MAX-ja-recrutou-4.350-consultores-em-2021\" target=\"_blank\" rel=\"noopener\">aqui<\/a><\/strong><\/h3>\n<\/p>\n<h1><strong>Vendas e pre\u00e7os dos im\u00f3veis em Lisboa e Porto continuam a subir<\/strong><\/h1>\n<p>Comparativamente a 2020, o mercado imobili\u00e1rio registou um crescimento acentuado no terceiro trimestre deste ano, com o pre\u00e7o m\u00e9dio por m2 a aumentar cerca de 10%, em Lisboa e Porto, e as vendas imobili\u00e1rias a crescerem 21% em Lisboa, e 17% no Porto, segundo dados da imobili\u00e1ria virtual, Imovendo.<\/p>\n<h3><strong>Saiba mais <a href=\"https:\/\/www.diarioimobiliario.pt\/Habitacao\/Vendas-e-precos-dos-imoveis-em-Lisboa-e-Porto-continuam-a-subir\" target=\"_blank\" rel=\"noopener\">aqui<\/a><\/strong><\/h3>\n<\/p>\n<h1><strong>Projecto do Hotel M\u00f3naco em Caxias est\u00e1 \u00e0 venda<\/strong><\/h1>\n<p>Est\u00e1 no mercado a comercializa\u00e7\u00e3o do &#8220;Hotel M\u00f3naco&#8221;, um projecto de reabilita\u00e7\u00e3o que mant\u00e9m o nome do antigo restaurante situado na ic\u00f3nica curva da marginal de Oeiras, constitu\u00eddo por 54 quartos, restaurante, salas de confer\u00eancia, SPA, piscina, um Roof Top e um bar que goza de vistas privilegiadas.<\/p>\n<h3><strong>Saiba mais <a href=\"https:\/\/www.diarioimobiliario.pt\/Turismo\/Projecto-do-Hotel-Monaco-em-Caxias-esta-a-venda\" target=\"_blank\" rel=\"noopener\">aqui<\/a><\/strong><\/h3>\n<\/p>\n<h3><strong>Leia as anteriores Imos\u00edntese:<\/strong><\/h3>\n<p>\ud83d\udc49<a href=\"https:\/\/www.imovirtual.com\/noticias\/noticias\/imosintese-noticias-2311\" target=\"_blank\" rel=\"noopener\"><strong>IMOS\u00cdNTESE &#8211; NOT\u00cdCIAS 23\/11<\/strong><\/a><\/p>\n<p>\ud83d\udc49<a href=\"https:\/\/www.imovirtual.com\/noticias\/noticias\/imosintese-noticias-2211\" target=\"_blank\" rel=\"noopener\"><strong>IMOS\u00cdNTESE &#8211; NOT\u00cdCIAS 22\/11<\/strong><\/a><\/p>\n<p>\ud83d\udc49<a href=\"https:\/\/www.imovirtual.com\/noticias\/noticias\/imosintese-noticias-1911\" target=\"_blank\" rel=\"noopener\"><strong>IMOS\u00cdNTESE &#8211; NOT\u00cdCIAS 19\/11<\/strong><\/a><\/p>\n<\/p>\n<div class=\"css-h5fkc8\"><strong>Ultima actualiza\u00e7\u00e3o:<\/strong> 24 novembro 2021<\/div>\n","protected":false},"excerpt":{"rendered":"<p>Em parceria com o Di\u00e1rio Imobili\u00e1rio, o Imovirtual apresenta diariamente um resumo notici\u00e1rio dos acontecimentos mais relevantes do dia. Fique a par das \u00faltimas novidades do Mercado Imobili\u00e1rio: Constru\u00e7\u00e3o em Espanha e Portugal: A tempestade que se aproxima Os pre\u00e7os dos materiais de constru\u00e7\u00e3o dispararam, no entanto, outros problemas, como a crise dos transportes, as &hellip;<\/p>\n","protected":false},"author":3,"featured_media":100,"comment_status":"closed","ping_status":"open","sticky":false,"template":"","format":"standard","meta":{"footnotes":""},"categories":[4],"tags":[],"class_list":["post-1193","post","type-post","status-publish","format-standard","has-post-thumbnail","hentry","category-novidades"],"_links":{"self":[{"href":"https:\/\/www.imovirtual.com\/noticias\/wp-json\/wp\/v2\/posts\/1193","targetHints":{"allow":["GET"]}}],"collection":[{"href":"https:\/\/www.imovirtual.com\/noticias\/wp-json\/wp\/v2\/posts"}],"about":[{"href":"https:\/\/www.imovirtual.com\/noticias\/wp-json\/wp\/v2\/types\/post"}],"author":[{"embeddable":true,"href":"https:\/\/www.imovirtual.com\/noticias\/wp-json\/wp\/v2\/users\/3"}],"replies":[{"embeddable":true,"href":"https:\/\/www.imovirtual.com\/noticias\/wp-json\/wp\/v2\/comments?post=1193"}],"version-history":[{"count":0,"href":"https:\/\/www.imovirtual.com\/noticias\/wp-json\/wp\/v2\/posts\/1193\/revisions"}],"wp:featuredmedia":[{"embeddable":true,"href":"https:\/\/www.imovirtual.com\/noticias\/wp-json\/wp\/v2\/media\/100"}],"wp:attachment":[{"href":"https:\/\/www.imovirtual.com\/noticias\/wp-json\/wp\/v2\/media?parent=1193"}],"wp:term":[{"taxonomy":"category","embeddable":true,"href":"https:\/\/www.imovirtual.com\/noticias\/wp-json\/wp\/v2\/categories?post=1193"},{"taxonomy":"post_tag","embeddable":true,"href":"https:\/\/www.imovirtual.com\/noticias\/wp-json\/wp\/v2\/tags?post=1193"}],"curies":[{"name":"wp","href":"https:\/\/api.w.org\/{rel}","templated":true}]}}