{"id":1184,"date":"2021-11-24T00:00:00","date_gmt":"2021-11-24T00:00:00","guid":{"rendered":"https:\/\/www.imovirtual.com\/noticias2\/2021\/11\/24\/imosintese-noticias-2311\/"},"modified":"2021-11-24T00:00:00","modified_gmt":"2021-11-24T00:00:00","slug":"imosintese-noticias-2311","status":"publish","type":"post","link":"https:\/\/www.imovirtual.com\/noticias\/novidades\/imosintese-noticias-2311\/","title":{"rendered":"IMOS\u00cdNTESE &#8211; NOT\u00cdCIAS 23\/11"},"content":{"rendered":"<p class=\"css-8qfla4\">\n<p class=\"css-m5h6m0 edperro0\">\n<h2><strong>Em parceria com o Di\u00e1rio Imobili\u00e1rio, o Imovirtual apresenta diariamente um resumo notici\u00e1rio dos acontecimentos mais relevantes do dia. Fique a par das \u00faltimas novidades do Mercado Imobili\u00e1rio:<\/strong><\/h2>\n<\/p>\n<h1><strong>Ocupa\u00e7\u00e3o de escrit\u00f3rios em Lisboa j\u00e1 est\u00e1 9% acima de 2020<\/strong><\/h1>\n<p>O mercado de escrit\u00f3rios de Lisboa registou uma forte recupera\u00e7\u00e3o no m\u00eas de outubro, com um&nbsp;take-up&nbsp;mensal de 43.600 m2, resultado que impulsionou o desempenho acumulado de 2021 para 124.250 m2.<\/p>\n<h3><strong>Saiba mais <a href=\"https:\/\/www.diarioimobiliario.pt\/Actualidade\/Escritorios\/Ocupacao-de-escritorios-em-Lisboa-ja-esta-9-acima-de-2020\" target=\"_blank\" rel=\"noopener\">aqui<\/a><\/strong><\/h3>\n<\/p>\n<h1><strong>Coldwell Banker abre 9.\u00aa ag\u00eancia em Portugal<\/strong><\/h1>\n<p>A Coldwell Banker afirma querer refor\u00e7ar o n\u00famero de ag\u00eancias em Portugal no pr\u00f3ximo ano. \u201cEste crescimento est\u00e1 em linha com o objectivo da rede imobili\u00e1ria mais antiga do mundo ao refor\u00e7ar o seu posicionamento no segmento de luxo\u201d.<\/p>\n<h3><strong>Saiba mais <a href=\"https:\/\/www.diarioimobiliario.pt\/Actualidade\/Coldwell-Banker-abre-9.a-agencia-em-Portugal\" target=\"_blank\" rel=\"noopener\">aqui<\/a><\/strong><\/h3>\n<\/p>\n<h1><strong>CBRE analisa o sector dos cuidados de sa\u00fade e resid\u00eancias seniores em Portugal<\/strong><\/h1>\n<p>De acordo com o estudo \u2018Building a healthier and more thriving future\u2019, divulgado hoje pela consultora imobili\u00e1ria CBRE, mais de um ter\u00e7o da popula\u00e7\u00e3o residente em Portugal em 2050 ser\u00e1 s\u00e9nior, o que equivale a um total de 3,3 milh\u00f5es de pessoas (mais 1 milh\u00e3o que os atuais 2,3), pelo que ser\u00e3o necess\u00e1rias mais 55 mil camas em resid\u00eancias seniores, metade do que existe actualmente \u2013 concluem os autores do relat\u00f3rio.<\/p>\n<h3><strong>Saiba mais <a href=\"https:\/\/www.diarioimobiliario.pt\/Actualidade\/CBRE-analisa-o-sector-dos-cuidados-de-saude-e-residencias-seniores-em-Portugal\" target=\"_blank\" rel=\"noopener\">aqui<\/a><\/strong><\/h3>\n<\/p>\n<h1><strong>Cr\u00e9dito \u00e0 habita\u00e7\u00e3o: Taxa de juro subiu para 0,803% em Outubro<\/strong><\/h1>\n<p>Em Outubro, a&nbsp;taxa de juro subiu para 0,803%, capital em d\u00edvida e presta\u00e7\u00e3o mensal fixaram-se em 57 688 euros e 251 euros, respectivamente, revela hoje o INE &#8211; Instituto Nacional de Estat\u00edstica.<\/p>\n<h3><strong>Saiba mais <a href=\"https:\/\/www.diarioimobiliario.pt\/Habitacao\/Credito-a-habitacao-Taxa-de-juro-subiu-para-0-803-em-Outubro\" target=\"_blank\" rel=\"noopener\">aqui<\/a><\/strong><\/h3>\n<\/p>\n<h1><strong>Diversidade e Inclus\u00e3o na Constru\u00e7\u00e3o: um longo caminho a percorrer<\/strong><\/h1>\n<p>A Diversidade e Inclus\u00e3o (D&amp;I) tem sido um tema abordado na sociedade e nas organiza\u00e7\u00f5es de modo crescente, principalmente ao n\u00edvel internacional, apesar da sua implementa\u00e7\u00e3o tenha vindo a ser muito lenta.<\/p>\n<h3><strong>Saiba mais <a href=\"https:\/\/www.diarioimobiliario.pt\/Opiniao\/Diversidade-e-Inclusao-na-Construcao-um-longo-caminho-a-percorrer\" target=\"_blank\" rel=\"noopener\">aqui<\/a><\/strong><\/h3>\n<\/p>\n<h3><strong>Leia as anteriores Imos\u00edntese:<\/strong><\/h3>\n<p>\ud83d\udc49<a href=\"https:\/\/www.imovirtual.com\/noticias\/noticias\/imosintese-noticias-2211\" target=\"_blank\" rel=\"noopener\"><strong>IMOS\u00cdNTESE &#8211; NOT\u00cdCIAS 22\/11<\/strong><\/a><\/p>\n<p>\ud83d\udc49<a href=\"https:\/\/www.imovirtual.com\/noticias\/noticias\/imosintese-noticias-1911\" target=\"_blank\" rel=\"noopener\"><strong>IMOS\u00cdNTESE &#8211; NOT\u00cdCIAS 19\/11<\/strong><\/a><\/p>\n<p>\ud83d\udc49<a href=\"https:\/\/www.imovirtual.com\/noticias\/noticias\/imosintese-noticias-1811\" target=\"_blank\" rel=\"noopener\"><strong>IMOS\u00cdNTESE &#8211; NOT\u00cdCIAS 18\/11<\/strong><\/a><\/p>\n<\/p>\n<div class=\"css-h5fkc8\"><strong>Ultima actualiza\u00e7\u00e3o:<\/strong> 24 novembro 2021<\/div>\n","protected":false},"excerpt":{"rendered":"<p>Em parceria com o Di\u00e1rio Imobili\u00e1rio, o Imovirtual apresenta diariamente um resumo notici\u00e1rio dos acontecimentos mais relevantes do dia. Fique a par das \u00faltimas novidades do Mercado Imobili\u00e1rio: Ocupa\u00e7\u00e3o de escrit\u00f3rios em Lisboa j\u00e1 est\u00e1 9% acima de 2020 O mercado de escrit\u00f3rios de Lisboa registou uma forte recupera\u00e7\u00e3o no m\u00eas de outubro, com um&nbsp;take-up&nbsp;mensal &hellip;<\/p>\n","protected":false},"author":3,"featured_media":100,"comment_status":"closed","ping_status":"open","sticky":false,"template":"","format":"standard","meta":{"footnotes":""},"categories":[4],"tags":[],"class_list":["post-1184","post","type-post","status-publish","format-standard","has-post-thumbnail","hentry","category-novidades"],"_links":{"self":[{"href":"https:\/\/www.imovirtual.com\/noticias\/wp-json\/wp\/v2\/posts\/1184","targetHints":{"allow":["GET"]}}],"collection":[{"href":"https:\/\/www.imovirtual.com\/noticias\/wp-json\/wp\/v2\/posts"}],"about":[{"href":"https:\/\/www.imovirtual.com\/noticias\/wp-json\/wp\/v2\/types\/post"}],"author":[{"embeddable":true,"href":"https:\/\/www.imovirtual.com\/noticias\/wp-json\/wp\/v2\/users\/3"}],"replies":[{"embeddable":true,"href":"https:\/\/www.imovirtual.com\/noticias\/wp-json\/wp\/v2\/comments?post=1184"}],"version-history":[{"count":0,"href":"https:\/\/www.imovirtual.com\/noticias\/wp-json\/wp\/v2\/posts\/1184\/revisions"}],"wp:featuredmedia":[{"embeddable":true,"href":"https:\/\/www.imovirtual.com\/noticias\/wp-json\/wp\/v2\/media\/100"}],"wp:attachment":[{"href":"https:\/\/www.imovirtual.com\/noticias\/wp-json\/wp\/v2\/media?parent=1184"}],"wp:term":[{"taxonomy":"category","embeddable":true,"href":"https:\/\/www.imovirtual.com\/noticias\/wp-json\/wp\/v2\/categories?post=1184"},{"taxonomy":"post_tag","embeddable":true,"href":"https:\/\/www.imovirtual.com\/noticias\/wp-json\/wp\/v2\/tags?post=1184"}],"curies":[{"name":"wp","href":"https:\/\/api.w.org\/{rel}","templated":true}]}}