{"id":1174,"date":"2021-11-29T00:00:00","date_gmt":"2021-11-29T00:00:00","guid":{"rendered":"https:\/\/www.imovirtual.com\/noticias2\/2021\/11\/29\/imosintese-noticias-261121\/"},"modified":"2021-11-29T00:00:00","modified_gmt":"2021-11-29T00:00:00","slug":"imosintese-noticias-261121","status":"publish","type":"post","link":"https:\/\/www.imovirtual.com\/noticias\/novidades\/imosintese-noticias-261121\/","title":{"rendered":"IMOS\u00cdNTESE &#8211; NOT\u00cdCIAS 26\/11"},"content":{"rendered":"<p class=\"css-8qfla4\">\n<p class=\"css-m5h6m0 edperro0\">\n<h2><strong>Em parceria com o Di\u00e1rio Imobili\u00e1rio, o Imovirtual apresenta diariamente um resumo notici\u00e1rio dos acontecimentos mais relevantes do dia. Fique a par das \u00faltimas novidades do Mercado Imobili\u00e1rio:<\/strong><\/h2>\n<\/p>\n<h1><strong>Obras p\u00fablicas: entre o abrandamento e a queda\u2026<\/strong><\/h1>\n<p>At\u00e9 ao final do m\u00eas de Outubro, os concursos de empreitadas de obras p\u00fablicas promovidos somaram um total de 3.323 milh\u00f5es de euros, montante que traduz uma redu\u00e7\u00e3o de 15%, em termos hom\u00f3logos, ou seja, menos 842 milh\u00f5es de euros face ao montante que foi promovido nos mesmos meses de 2020 \u2013 infoma hoje a AICCOPN (Associa\u00e7\u00e3o dos Industriais da Constru\u00e7\u00e3o Civil e Obras P\u00fablicas).<\/p>\n<h3><strong>Saiba mais <a href=\"https:\/\/www.diarioimobiliario.pt\/Actualidade\/Obras-publicas-entre-o-abrandamento-e-a-queda\" target=\"_blank\" rel=\"noopener\">aqui<\/a><\/strong><\/h3>\n<\/p>\n<h1><strong>Volkswagen vai investir mais 500 milh\u00f5es de euros na Autoeuropa<\/strong><\/h1>\n<p>A Volkswagen vai investir mais 500 milh\u00f5es de euros na Autoeuropa nos pr\u00f3ximos cinco anos, anunciou hoje um dos administradores da marca alem\u00e3, na cerim\u00f3nia comemorativa dos 30 anos da f\u00e1brica de autom\u00f3veis de Palmela.<\/p>\n<h3><strong>Saiba mais <a href=\"https:\/\/www.diarioimobiliario.pt\/Actualidade\/Volkswagen-vai-investir-mais-500-milhoes-de-euros-na-Autoeuropa\" target=\"_blank\" rel=\"noopener\">aqui<\/a><\/strong><\/h3>\n<\/p>\n<h1><strong>Empr\u00e9stimos para habita\u00e7\u00e3o aceleraram em Outubro<\/strong><\/h1>\n<p>Os empr\u00e9stimos para habita\u00e7\u00e3o a particulares aceleraram em Outubro, com um acr\u00e9scimo de 4,4% face ao per\u00edodo hom\u00f3logo, anunciou hoje o Banco de Portugal (BdP).<\/p>\n<h3><strong>Saiba mais <a href=\"https:\/\/www.diarioimobiliario.pt\/Habitacao\/Emprestimos-para-habitacao-aceleraram-em-Outubro\" target=\"_blank\" rel=\"noopener\">aqui<\/a><\/strong><\/h3>\n<\/p>\n<h1><strong>Prorrogado concurso REVIVE para concess\u00e3o do Hotel Turismo da Guarda<\/strong><\/h1>\n<p>Foi prorrogado at\u00e9 21 de Fevereiro de 2022 o prazo para apresenta\u00e7\u00e3o de propostas no concurso lan\u00e7ado para concess\u00e3o do Hotel Turismo da Guarda, em Paredes de Coura \u2013 no \u00e2mbito do programa&nbsp;REVIVE.<\/p>\n<h3><strong>Saiba mais <a href=\"https:\/\/www.diarioimobiliario.pt\/Actualidade\/Reabilitacao\/Prorrogado-concurso-REVIVE-para-concessao-do-Hotel-Turismo-da-Guarda\" target=\"_blank\" rel=\"noopener\">aqui<\/a><\/strong><\/h3>\n<\/p>\n<h1><strong>A metamorfose do retalho<\/strong><\/h1>\n<p>Sete em cada dez retalhistas est\u00e3o conscientes da import\u00e2ncia de implementar experi\u00eancias digitais. 36% dos retalhistas portugueses t\u00eam uma estrat\u00e9gia formal e activa na digitaliza\u00e7\u00e3o. Quase metade dos consumidores inquiridos admite ter mudado a forma de pagamento deste o in\u00edcio da pandemia.<\/p>\n<h3><strong>Saiba mais <a href=\"https:\/\/www.diarioimobiliario.pt\/Actualidade\/A-metamorfose-do-retalho\" target=\"_blank\" rel=\"noopener\">aqui<\/a><\/strong><\/h3>\n<\/p>\n<h3><strong>Leia as anteriores Imos\u00edntese:<\/strong><\/h3>\n<p>\ud83d\udc49<a href=\"https:\/\/www.imovirtual.com\/noticias\/noticias\/imosintese-noticias-251121\" target=\"_blank\" rel=\"noopener\"><strong>IMOS\u00cdNTESE &#8211; NOT\u00cdCIAS 25\/11<\/strong><\/a><\/p>\n<p>\ud83d\udc49<a href=\"https:\/\/www.imovirtual.com\/noticias\/noticias\/imosintese-noticias-24111\" target=\"_blank\" rel=\"noopener\"><strong>IMOS\u00cdNTESE &#8211; NOT\u00cdCIAS 24\/11<\/strong><\/a><\/p>\n<p>\ud83d\udc49<a href=\"https:\/\/www.imovirtual.com\/noticias\/noticias\/imosintese-noticias-2311\" target=\"_blank\" rel=\"noopener\"><strong>IMOS\u00cdNTESE &#8211; NOT\u00cdCIAS 23\/11<\/strong><\/a><\/p>\n<\/p>\n<div class=\"css-h5fkc8\"><strong>Ultima actualiza\u00e7\u00e3o:<\/strong> 29 novembro 2021<\/div>\n","protected":false},"excerpt":{"rendered":"<p>Em parceria com o Di\u00e1rio Imobili\u00e1rio, o Imovirtual apresenta diariamente um resumo notici\u00e1rio dos acontecimentos mais relevantes do dia. Fique a par das \u00faltimas novidades do Mercado Imobili\u00e1rio: Obras p\u00fablicas: entre o abrandamento e a queda\u2026 At\u00e9 ao final do m\u00eas de Outubro, os concursos de empreitadas de obras p\u00fablicas promovidos somaram um total de &hellip;<\/p>\n","protected":false},"author":3,"featured_media":100,"comment_status":"closed","ping_status":"open","sticky":false,"template":"","format":"standard","meta":{"footnotes":""},"categories":[4],"tags":[],"class_list":["post-1174","post","type-post","status-publish","format-standard","has-post-thumbnail","hentry","category-novidades"],"_links":{"self":[{"href":"https:\/\/www.imovirtual.com\/noticias\/wp-json\/wp\/v2\/posts\/1174","targetHints":{"allow":["GET"]}}],"collection":[{"href":"https:\/\/www.imovirtual.com\/noticias\/wp-json\/wp\/v2\/posts"}],"about":[{"href":"https:\/\/www.imovirtual.com\/noticias\/wp-json\/wp\/v2\/types\/post"}],"author":[{"embeddable":true,"href":"https:\/\/www.imovirtual.com\/noticias\/wp-json\/wp\/v2\/users\/3"}],"replies":[{"embeddable":true,"href":"https:\/\/www.imovirtual.com\/noticias\/wp-json\/wp\/v2\/comments?post=1174"}],"version-history":[{"count":0,"href":"https:\/\/www.imovirtual.com\/noticias\/wp-json\/wp\/v2\/posts\/1174\/revisions"}],"wp:featuredmedia":[{"embeddable":true,"href":"https:\/\/www.imovirtual.com\/noticias\/wp-json\/wp\/v2\/media\/100"}],"wp:attachment":[{"href":"https:\/\/www.imovirtual.com\/noticias\/wp-json\/wp\/v2\/media?parent=1174"}],"wp:term":[{"taxonomy":"category","embeddable":true,"href":"https:\/\/www.imovirtual.com\/noticias\/wp-json\/wp\/v2\/categories?post=1174"},{"taxonomy":"post_tag","embeddable":true,"href":"https:\/\/www.imovirtual.com\/noticias\/wp-json\/wp\/v2\/tags?post=1174"}],"curies":[{"name":"wp","href":"https:\/\/api.w.org\/{rel}","templated":true}]}}