{"id":1145,"date":"2021-12-17T00:00:00","date_gmt":"2021-12-17T00:00:00","guid":{"rendered":"https:\/\/www.imovirtual.com\/noticias2\/2021\/12\/17\/imosintese-noticias-161221\/"},"modified":"2021-12-17T00:00:00","modified_gmt":"2021-12-17T00:00:00","slug":"imosintese-noticias-161221","status":"publish","type":"post","link":"https:\/\/www.imovirtual.com\/noticias\/novidades\/imosintese-noticias-161221\/","title":{"rendered":"IMOS\u00cdNTESE &#8211; NOT\u00cdCIAS 16\/12"},"content":{"rendered":"<p class=\"css-8qfla4\">\n<p class=\"css-m5h6m0 edperro0\">\n<h2><strong>Em parceria com o Di\u00e1rio Imobili\u00e1rio, o Imovirtual apresenta diariamente um resumo notici\u00e1rio dos acontecimentos mais relevantes do dia. Fique a par das \u00faltimas novidades do Mercado Imobili\u00e1rio:<\/strong><\/h2>\n<\/p>\n<h1><strong>ALEP alerta que o destino do Alojamento Local devia estar acima de jogos pol\u00edticos<\/strong><\/h1>\n<p>A Associa\u00e7\u00e3o do Alojamento Local em Portugal &#8211; ALEP revela que suspens\u00e3o de novos registos de Alojamento Local na cidade, aprovada ontem em reuni\u00e3o do executivo camar\u00e1rio, \u00e9 uma mensagem preocupante aos lisboetas ao sinalizar que os interesses dos jogos pol\u00edticos v\u00e3o ficar acima dos verdadeiros interesses e debates sobre o futuro da cidade.<\/p>\n<h3><strong>Saiba mais <a href=\"https:\/\/www.diarioimobiliario.pt\/Turismo\/ALEP-alerta-que-o-destino-do-Alojamento-Local-devia-estar-acima-de-jogos-politicos\" target=\"_blank\" rel=\"noopener\">aqui<\/a><\/strong><\/h3>\n<\/p>\n<h1><strong>Edif\u00edcios de escrit\u00f3rios com certifica\u00e7\u00f5es ambientais registam rendas mais elevadas<\/strong><\/h1>\n<p>Edif\u00edcios de escrit\u00f3rios com certifica\u00e7\u00f5es ambientais registam rendas mais elevadas e taxas de disponibilidade menores, revela estudo da consultora CBRE.&nbsp;<\/p>\n<h3><strong>Saiba mais <a href=\"https:\/\/www.diarioimobiliario.pt\/Actualidade\/Escritorios\/Edificios-de-escritorios-com-certificacoes-ambientais-registam-rendas-mais-elevadas\" target=\"_blank\" rel=\"noopener\">aqui<\/a><\/strong><\/h3>\n<\/p>\n<h1><strong>Comiss\u00e3o Europeia quer descarbonizar o parque imobili\u00e1rio da UE at\u00e9 2050<\/strong><\/h1>\n<p>A Comiss\u00e3o Europeia prop\u00f5e alinhar as regras para o desempenho energ\u00e9tico dos edif\u00edcios com o Pacto Ecol\u00f3gico Europeu e descarbonizar o parque imobili\u00e1rio da UE at\u00e9 2050.<\/p>\n<h3><strong>Saiba mais <a href=\"https:\/\/www.diarioimobiliario.pt\/Actualidade\/Sustentabilidade\/Comissao-Europeia-quer-descarbonizar-o-parque-imobiliario-da-UE-ate-2050\" target=\"_blank\" rel=\"noopener\">aqui<\/a><\/strong><\/h3>\n<\/p>\n<h1><strong>Avenida Altear \u00e9 o sexto lan\u00e7amento do projecto Altear da Solyd na Alta de Lisboa<\/strong><\/h1>\n<p>A promotora imobili\u00e1ria Solyd Property Developers lan\u00e7ou o seu mais recente empreendimento residencial na Alta de Lisboa, o Avenida Altear, com 26 apartamentos. Oo pre\u00e7o&nbsp;inicia-se nos 374.000 euros (T2).<\/p>\n<h3><strong>Saiba mais <a href=\"https:\/\/www.diarioimobiliario.pt\/Habitacao\/Avenida-Altear-e-o-sexto-lancamento-do-projecto-Altear-da-Solyd-na-Alta-de-Lisboa\" target=\"_blank\" rel=\"noopener\">aqui<\/a><\/strong><\/h3>\n<\/p>\n<h1><strong>Mais Sustentabilidade com Cimento e Bet\u00e3o<\/strong><\/h1>\n<p>Na sequ\u00eancia do lan\u00e7amento do Roteiro da Ind\u00fastria Cimenteira Nacional para a Neutralidade Carb\u00f3nica em 2050, a ATIC &#8211; Associa\u00e7\u00e3o T\u00e9cnica da Ind\u00fastria de Cimento&nbsp;e a APEB &#8211; Associa\u00e7\u00e3o Portuguesa das Empresas de Bet\u00e3o Pronto assinam agora um Protocolo de Colabora\u00e7\u00e3o com o objectivo de fomentar a economia circular rumo a um ecossistema da constru\u00e7\u00e3o verde e digital.<\/p>\n<h3><strong>Saiba mais <a href=\"https:\/\/www.diarioimobiliario.pt\/Actualidade\/Sustentabilidade\/Mais-Sustentabilidade-com-Cimento-e-Betao\" target=\"_blank\" rel=\"noopener\">aqui<\/a><\/strong><\/h3>\n<\/p>\n<h3><strong>Leia as anteriores Imos\u00edntese:<\/strong><\/h3>\n<p>\ud83d\udc49<a href=\"https:\/\/www.imovirtual.com\/noticias\/noticias\/imosintese-noticias-151221\" target=\"_blank\" rel=\"noopener\"><strong>IMOS\u00cdNTESE &#8211; NOT\u00cdCIAS 15\/12<\/strong><\/a><\/p>\n<p>\ud83d\udc49<a href=\"https:\/\/www.imovirtual.com\/noticias\/noticias\/imosintese-noticias-141221\" target=\"_blank\" rel=\"noopener\"><strong>IMOS\u00cdNTESE &#8211; NOT\u00cdCIAS 14\/12<\/strong><\/a><\/p>\n<p>\ud83d\udc49<a href=\"https:\/\/www.imovirtual.com\/noticias\/noticias\/imosintese-noticias-131221\" target=\"_blank\" rel=\"noopener\"><strong>IMOS\u00cdNTESE &#8211; NOT\u00cdCIAS 13\/12<\/strong><\/a><\/p>\n<\/p>\n<div class=\"css-h5fkc8\"><strong>Ultima actualiza\u00e7\u00e3o:<\/strong> 17 dezembro 2021<\/div>\n","protected":false},"excerpt":{"rendered":"<p>Em parceria com o Di\u00e1rio Imobili\u00e1rio, o Imovirtual apresenta diariamente um resumo notici\u00e1rio dos acontecimentos mais relevantes do dia. Fique a par das \u00faltimas novidades do Mercado Imobili\u00e1rio: ALEP alerta que o destino do Alojamento Local devia estar acima de jogos pol\u00edticos A Associa\u00e7\u00e3o do Alojamento Local em Portugal &#8211; ALEP revela que suspens\u00e3o de &hellip;<\/p>\n","protected":false},"author":3,"featured_media":100,"comment_status":"closed","ping_status":"open","sticky":false,"template":"","format":"standard","meta":{"footnotes":""},"categories":[4],"tags":[],"class_list":["post-1145","post","type-post","status-publish","format-standard","has-post-thumbnail","hentry","category-novidades"],"_links":{"self":[{"href":"https:\/\/www.imovirtual.com\/noticias\/wp-json\/wp\/v2\/posts\/1145","targetHints":{"allow":["GET"]}}],"collection":[{"href":"https:\/\/www.imovirtual.com\/noticias\/wp-json\/wp\/v2\/posts"}],"about":[{"href":"https:\/\/www.imovirtual.com\/noticias\/wp-json\/wp\/v2\/types\/post"}],"author":[{"embeddable":true,"href":"https:\/\/www.imovirtual.com\/noticias\/wp-json\/wp\/v2\/users\/3"}],"replies":[{"embeddable":true,"href":"https:\/\/www.imovirtual.com\/noticias\/wp-json\/wp\/v2\/comments?post=1145"}],"version-history":[{"count":0,"href":"https:\/\/www.imovirtual.com\/noticias\/wp-json\/wp\/v2\/posts\/1145\/revisions"}],"wp:featuredmedia":[{"embeddable":true,"href":"https:\/\/www.imovirtual.com\/noticias\/wp-json\/wp\/v2\/media\/100"}],"wp:attachment":[{"href":"https:\/\/www.imovirtual.com\/noticias\/wp-json\/wp\/v2\/media?parent=1145"}],"wp:term":[{"taxonomy":"category","embeddable":true,"href":"https:\/\/www.imovirtual.com\/noticias\/wp-json\/wp\/v2\/categories?post=1145"},{"taxonomy":"post_tag","embeddable":true,"href":"https:\/\/www.imovirtual.com\/noticias\/wp-json\/wp\/v2\/tags?post=1145"}],"curies":[{"name":"wp","href":"https:\/\/api.w.org\/{rel}","templated":true}]}}