{"id":1108,"date":"2022-02-25T00:00:00","date_gmt":"2022-02-25T00:00:00","guid":{"rendered":"https:\/\/www.imovirtual.com\/noticias2\/2022\/02\/25\/imosintese-noticias-240222\/"},"modified":"2022-02-25T00:00:00","modified_gmt":"2022-02-25T00:00:00","slug":"imosintese-noticias-240222","status":"publish","type":"post","link":"https:\/\/www.imovirtual.com\/noticias\/novidades\/imosintese-noticias-240222\/","title":{"rendered":"IMOS\u00cdNTESE &#8211; NOT\u00cdCIAS 24\/02"},"content":{"rendered":"<p class=\"css-8qfla4\">\n<p class=\"css-m5h6m0 edperro0\">\n<h2><strong>Em parceria com o Di\u00e1rio Imobili\u00e1rio, o Imovirtual apresenta diariamente um resumo notici\u00e1rio dos acontecimentos mais relevantes do dia. Fique a par das \u00faltimas novidades do Mercado Imobili\u00e1rio:<\/strong><\/h2>\n<\/p>\n<h1><strong>Metaverse: o futuro do teletrabalho<\/strong><\/h1>\n<p>H\u00e1 anos que a ideia do futuro \u00e9 de carros voadores e robots que nos acompanham nas nossas tarefas. Previa-se que em 2020 j\u00e1 ser\u00edamos uma sociedade t\u00e3o avan\u00e7ada que n\u00e3o nos estar\u00edamos a preocupar com quest\u00f5es mundanas, mas a verdade \u00e9 que carros voadores e robots cozinheiros n\u00e3o s\u00e3o uma realidade neste momento, pelo menos uma realidade f\u00edsica.<\/p>\n<h3><strong>Saiba mais <a href=\"https:\/\/www.diarioimobiliario.pt\/Opiniao\/Metaverse-o-futuro-do-teletrabalho\" target=\"_blank\" rel=\"noopener\">aqui<\/a><\/strong><\/h3>\n<\/p>\n<h1><strong>Lisboa vai criar a Carta Municipal de Habita\u00e7\u00e3o<\/strong><\/h1>\n<p>A primeira reuni\u00e3o do&nbsp;Conselho Municipal de Habita\u00e7\u00e3o, presidido por&nbsp;Filipa Roseta, vereadora da habita\u00e7\u00e3o, decorre&nbsp;hoje para lan\u00e7ar a&nbsp;reflex\u00e3o \u00e0 cria\u00e7\u00e3o da Carta Municipal de Habita\u00e7\u00e3o.<\/p>\n<h3><strong>Saiba mais <a href=\"https:\/\/www.diarioimobiliario.pt\/Habitacao\/Lisboa-vai-criar-a-Carta-Municipal-de-Habitacao\">aqui<\/a><\/strong><\/h3>\n<\/p>\n<h1><strong>DoveVivo adquire Altido e cria a maior empresa de gest\u00e3o residencial na Europa<\/strong><\/h1>\n<p>A Altido, uma das mais importantes organiza\u00e7\u00f5es na Europa (com ADN portugu\u00eas) especializada em alojamento local no sector da hotelaria, pela&nbsp;DoveVivo, a maior empresa europeia de co-living.&nbsp;Esta opera\u00e7\u00e3o&nbsp;resultar\u00e1 na maior empresa de gest\u00e3o residencial da Europa, com 12 mil camas e mais de 2500 propriedades em 40 cidades, em&nbsp; seis&nbsp;pa\u00edses,&nbsp;It\u00e1lia, Espanha, Fran\u00e7a, Inglaterra,&nbsp;Esc\u00f3cia e&nbsp;Portugal, que \u00e9 considerado mercado estrat\u00e9gico.<\/p>\n<h3><strong>Saiba mais <a href=\"https:\/\/www.diarioimobiliario.pt\/Actualidade\/DoveVivo-adquire-Altido-e-cria-a-maior-empresa-de-gestao-residencial-na-Europa\" target=\"_blank\" rel=\"noopener\">aqui<\/a><\/strong><\/h3>\n<\/p>\n<h1><strong>Avenue lan\u00e7a Bonjardim no Porto num investimento de 57 milh\u00f5es de euros<\/strong><\/h1>\n<p>O empreendimento, que representa um investimento global de 57 milh\u00f5es de euros, por parte da promotora Avenue,&nbsp;entra em fase de comercializa\u00e7\u00e3o hoje e 10% das vendas foram j\u00e1 realizadas na fase de pr\u00e9-comercializa\u00e7\u00e3o.<\/p>\n<h3><strong>Saiba mais <a href=\"https:\/\/www.diarioimobiliario.pt\/Actualidade\/Avenue-lanca-Bonjardim-no-Porto-num-investimento-de-57-milhoes-de-euros\" target=\"_blank\" rel=\"noopener\">aqui<\/a><\/strong><\/h3>\n<\/p>\n<h1><strong>Grupo Vila Gal\u00e9 inaugura resort em Alagoas, renova hotel do Estoril e inicia quatro projectos em 2022<\/strong><\/h1>\n<p>Depois de dois anos de pandemia e quebra nas receitas, &nbsp;a segunda maior cadeia hoteleira nacional lan\u00e7a novos investimentos ciente da retoma progressiva ao longo de 2022.<\/p>\n<h3><strong>Saiba mais <a href=\"https:\/\/www.diarioimobiliario.pt\/Turismo\/Grupo-Vila-Gale-inaugura-resort-em-Alagoas-renova-hotel-do-Estoril-e-inicia-quatro-projectos-em-2022\" target=\"_blank\" rel=\"noopener\">aqui<\/a><\/strong><\/h3>\n<\/p>\n<h4><strong>Leia as anteriores Imos\u00edntese:<\/strong><\/h4>\n<p><strong>\ud83d\udc49<a href=\"https:\/\/www.imovirtual.com\/noticias\/noticias\/imosintese-noticias-230222\" target=\"_blank\" rel=\"noopener\">IMOS\u00cdNTESE &#8211; NOT\u00cdCIAS 23\/02<\/a><\/strong><\/p>\n<p><strong>\ud83d\udc49<a href=\"https:\/\/www.imovirtual.com\/noticias\/noticias\/imosintese-noticias-220222\" target=\"_blank\" rel=\"noopener\">IMOS\u00cdNTESE &#8211; NOT\u00cdCIAS 22\/02<\/a><\/strong><\/p>\n<p><strong>\ud83d\udc49<a href=\"https:\/\/www.imovirtual.com\/noticias\/noticias\/imosintese-noticias-210222\" target=\"_blank\" rel=\"noopener\">IMOS\u00cdNTESE &#8211; NOT\u00cdCIAS 21\/02<\/a><\/strong><\/p>\n<\/p>\n<div class=\"css-h5fkc8\"><strong>Ultima actualiza\u00e7\u00e3o:<\/strong> 25 fevereiro 2022<\/div>\n","protected":false},"excerpt":{"rendered":"<p>Em parceria com o Di\u00e1rio Imobili\u00e1rio, o Imovirtual apresenta diariamente um resumo notici\u00e1rio dos acontecimentos mais relevantes do dia. Fique a par das \u00faltimas novidades do Mercado Imobili\u00e1rio: Metaverse: o futuro do teletrabalho H\u00e1 anos que a ideia do futuro \u00e9 de carros voadores e robots que nos acompanham nas nossas tarefas. Previa-se que em &hellip;<\/p>\n","protected":false},"author":3,"featured_media":100,"comment_status":"closed","ping_status":"open","sticky":false,"template":"","format":"standard","meta":{"footnotes":""},"categories":[4],"tags":[],"class_list":["post-1108","post","type-post","status-publish","format-standard","has-post-thumbnail","hentry","category-novidades"],"_links":{"self":[{"href":"https:\/\/www.imovirtual.com\/noticias\/wp-json\/wp\/v2\/posts\/1108","targetHints":{"allow":["GET"]}}],"collection":[{"href":"https:\/\/www.imovirtual.com\/noticias\/wp-json\/wp\/v2\/posts"}],"about":[{"href":"https:\/\/www.imovirtual.com\/noticias\/wp-json\/wp\/v2\/types\/post"}],"author":[{"embeddable":true,"href":"https:\/\/www.imovirtual.com\/noticias\/wp-json\/wp\/v2\/users\/3"}],"replies":[{"embeddable":true,"href":"https:\/\/www.imovirtual.com\/noticias\/wp-json\/wp\/v2\/comments?post=1108"}],"version-history":[{"count":0,"href":"https:\/\/www.imovirtual.com\/noticias\/wp-json\/wp\/v2\/posts\/1108\/revisions"}],"wp:featuredmedia":[{"embeddable":true,"href":"https:\/\/www.imovirtual.com\/noticias\/wp-json\/wp\/v2\/media\/100"}],"wp:attachment":[{"href":"https:\/\/www.imovirtual.com\/noticias\/wp-json\/wp\/v2\/media?parent=1108"}],"wp:term":[{"taxonomy":"category","embeddable":true,"href":"https:\/\/www.imovirtual.com\/noticias\/wp-json\/wp\/v2\/categories?post=1108"},{"taxonomy":"post_tag","embeddable":true,"href":"https:\/\/www.imovirtual.com\/noticias\/wp-json\/wp\/v2\/tags?post=1108"}],"curies":[{"name":"wp","href":"https:\/\/api.w.org\/{rel}","templated":true}]}}