{"id":1097,"date":"2022-03-03T00:00:00","date_gmt":"2022-03-03T00:00:00","guid":{"rendered":"https:\/\/www.imovirtual.com\/noticias2\/2022\/03\/03\/imosintese-noticias-020322\/"},"modified":"2022-03-03T00:00:00","modified_gmt":"2022-03-03T00:00:00","slug":"imosintese-noticias-020322","status":"publish","type":"post","link":"https:\/\/www.imovirtual.com\/noticias\/novidades\/imosintese-noticias-020322\/","title":{"rendered":"IMOS\u00cdNTESE &#8211; NOT\u00cdCIAS 02\/03"},"content":{"rendered":"<p class=\"css-8qfla4\">\n<p class=\"css-m5h6m0 edperro0\">\n<h2><strong>Em parceria com o Di\u00e1rio Imobili\u00e1rio, o Imovirtual apresenta diariamente um resumo notici\u00e1rio dos acontecimentos mais relevantes do dia. Fique a par das \u00faltimas novidades do Mercado Imobili\u00e1rio:<\/strong><\/h2>\n<\/p>\n<h1><strong>Comprar casa em Fevereiro foi 8% mais caro do que na mesma altura do ano passado<\/strong><\/h1>\n<p>Valor m\u00e9dio de venda fixou-se, em Fevereiro, nos 376.933 euros, com uma ligeira subida de 1,3% face a Janeiro. Este \u00e9 o valor mais caro de todos os meses de 2021, revela o&nbsp;<a href=\"https:\/\/www.imovirtual.com\/\" target=\"_blank\" rel=\"noopener\">Imovirtual<\/a>.<\/p>\n<h3><strong>Saiba mais <a href=\"https:\/\/www.diarioimobiliario.pt\/Habitacao\/Comprar-casa-em-Fevereiro-foi-8-mais-caro-do-que-na-mesma-altura-do-ano-passado\" target=\"_blank\" rel=\"noopener\">aqui<\/a><\/strong><\/h3>\n<\/p>\n<h1><strong>Avalia\u00e7\u00f5es banc\u00e1rias: Valor mediano aumentou 10,4% em Janeiro face ao per\u00edodo hom\u00f3logo<\/strong><\/h1>\n<p>O valor mediano de avalia\u00e7\u00e3o banc\u00e1ria foi 1292\u20ac em Janeiro de 2022, mais 7 euros que o observado no m\u00eas precedente. Em termos hom\u00f3logos, a taxa de varia\u00e7\u00e3o fixou-se em 10,4% (11,2% em dezembro de 2021).<\/p>\n<h3><strong>Saiba mais <a href=\"https:\/\/www.diarioimobiliario.pt\/Habitacao\/Avaliacoes-bancarias-Valor-mediano-aumentou-10-4-em-Janeiro-face-ao-periodo-homologo\" target=\"_blank\" rel=\"noopener\">aqui<\/a><\/strong><\/h3>\n<\/p>\n<h1><strong>Bankinter baixa spread para 0,90% nas Transfer\u00eancias de Cr\u00e9dito Habita\u00e7\u00e3o<\/strong><\/h1>\n<p>O Bankinter acaba de lan\u00e7ar uma campanha promocional com um spread m\u00ednimo de 0,90% para transfer\u00eancias de Cr\u00e9dito Habita\u00e7\u00e3o de outros bancos para o Bankinter.<\/p>\n<h3><strong>Saiba mais <a href=\"https:\/\/www.diarioimobiliario.pt\/Habitacao\/Bankinter-baixa-spread-para-0-90-nas-Transferencias-de-Credito-Habitacao\" target=\"_blank\" rel=\"noopener\">aqui<\/a><\/strong><\/h3>\n<\/p>\n<h1><strong>Diminui\u00e7\u00e3o do IVA na Constru\u00e7\u00e3o Nova pode ser uma solu\u00e7\u00e3o para desacelerar o crescimento dos pre\u00e7os das casas?<\/strong><\/h1>\n<p><strong>[Artigo de Opini\u00e3o &#8211; Andr\u00e9 Casaca] &#8211; <\/strong>A figura da Reabilita\u00e7\u00e3o Urbana tornou-se, nos \u00faltimos anos, uma realidade do mercado imobili\u00e1rio portugu\u00eas, trazendo mais vida e interesse aos nossos tecidos urbanos hist\u00f3ricos.<\/p>\n<h3><strong>Saiba mais <a href=\"https:\/\/www.diarioimobiliario.pt\/Opiniao\/Diminuicao-do-IVA-na-Construcao-Nova-pode-ser-uma-solucao-para-desacelerar-o-crescimento-dos-precos-das-casas\" target=\"_blank\" rel=\"noopener\">aqui<\/a><\/strong><\/h3>\n<\/p>\n<h1><strong>Mulheres do imobili\u00e1rio unidas na cria\u00e7\u00e3o da primeira associa\u00e7\u00e3o em Portugal<\/strong><\/h1>\n<p>Nasceu a Wire &#8211; Women in Real Estate &#8211; Portugal, uma associa\u00e7\u00e3o inclusiva, que promove a igualdade e o networking para mulheres profissionais do mercado imobili\u00e1rio, com o apoio da APPII&nbsp;\u2013 Associa\u00e7\u00e3o Portuguesa de Promotores e Investidores Imobili\u00e1rios.<\/p>\n<h3><strong>Saiba mais <a href=\"https:\/\/www.diarioimobiliario.pt\/Actualidade\/Mulheres-do-imobiliario-unidas-na-criacao-da-primeira-associacao-em-Portugal\" target=\"_blank\" rel=\"noopener\">aqui<\/a><\/strong><\/h3>\n<\/p>\n<h4><strong>Leia as anteriores Imos\u00edntese:<\/strong><\/h4>\n<p><strong>\ud83d\udc49<a href=\"https:\/\/www.imovirtual.com\/noticias\/noticias\/imosintese-noticias-010322\" target=\"_blank\" rel=\"noopener\">IMOS\u00cdNTESE &#8211; NOT\u00cdCIAS 01\/03<\/a><\/strong><\/p>\n<p><strong>\ud83d\udc49<a href=\"https:\/\/www.imovirtual.com\/noticias\/noticias\/imosintese-noticias-280222\" target=\"_blank\" rel=\"noopener\">IMOS\u00cdNTESE &#8211; NOT\u00cdCIAS 28\/02<\/a><\/strong><\/p>\n<p><strong>\ud83d\udc49<a href=\"https:\/\/www.imovirtual.com\/noticias\/noticias\/imosintese-noticias-250222\" target=\"_blank\" rel=\"noopener\">IMOS\u00cdNTESE &#8211; NOT\u00cdCIAS 25\/02<\/a><\/strong><\/p>\n<\/p>\n<div class=\"css-h5fkc8\"><strong>Ultima actualiza\u00e7\u00e3o:<\/strong> 03 mar\u00e7o 2022<\/div>\n","protected":false},"excerpt":{"rendered":"<p>Em parceria com o Di\u00e1rio Imobili\u00e1rio, o Imovirtual apresenta diariamente um resumo notici\u00e1rio dos acontecimentos mais relevantes do dia. Fique a par das \u00faltimas novidades do Mercado Imobili\u00e1rio: Comprar casa em Fevereiro foi 8% mais caro do que na mesma altura do ano passado Valor m\u00e9dio de venda fixou-se, em Fevereiro, nos 376.933 euros, com &hellip;<\/p>\n","protected":false},"author":3,"featured_media":100,"comment_status":"closed","ping_status":"open","sticky":false,"template":"","format":"standard","meta":{"footnotes":""},"categories":[4],"tags":[],"class_list":["post-1097","post","type-post","status-publish","format-standard","has-post-thumbnail","hentry","category-novidades"],"_links":{"self":[{"href":"https:\/\/www.imovirtual.com\/noticias\/wp-json\/wp\/v2\/posts\/1097","targetHints":{"allow":["GET"]}}],"collection":[{"href":"https:\/\/www.imovirtual.com\/noticias\/wp-json\/wp\/v2\/posts"}],"about":[{"href":"https:\/\/www.imovirtual.com\/noticias\/wp-json\/wp\/v2\/types\/post"}],"author":[{"embeddable":true,"href":"https:\/\/www.imovirtual.com\/noticias\/wp-json\/wp\/v2\/users\/3"}],"replies":[{"embeddable":true,"href":"https:\/\/www.imovirtual.com\/noticias\/wp-json\/wp\/v2\/comments?post=1097"}],"version-history":[{"count":0,"href":"https:\/\/www.imovirtual.com\/noticias\/wp-json\/wp\/v2\/posts\/1097\/revisions"}],"wp:featuredmedia":[{"embeddable":true,"href":"https:\/\/www.imovirtual.com\/noticias\/wp-json\/wp\/v2\/media\/100"}],"wp:attachment":[{"href":"https:\/\/www.imovirtual.com\/noticias\/wp-json\/wp\/v2\/media?parent=1097"}],"wp:term":[{"taxonomy":"category","embeddable":true,"href":"https:\/\/www.imovirtual.com\/noticias\/wp-json\/wp\/v2\/categories?post=1097"},{"taxonomy":"post_tag","embeddable":true,"href":"https:\/\/www.imovirtual.com\/noticias\/wp-json\/wp\/v2\/tags?post=1097"}],"curies":[{"name":"wp","href":"https:\/\/api.w.org\/{rel}","templated":true}]}}