{"id":1038,"date":"2022-02-16T00:00:00","date_gmt":"2022-02-16T00:00:00","guid":{"rendered":"https:\/\/www.imovirtual.com\/noticias2\/2022\/02\/16\/imosintese-noticias-1402\/"},"modified":"2022-02-16T00:00:00","modified_gmt":"2022-02-16T00:00:00","slug":"imosintese-noticias-1402","status":"publish","type":"post","link":"https:\/\/www.imovirtual.com\/noticias\/novidades\/imosintese-noticias-1402\/","title":{"rendered":"IMOS\u00cdNTESE &#8211; NOT\u00cdCIAS 14\/02"},"content":{"rendered":"<p class=\"css-8qfla4\">\n<p class=\"css-m5h6m0 edperro0\">\n<h2><strong>Em parceria com o Di\u00e1rio Imobili\u00e1rio, o Imovirtual apresenta diariamente um resumo notici\u00e1rio dos acontecimentos mais relevantes do dia. Fique a par das \u00faltimas novidades do Mercado Imobili\u00e1rio:<\/strong><\/h2>\n<\/p>\n<h1><strong>ESAI lan\u00e7a a primeira edi\u00e7\u00e3o do MBA em Gest\u00e3o e Media\u00e7\u00e3o Imobili\u00e1ria<\/strong><\/h1>\n<p>A ESAI &#8211; Escola Superior de Actividades Imobili\u00e1rias &#8211; acaba de apresentar o seu mais recente MBA em Gest\u00e3o e Media\u00e7\u00e3o Imobili\u00e1ria, com in\u00edcio marcado para 30 de Abril. Esta forma\u00e7\u00e3o tem uma carga hor\u00e1ria de 270 horas, distribu\u00eddas em 18 diferentes m\u00f3dulos especializados, cujo foco \u00e9 desenvolver o neg\u00f3cio dos participantes.<\/p>\n<h3><strong>Saiba mais <a href=\"https:\/\/www.diarioimobiliario.pt\/Actualidade\/ESAI-lanca-a-primeira-edicao-do-MBA-em-Gestao-e-Mediacao-Imobiliaria\" target=\"_blank\" rel=\"noopener\">aqui<\/a><\/strong><\/h3>\n<\/p>\n<h1><strong>O voo de \u00cdcaro<\/strong><\/h1>\n<p><strong>[Artigo de opini\u00e3o &#8211; Francisco Mota Ferreira] &#8211; <\/strong>\u00cdcaro, da mitologia grega, ficou preso com o seu pai, D\u00e9dalo, no labirinto do Minotauro. Ambos conseguiram fugir da pris\u00e3o onde se encontravam gra\u00e7as a umas asas de cera constru\u00eddas pelo engenhoso D\u00e9dalo. Ao coloca-las no seu filho, alertou-o para n\u00e3o se aproximar demasiado do sol, para que o calor n\u00e3o&nbsp;derretesse a cera, e n\u00e3o chegasse muito perto do mar, para que a \u00e1gua e o sal n\u00e3o danificassem as penas. Por\u00e9m, inebriado pela sensa\u00e7\u00e3o de liberdade, \u00cdcaro ignorou os avisos do seu pai. O sol derreteu a cera das asas e \u00cdcaro cai no mar, acabando por morrer.<\/p>\n<h3><strong>Saiba mais <a href=\"https:\/\/www.diarioimobiliario.pt\/Opiniao\/O-voo-de-Icaro\" target=\"_blank\" rel=\"noopener\">aqui<\/a><\/strong><\/h3>\n<\/p>\n<h1><strong>Impacto dos Custos de Constru\u00e7\u00e3o no Processo de Promo\u00e7\u00e3o Imobili\u00e1ria<\/strong><\/h1>\n<p><strong>[Artigo de opini\u00e3o &#8211; Andr\u00e9 Casaca] &#8211; <\/strong>O Custo de Constru\u00e7\u00e3o \u00e9 uma das \u201cr\u00fabricas\u201d mais importantes quando analisamos, gerimos ou concretizamos um determinado investimento no mercado imobili\u00e1rio.<\/p>\n<h3><strong>Saiba mais <a href=\"https:\/\/www.diarioimobiliario.pt\/Opiniao\/Impacto-dos-Custos-de-Construcao-no-Processo-de-Promocao-Imobiliaria\" target=\"_blank\" rel=\"noopener\">aqui<\/a><\/strong><\/h3>\n<\/p>\n<h1><strong>Sector comercial e regi\u00f5es de baixa densidade alvo dos investimentos \u2018Golden Visa<\/strong><\/h1>\n<p>A consultora imobili\u00e1ria Athena Advisers anuncia que regista aumentos significativos na procura por im\u00f3veis comerciais em Lisboa e Porto e por casas em \u00e1reas em desenvolvimento. Produtos chave-na-m\u00e3o com bons retornos s\u00e3o os mais requisitados.<\/p>\n<h3><strong>Saiba mais <a href=\"https:\/\/www.diarioimobiliario.pt\/Actualidade\/Sector-comercial-e-regioes-de-baixa-densidade-alvo-dos-investimentos-Golden-Visa\" target=\"_blank\" rel=\"noopener\">aqui<\/a><\/strong><\/h3>\n<\/p>\n<h1><strong>Largo do Conde Bar\u00e3o, em Lisboa, requalificado<\/strong><\/h1>\n<p>O que foi outrora uma praia do Rio tejo, a praia da Boa Vista, viria a dar origem ao Conde Bar\u00e3o quando no s\u00e9culo XVI foram constru\u00eddos o Pal\u00e1cio Alvito e o Pal\u00e1cio Almada-Carvalhais.<\/p>\n<h3><strong>Saiba mais <a href=\"https:\/\/www.diarioimobiliario.pt\/Actualidade\/Reabilitacao\/Largo-do-Conde-Barao-em-Lisboa-requalificado\" target=\"_blank\" rel=\"noopener\">aqui<\/a><\/strong><\/h3>\n<\/p>\n<h4><strong>Leia as anteriores Imos\u00edntese:<\/strong><\/h4>\n<p>\ud83d\udc49<a href=\"https:\/\/www.imovirtual.com\/noticias\/noticias\/imosintese-noticias-110222\" target=\"_blank\" rel=\"noopener\"><strong>IMOS\u00cdNTESE &#8211; NOT\u00cdCIAS 11\/02<\/strong><\/a><\/p>\n<p>\ud83d\udc49<a href=\"https:\/\/www.imovirtual.com\/noticias\/noticias\/imosintese-noticias-100222\" target=\"_blank\" rel=\"noopener\"><strong>IMOS\u00cdNTESE &#8211; NOT\u00cdCIAS 10\/02<\/strong><\/a><\/p>\n<p>\ud83d\udc49<a href=\"https:\/\/www.imovirtual.com\/noticias\/noticias\/imosintese-noticias-090222\" target=\"_blank\" rel=\"noopener\"><strong>IMOS\u00cdNTESE &#8211; NOT\u00cdCIAS 09\/02<\/strong><\/a><\/p>\n<\/p>\n<div class=\"css-h5fkc8\"><strong>Ultima actualiza\u00e7\u00e3o:<\/strong> 16 fevereiro 2022<\/div>\n","protected":false},"excerpt":{"rendered":"<p>Em parceria com o Di\u00e1rio Imobili\u00e1rio, o Imovirtual apresenta diariamente um resumo notici\u00e1rio dos acontecimentos mais relevantes do dia. Fique a par das \u00faltimas novidades do Mercado Imobili\u00e1rio: ESAI lan\u00e7a a primeira edi\u00e7\u00e3o do MBA em Gest\u00e3o e Media\u00e7\u00e3o Imobili\u00e1ria A ESAI &#8211; Escola Superior de Actividades Imobili\u00e1rias &#8211; acaba de apresentar o seu mais &hellip;<\/p>\n","protected":false},"author":3,"featured_media":100,"comment_status":"closed","ping_status":"open","sticky":false,"template":"","format":"standard","meta":{"footnotes":""},"categories":[4],"tags":[],"class_list":["post-1038","post","type-post","status-publish","format-standard","has-post-thumbnail","hentry","category-novidades"],"_links":{"self":[{"href":"https:\/\/www.imovirtual.com\/noticias\/wp-json\/wp\/v2\/posts\/1038","targetHints":{"allow":["GET"]}}],"collection":[{"href":"https:\/\/www.imovirtual.com\/noticias\/wp-json\/wp\/v2\/posts"}],"about":[{"href":"https:\/\/www.imovirtual.com\/noticias\/wp-json\/wp\/v2\/types\/post"}],"author":[{"embeddable":true,"href":"https:\/\/www.imovirtual.com\/noticias\/wp-json\/wp\/v2\/users\/3"}],"replies":[{"embeddable":true,"href":"https:\/\/www.imovirtual.com\/noticias\/wp-json\/wp\/v2\/comments?post=1038"}],"version-history":[{"count":0,"href":"https:\/\/www.imovirtual.com\/noticias\/wp-json\/wp\/v2\/posts\/1038\/revisions"}],"wp:featuredmedia":[{"embeddable":true,"href":"https:\/\/www.imovirtual.com\/noticias\/wp-json\/wp\/v2\/media\/100"}],"wp:attachment":[{"href":"https:\/\/www.imovirtual.com\/noticias\/wp-json\/wp\/v2\/media?parent=1038"}],"wp:term":[{"taxonomy":"category","embeddable":true,"href":"https:\/\/www.imovirtual.com\/noticias\/wp-json\/wp\/v2\/categories?post=1038"},{"taxonomy":"post_tag","embeddable":true,"href":"https:\/\/www.imovirtual.com\/noticias\/wp-json\/wp\/v2\/tags?post=1038"}],"curies":[{"name":"wp","href":"https:\/\/api.w.org\/{rel}","templated":true}]}}