{"id":1034,"date":"2022-03-04T00:00:00","date_gmt":"2022-03-04T00:00:00","guid":{"rendered":"https:\/\/www.imovirtual.com\/noticias2\/2022\/03\/04\/imosintese-noticias-030322\/"},"modified":"2022-03-04T00:00:00","modified_gmt":"2022-03-04T00:00:00","slug":"imosintese-noticias-030322","status":"publish","type":"post","link":"https:\/\/www.imovirtual.com\/noticias\/novidades\/imosintese-noticias-030322\/","title":{"rendered":"IMOS\u00cdNTESE &#8211; NOT\u00cdCIAS 03\/03"},"content":{"rendered":"<p class=\"css-8qfla4\">\n<p class=\"css-m5h6m0 edperro0\">\n<h2><strong>Em parceria com o Di\u00e1rio Imobili\u00e1rio, o Imovirtual apresenta diariamente um resumo notici\u00e1rio dos acontecimentos mais relevantes do dia. Fique a par das \u00faltimas novidades do Mercado Imobili\u00e1rio:<\/strong><\/h2>\n<\/p>\n<h1><strong>Comprou um im\u00f3vel para habita\u00e7\u00e3o em 2022? Veja os seus direitos<\/strong><\/h1>\n<p><strong>[Artigo de Opini\u00e3o &#8211; Miguel Cunha Machado] &#8211; <\/strong>Comprou ou vai comprar um im\u00f3vel em 2022? Miguel Cunha Machado, do Departamento de Direito do Consumo da Cerejeira Namora Marinho Falc\u00e3o, explica os seus direitos.<\/p>\n<h3><strong>Saiba mais <a href=\"https:\/\/www.diarioimobiliario.pt\/Opiniao\/Comprou-um-imovel-para-habitacao-em-2022-Veja-os-seus-direitos\" target=\"_blank\" rel=\"noopener\">aqui<\/a><\/strong><\/h3>\n<\/p>\n<h1><strong>Custo da habita\u00e7\u00e3o leva quase metade do sal\u00e1rio<\/strong><\/h1>\n<p>De acordo com estudo elaborado pela central sindical CGTP-IN, \u00abHabita\u00e7\u00e3o e custo de vida\u00bb a varia\u00e7\u00e3o anual hom\u00f3loga dos custos da habita\u00e7\u00e3o acelerou 12,2% no terceiro trimestre de 2021.<\/p>\n<h3><strong>Saiba mais <a href=\"https:\/\/www.diarioimobiliario.pt\/Habitacao\/Custo-da-habitacao-leva-quase-metade-do-salario\" target=\"_blank\" rel=\"noopener\">aqui<\/a><\/strong><\/h3>\n<\/p>\n<h1><strong>2022 ser\u00e1 o ano da retoma a n\u00edveis pr\u00e9-pandemia para o mercado imobili\u00e1rio nacional<\/strong><\/h1>\n<p>O mercado imobili\u00e1rio em Portugal captou um volume de investimento total de 2 mil milh\u00f5es de euros em 2021, o que representa um decr\u00e9scimo de 28% e 34% face a 2020 e 2019, respectivamente.<\/p>\n<h3><strong>Saiba mais <a href=\"https:\/\/www.diarioimobiliario.pt\/Actualidade\/2022-sera-o-ano-da-retoma-a-niveis-pre-pandemia-para-o-mercado-imobiliario-nacional\" target=\"_blank\" rel=\"noopener\">aqui<\/a><\/strong><\/h3>\n<\/p>\n<h1><strong>Inlife: Startup portuguesa para arrendamento de alojamento a m\u00e9dio e longo prazo internacionaliza-se<\/strong><\/h1>\n<p>A Inlife continua a crescer e est\u00e1 a preparar-se para expandir a sua actividade para dois novos mercados. Espanha e It\u00e1lia s\u00e3o os primeiros destinos, a&nbsp;integrar a oferta que a empresa disponibiliza na sua plataforma, j\u00e1 a partir desta Primavera.<\/p>\n<h3><strong>Saiba mais <a href=\"https:\/\/www.diarioimobiliario.pt\/Actualidade\/ImoEmpreendedor\/Inlife-Startup-portuguesa-para-arrendamento-de-alojamento-a-medio-e-longo-prazo-internacionaliza-se\" target=\"_blank\" rel=\"noopener\">aqui<\/a><\/strong><\/h3>\n<\/p>\n<h1><strong>Banca concedeu 1187 M\u20ac para novos empr\u00e9stimos \u00e0 habita\u00e7\u00e3o em Janeiro<\/strong><\/h1>\n<p>Em Janeiro, os bancos concederam 1714 milh\u00f5es de euros de novos empr\u00e9stimos aos particulares: 1187 milh\u00f5es de euros para a finalidade de habita\u00e7\u00e3o (69,3%), 369 milh\u00f5es de euros para consumo e 158 milh\u00f5es de euros para outros fins. A informa\u00e7\u00e3o foi hoje divulgada pelo Banco de Portugal.<\/p>\n<h3><strong>Saiba mais <a href=\"https:\/\/www.diarioimobiliario.pt\/Habitacao\/Banca-concedeu-1187-M-para-novos-emprestimos-a-habitacao-em-Janeiro2\" target=\"_blank\" rel=\"noopener\">aqui<\/a><\/strong><\/h3>\n<\/p>\n<h4><strong>Leia as anteriores Imos\u00edntese:<\/strong><\/h4>\n<p><strong>\ud83d\udc49<a href=\"https:\/\/www.imovirtual.com\/noticias\/noticias\/imosintese-noticias-020322\" target=\"_blank\" rel=\"noopener\">IMOS\u00cdNTESE &#8211; NOT\u00cdCIAS 02\/03<\/a><\/strong><\/p>\n<p><strong>\ud83d\udc49<a href=\"https:\/\/www.imovirtual.com\/noticias\/noticias\/imosintese-noticias-010322\" target=\"_blank\" rel=\"noopener\">IMOS\u00cdNTESE &#8211; NOT\u00cdCIAS 01\/03<\/a><\/strong><\/p>\n<p><strong>\ud83d\udc49<a href=\"https:\/\/www.imovirtual.com\/noticias\/noticias\/imosintese-noticias-280222\" target=\"_blank\" rel=\"noopener\">IMOS\u00cdNTESE &#8211; NOT\u00cdCIAS 28\/02<\/a><\/strong><\/p>\n<\/p>\n<div class=\"css-h5fkc8\"><strong>Ultima actualiza\u00e7\u00e3o:<\/strong> 04 mar\u00e7o 2022<\/div>\n","protected":false},"excerpt":{"rendered":"<p>Em parceria com o Di\u00e1rio Imobili\u00e1rio, o Imovirtual apresenta diariamente um resumo notici\u00e1rio dos acontecimentos mais relevantes do dia. Fique a par das \u00faltimas novidades do Mercado Imobili\u00e1rio: Comprou um im\u00f3vel para habita\u00e7\u00e3o em 2022? Veja os seus direitos [Artigo de Opini\u00e3o &#8211; Miguel Cunha Machado] &#8211; Comprou ou vai comprar um im\u00f3vel em 2022? &hellip;<\/p>\n","protected":false},"author":3,"featured_media":100,"comment_status":"closed","ping_status":"open","sticky":false,"template":"","format":"standard","meta":{"footnotes":""},"categories":[4],"tags":[],"class_list":["post-1034","post","type-post","status-publish","format-standard","has-post-thumbnail","hentry","category-novidades"],"_links":{"self":[{"href":"https:\/\/www.imovirtual.com\/noticias\/wp-json\/wp\/v2\/posts\/1034","targetHints":{"allow":["GET"]}}],"collection":[{"href":"https:\/\/www.imovirtual.com\/noticias\/wp-json\/wp\/v2\/posts"}],"about":[{"href":"https:\/\/www.imovirtual.com\/noticias\/wp-json\/wp\/v2\/types\/post"}],"author":[{"embeddable":true,"href":"https:\/\/www.imovirtual.com\/noticias\/wp-json\/wp\/v2\/users\/3"}],"replies":[{"embeddable":true,"href":"https:\/\/www.imovirtual.com\/noticias\/wp-json\/wp\/v2\/comments?post=1034"}],"version-history":[{"count":0,"href":"https:\/\/www.imovirtual.com\/noticias\/wp-json\/wp\/v2\/posts\/1034\/revisions"}],"wp:featuredmedia":[{"embeddable":true,"href":"https:\/\/www.imovirtual.com\/noticias\/wp-json\/wp\/v2\/media\/100"}],"wp:attachment":[{"href":"https:\/\/www.imovirtual.com\/noticias\/wp-json\/wp\/v2\/media?parent=1034"}],"wp:term":[{"taxonomy":"category","embeddable":true,"href":"https:\/\/www.imovirtual.com\/noticias\/wp-json\/wp\/v2\/categories?post=1034"},{"taxonomy":"post_tag","embeddable":true,"href":"https:\/\/www.imovirtual.com\/noticias\/wp-json\/wp\/v2\/tags?post=1034"}],"curies":[{"name":"wp","href":"https:\/\/api.w.org\/{rel}","templated":true}]}}