{"id":1026,"date":"2022-03-28T00:00:00","date_gmt":"2022-03-28T00:00:00","guid":{"rendered":"https:\/\/www.imovirtual.com\/noticias2\/2022\/03\/28\/imosintese-noticias-250322\/"},"modified":"2022-03-28T00:00:00","modified_gmt":"2022-03-28T00:00:00","slug":"imosintese-noticias-250322","status":"publish","type":"post","link":"https:\/\/www.imovirtual.com\/noticias\/novidades\/imosintese-noticias-250322\/","title":{"rendered":"IMOS\u00cdNTESE &#8211; NOT\u00cdCIAS 25\/03"},"content":{"rendered":"<p class=\"css-8qfla4\">\n<p class=\"css-m5h6m0 edperro0\">\n<h2><strong>Em parceria com o Di\u00e1rio Imobili\u00e1rio, o Imovirtual apresenta diariamente um resumo notici\u00e1rio dos acontecimentos mais relevantes do dia. Fique a par das \u00faltimas novidades do Mercado Imobili\u00e1rio:<\/strong><\/h2>\n<\/p>\n<h1><strong>154 propostas passam \u00e0 2\u00aa fase do Programa Alojamento Estudantil a Custos Acess\u00edveis<\/strong><\/h1>\n<p>Mais de 150 propostas passam \u00e0 2\u00aa fase do Programa Alojamento Estudantil a Custos Acess\u00edveis ao abrigo do PRR.<\/p>\n<h3><strong>Saiba mais <a href=\"https:\/\/www.diarioimobiliario.pt\/Actualidade\/154-propostas-passam-a-2a-fase-do-Programa-Alojamento-Estudantil-a-Custos-Acessiveis\" target=\"_blank\" rel=\"noopener\">aqui<\/a><\/strong><\/h3>\n<\/p>\n<h1><strong>Avalia\u00e7\u00e3o banc\u00e1ria por m2 sobe 22 euros em Fevereiro<\/strong><\/h1>\n<p>O valor mediano de avalia\u00e7\u00e3o banc\u00e1ria foi 1.314 euros em Fevereiro, mais 22 euros que o observado no m\u00eas precedente. Em termos hom\u00f3logos, a taxa de varia\u00e7\u00e3o fixou-se em 11,9% (10,4% em Janeiro) \u2013 os dados foram hoje divulgado pelo INE.<\/p>\n<h3><strong>Saiba mais <a href=\"https:\/\/www.diarioimobiliario.pt\/Habitacao\/Avaliacao-bancaria-por-m2-sobe-22-euros-em-Fevereiro\" target=\"_blank\" rel=\"noopener\">aqui<\/a><\/strong><\/h3>\n<\/p>\n<h1><strong>Century 21 comercializa apartamentos \u201cprontos a habitar\u201d no&nbsp; Belas Clube de Campo<\/strong><\/h1>\n<p>A Century 21 Portugal est\u00e1 a comercializar 17 apartamentos \u201cprontos a habitar\u201d, na nova fase de expans\u00e3o do Bela Clube de Campo, um empreendimento promovido pelo Planbelas do empres\u00e1rio Andr\u00e9 Jordan.<\/p>\n<h3><strong>Saiba mais <a href=\"https:\/\/www.diarioimobiliario.pt\/Habitacao\/Century-21-comercializa-apartamentos-prontos-a-habitar-no-Belas-Clube-de-Campo\" target=\"_blank\" rel=\"noopener\">aqui<\/a><\/strong><\/h3>\n<\/p>\n<h1><strong>Constru\u00e7\u00e3o entra em 2022 com estabiliza\u00e7\u00e3o da actividade e queda nos contratos<\/strong><\/h1>\n<p>O volume total de concursos de empreitadas de obras p\u00fablicas promovidos ao longo dos dois primeiros meses de 2022 \u00e9 de 544 milh\u00f5es de euros, precisamente o mesmo que o registado no per\u00edodo hom\u00f3logo de 2021, pelo que se assinala uma varia\u00e7\u00e3o nula, a qual ocorre ap\u00f3s um crescimento de 7% verificado no passado m\u00eas de Janeiro.<\/p>\n<h3><strong>Saiba mais <a href=\"https:\/\/www.diarioimobiliario.pt\/Actualidade\/Construcao-entra-em-2022-com-estabilizacao-da-actividade-e-queda-nos-contratos\" target=\"_blank\" rel=\"noopener\">aqui<\/a><\/strong><\/h3>\n<\/p>\n<h1><strong>Mais de 5.000 fogos sa\u00edram do Alojamento Local em Lisboa e Porto nos \u00faltimos dois anos<\/strong><\/h1>\n<p>O universo de fogos T0 e T1 activos&nbsp;no Alojamento Local em Lisboa e Porto caiu para metade nos \u00faltimos dois anos, de acordo com a Confidencial Imobili\u00e1rio, em resultado da an\u00e1lise ao SIR-Alojamento Local.<\/p>\n<h3><strong>Saiba mais <a href=\"https:\/\/www.diarioimobiliario.pt\/Actualidade\/Mais-de-5.000-fogos-sairam-do-Alojamento-Local-em-Lisboa-e-Porto-nos-ultimos-dois-anos\" target=\"_blank\" rel=\"noopener\">aqui<\/a><\/strong><\/h3>\n<\/p>\n<h4><strong>Leia as anteriores Imos\u00edntese:<\/strong><\/h4>\n<p><strong>\ud83d\udc49<a href=\"https:\/\/www.imovirtual.com\/noticias\/noticias\/imosintese-noticias-240322\" target=\"_blank\" rel=\"noopener\">IMOS\u00cdNTESE &#8211; NOT\u00cdCIAS 24\/03<\/a><\/strong><\/p>\n<p><strong>\ud83d\udc49<a href=\"https:\/\/www.imovirtual.com\/noticias\/noticias\/imosintese-noticias-230322\" target=\"_blank\" rel=\"noopener\">IMOS\u00cdNTESE &#8211; NOT\u00cdCIAS 23\/03<\/a><\/strong><\/p>\n<p><strong>\ud83d\udc49<a href=\"https:\/\/www.imovirtual.com\/noticias\/noticias\/imosintese-noticias-220322\" target=\"_blank\" rel=\"noopener\">IMOS\u00cdNTESE &#8211; NOT\u00cdCIAS 22\/03<\/a><\/strong><\/p>\n<\/p>\n<div class=\"css-h5fkc8\"><strong>Ultima actualiza\u00e7\u00e3o:<\/strong> 28 mar\u00e7o 2022<\/div>\n","protected":false},"excerpt":{"rendered":"<p>Em parceria com o Di\u00e1rio Imobili\u00e1rio, o Imovirtual apresenta diariamente um resumo notici\u00e1rio dos acontecimentos mais relevantes do dia. Fique a par das \u00faltimas novidades do Mercado Imobili\u00e1rio: 154 propostas passam \u00e0 2\u00aa fase do Programa Alojamento Estudantil a Custos Acess\u00edveis Mais de 150 propostas passam \u00e0 2\u00aa fase do Programa Alojamento Estudantil a Custos &hellip;<\/p>\n","protected":false},"author":3,"featured_media":100,"comment_status":"closed","ping_status":"open","sticky":false,"template":"","format":"standard","meta":{"footnotes":""},"categories":[4],"tags":[],"class_list":["post-1026","post","type-post","status-publish","format-standard","has-post-thumbnail","hentry","category-novidades"],"_links":{"self":[{"href":"https:\/\/www.imovirtual.com\/noticias\/wp-json\/wp\/v2\/posts\/1026","targetHints":{"allow":["GET"]}}],"collection":[{"href":"https:\/\/www.imovirtual.com\/noticias\/wp-json\/wp\/v2\/posts"}],"about":[{"href":"https:\/\/www.imovirtual.com\/noticias\/wp-json\/wp\/v2\/types\/post"}],"author":[{"embeddable":true,"href":"https:\/\/www.imovirtual.com\/noticias\/wp-json\/wp\/v2\/users\/3"}],"replies":[{"embeddable":true,"href":"https:\/\/www.imovirtual.com\/noticias\/wp-json\/wp\/v2\/comments?post=1026"}],"version-history":[{"count":0,"href":"https:\/\/www.imovirtual.com\/noticias\/wp-json\/wp\/v2\/posts\/1026\/revisions"}],"wp:featuredmedia":[{"embeddable":true,"href":"https:\/\/www.imovirtual.com\/noticias\/wp-json\/wp\/v2\/media\/100"}],"wp:attachment":[{"href":"https:\/\/www.imovirtual.com\/noticias\/wp-json\/wp\/v2\/media?parent=1026"}],"wp:term":[{"taxonomy":"category","embeddable":true,"href":"https:\/\/www.imovirtual.com\/noticias\/wp-json\/wp\/v2\/categories?post=1026"},{"taxonomy":"post_tag","embeddable":true,"href":"https:\/\/www.imovirtual.com\/noticias\/wp-json\/wp\/v2\/tags?post=1026"}],"curies":[{"name":"wp","href":"https:\/\/api.w.org\/{rel}","templated":true}]}}