{"id":1018,"date":"2022-03-04T00:00:00","date_gmt":"2022-03-04T00:00:00","guid":{"rendered":"https:\/\/www.imovirtual.com\/noticias2\/2022\/03\/04\/imosintese-noticias-040322\/"},"modified":"2022-03-04T00:00:00","modified_gmt":"2022-03-04T00:00:00","slug":"imosintese-noticias-040322","status":"publish","type":"post","link":"https:\/\/www.imovirtual.com\/noticias\/novidades\/imosintese-noticias-040322\/","title":{"rendered":"IMOS\u00cdNTESE &#8211; NOT\u00cdCIAS 04\/03"},"content":{"rendered":"<p class=\"css-8qfla4\">\n<p class=\"css-m5h6m0 edperro0\">\n<h2><strong>Em parceria com o Di\u00e1rio Imobili\u00e1rio, o Imovirtual apresenta diariamente um resumo notici\u00e1rio dos acontecimentos mais relevantes do dia. Fique a par das \u00faltimas novidades do Mercado Imobili\u00e1rio:<\/strong><\/h2>\n<\/p>\n<h1><strong>Quer um cliente de Hollywood? Tenha um Servi\u00e7o de Luxo<\/strong><\/h1>\n<p><strong>[Artigo de Opini\u00e3o &#8211; Adriano Nogueira Pinto] &#8211; <\/strong>Segundo o dicion\u00e1rio \u201cluxo\u201d \u00e9 sin\u00f3nimo de \u201costenta\u00e7\u00e3o da riqueza; magnific\u00eancia; gala\u201d, mas quando falamos \u201cde&nbsp;luxo\u201d a interpreta\u00e7\u00e3o j\u00e1 \u00e9 \u201cde qualidade excelente\u201d. N\u00e3o h\u00e1 d\u00favidas que viver no mercado de luxo representa viver com uma qualidade superior \u00e0 normal e, como tal, a exig\u00eancia tamb\u00e9m tem de ser maior quando falamos de presta\u00e7\u00e3o de servi\u00e7os.<\/p>\n<\/p>\n<h1><strong>Alive by Fortera \u00e9 o novo conceito do grupo israelita em Portugal num investimento de 500 milh\u00f5es<\/strong><\/h1>\n<p>O grupo Fortera acaba de anunciar a implementa\u00e7\u00e3o de um novo conceito em todos os seus novos edif\u00edcios, que vai revolucionar a forma como vivemos e pensamos a habita\u00e7\u00e3o, ao introduzir pela primeira vez em Portugal&nbsp;Alive by Fortera, com um investimento inicial de cerca de 115 milh\u00f5es de euros&nbsp;e a previs\u00e3o de investimento global de 500 milh\u00f5es de euros em cinco anos, em 1000 novas habita\u00e7\u00f5es.<\/p>\n<h3><strong>Saiba mais <a href=\"https:\/\/www.diarioimobiliario.pt\/Habitacao\/Alive-by-Fortera-e-o-novo-conceito-do-grupo-israelita-em-Portugal-num-investimento-de-500-milhoes\" target=\"_blank\" rel=\"noopener\">aqui<\/a><\/strong><\/h3>\n<\/p>\n<h1><strong>Amora vai ter um novo centro cultural<\/strong><\/h1>\n<p>O Centro Cultural de Amora, cuja obra est\u00e1 ser iniciada, representando um investimento da C\u00e2mara Municipal do Seixal de mais de 4 milh\u00f5es de euros.&nbsp;<\/p>\n<h3><strong>Saiba mais <a href=\"https:\/\/www.diarioimobiliario.pt\/Actualidade\/Amora-vai-ter-um-novo-centro-cultural\" target=\"_blank\" rel=\"noopener\">aqui<\/a><\/strong><\/h3>\n<\/p>\n<h1><strong>Bayer instala a sua sede no World Trade Center Lisboa<\/strong><\/h1>\n<p>A Bayer, empresa multinacional com compet\u00eancias chave nos campos da ci\u00eancia da vida, em sa\u00fade e nutri\u00e7\u00e3o,&nbsp;confirma a mudan\u00e7a de espa\u00e7o para&nbsp;aquele que \u00e9 considerado, hoje, um dos maiores projetos de escrit\u00f3rios do pa\u00eds, o World Trade Center Lisboa.<\/p>\n<h3><strong>Saiba mais <a href=\"https:\/\/www.diarioimobiliario.pt\/Actualidade\/Escritorios\/Bayer-instala-a-sua-sede-no-World-Trade-Center-Lisboa\" target=\"_blank\" rel=\"noopener\">aqui<\/a><\/strong><\/h3>\n<\/p>\n<h1><strong>Canadiana Mercan Properties fica com tr\u00eas hot\u00e9is da Marriott International em Portugal por 187 milh\u00f5es<\/strong><\/h1>\n<p>A Mercan Properties, com 17 projetos em Portugal, assinou acordos de franchising com a Marriott International, Inc. para operar tr\u00eas hot\u00e9is sob as marcas da Marriott International.<\/p>\n<h3><strong>Saiba mais <a href=\"https:\/\/www.diarioimobiliario.pt\/Turismo\/Canadiana-Mercan-Properties-fica-com-tres-hoteis-da-Marriott-International-em-Portugal-por-187-milhoes\" target=\"_blank\" rel=\"noopener\">aqui<\/a><\/strong><\/h3>\n<\/p>\n<h4><strong>Leia as anteriores Imos\u00edntese:<\/strong><\/h4>\n<p><strong>\ud83d\udc49<a href=\"https:\/\/www.imovirtual.com\/noticias\/noticias\/imosintese-noticias-030322\" target=\"_blank\" rel=\"noopener\">IMOS\u00cdNTESE &#8211; NOT\u00cdCIAS 03\/03<\/a><\/strong><\/p>\n<p><strong>\ud83d\udc49<a href=\"https:\/\/www.imovirtual.com\/noticias\/noticias\/imosintese-noticias-020322\" target=\"_blank\" rel=\"noopener\">IMOS\u00cdNTESE &#8211; NOT\u00cdCIAS 02\/03<\/a><\/strong><\/p>\n<p><strong>\ud83d\udc49<a href=\"https:\/\/www.imovirtual.com\/noticias\/noticias\/imosintese-noticias-010322\" target=\"_blank\" rel=\"noopener\">IMOS\u00cdNTESE &#8211; NOT\u00cdCIAS 01\/03<\/a><\/strong><\/p>\n<\/p>\n<div class=\"css-h5fkc8\"><strong>Ultima actualiza\u00e7\u00e3o:<\/strong> 04 mar\u00e7o 2022<\/div>\n","protected":false},"excerpt":{"rendered":"<p>Em parceria com o Di\u00e1rio Imobili\u00e1rio, o Imovirtual apresenta diariamente um resumo notici\u00e1rio dos acontecimentos mais relevantes do dia. Fique a par das \u00faltimas novidades do Mercado Imobili\u00e1rio: Quer um cliente de Hollywood? Tenha um Servi\u00e7o de Luxo [Artigo de Opini\u00e3o &#8211; Adriano Nogueira Pinto] &#8211; Segundo o dicion\u00e1rio \u201cluxo\u201d \u00e9 sin\u00f3nimo de \u201costenta\u00e7\u00e3o da &hellip;<\/p>\n","protected":false},"author":3,"featured_media":100,"comment_status":"closed","ping_status":"open","sticky":false,"template":"","format":"standard","meta":{"footnotes":""},"categories":[4],"tags":[],"class_list":["post-1018","post","type-post","status-publish","format-standard","has-post-thumbnail","hentry","category-novidades"],"_links":{"self":[{"href":"https:\/\/www.imovirtual.com\/noticias\/wp-json\/wp\/v2\/posts\/1018","targetHints":{"allow":["GET"]}}],"collection":[{"href":"https:\/\/www.imovirtual.com\/noticias\/wp-json\/wp\/v2\/posts"}],"about":[{"href":"https:\/\/www.imovirtual.com\/noticias\/wp-json\/wp\/v2\/types\/post"}],"author":[{"embeddable":true,"href":"https:\/\/www.imovirtual.com\/noticias\/wp-json\/wp\/v2\/users\/3"}],"replies":[{"embeddable":true,"href":"https:\/\/www.imovirtual.com\/noticias\/wp-json\/wp\/v2\/comments?post=1018"}],"version-history":[{"count":0,"href":"https:\/\/www.imovirtual.com\/noticias\/wp-json\/wp\/v2\/posts\/1018\/revisions"}],"wp:featuredmedia":[{"embeddable":true,"href":"https:\/\/www.imovirtual.com\/noticias\/wp-json\/wp\/v2\/media\/100"}],"wp:attachment":[{"href":"https:\/\/www.imovirtual.com\/noticias\/wp-json\/wp\/v2\/media?parent=1018"}],"wp:term":[{"taxonomy":"category","embeddable":true,"href":"https:\/\/www.imovirtual.com\/noticias\/wp-json\/wp\/v2\/categories?post=1018"},{"taxonomy":"post_tag","embeddable":true,"href":"https:\/\/www.imovirtual.com\/noticias\/wp-json\/wp\/v2\/tags?post=1018"}],"curies":[{"name":"wp","href":"https:\/\/api.w.org\/{rel}","templated":true}]}}