{"id":1016,"date":"2022-03-18T00:00:00","date_gmt":"2022-03-18T00:00:00","guid":{"rendered":"https:\/\/www.imovirtual.com\/noticias2\/2022\/03\/18\/tudo-sobre-mezzanines\/"},"modified":"2024-08-28T10:18:54","modified_gmt":"2024-08-28T10:18:54","slug":"tudo-sobre-mezzanines","status":"publish","type":"post","link":"https:\/\/www.imovirtual.com\/noticias\/lifestyle\/tudo-sobre-mezzanines\/","title":{"rendered":"Tudo sobre as mezzanine"},"content":{"rendered":"<p class=\"css-8qfla4\">\n<p class=\"css-m5h6m0 edperro0\">\n<h1><strong>Tudo sobre as mezzanine<\/strong><\/h1>\n<p>Alguma vez ouviu falar das <strong>mezzanine<\/strong>? Trata-se de um estrangeirismo de origem francesa, derivado do italiano, que define uma <strong>plataforma circul\u00e1vel e elevada em rela\u00e7\u00e3o ao pavimento de uma divis\u00e3o<\/strong>, ligada por uma escada de acesso, cujo objetivo \u00e9 aumentar a \u00e1rea habit\u00e1vel. Por outras palavras, trata-se de um <strong>piso adicional <\/strong>criado num certo local da casa &#8211; <a href=\"https:\/\/www.imovirtual.com\/noticias\/decoracao\/cozinha-e-sala-em-open-space-as-vantagens-e-desvantagens\" target=\"_blank\" rel=\"noopener\">sala<\/a> ou <a href=\"https:\/\/www.imovirtual.com\/noticias\/imobiliario\/6-formas-reaproveitar-quarto\" target=\"_blank\" rel=\"noopener\">quarto<\/a>, geralmente. As mezzanine s\u00e3o normalmente <strong>instaladas sobre pilares ou vigas apoiadas em paredes<\/strong>, existindo tamb\u00e9m a alternativa de serem suspensas. <\/p>\n<p>Antigamente, esta estrutura era muito associada aos armaz\u00e9ns de tetos altos, tendo por isso um car\u00e1ter <a href=\"https:\/\/www.imovirtual.com\/noticias\/decoracao\/estilo-industrial\" target=\"_blank\" rel=\"noopener\">industrial<\/a>. No entanto, as <strong>mezzanine<\/strong> <strong>podem ser utilizadas como uma forma elegante de otimizar o espa\u00e7o de <a href=\"https:\/\/www.imovirtual.com\/comprar\/apartamento\/\" target=\"_blank\" rel=\"noopener\">apartamentos<\/a> ou <a href=\"https:\/\/www.imovirtual.com\/comprar\/moradia\/\" target=\"_blank\" rel=\"noopener\">moradias<\/a> pequenas<\/strong>, desde que os seus tetos sejam ligeiramente elevados. De outra forma, n\u00e3o conseguir\u00e1 instalar uma estrutura deste g\u00e9nero, que necessita de \u00e1reas com pelo menos de 4 metros de altura.<\/p>\n<\/p>\n<h3>Pode interessar-lhe: <a href=\"https:\/\/www.imovirtual.com\/noticias\/decoracao\/estilos-decoracao-paises\" target=\"_blank\" rel=\"noopener\"><em><strong>6 pa\u00edses e os seus estilos de decora\u00e7\u00e3o<\/strong><\/em><\/a><\/h3>\n<\/p>\n<p>No fundo, podemos dizer que as <strong>mezzanine <\/strong>s\u00e3o uma \u00f3tima solu\u00e7\u00e3o para tornar<strong> habita\u00e7\u00f5es de teto alto em espa\u00e7os mais acolhedores e imersivos<\/strong>, j\u00e1 que o piso extra oferece uma maior profundidade e subst\u00e2ncia. Esta tamb\u00e9m pode ser uma boa alternativa para quem pretende <strong>aumentar a \u00e1rea \u00fatil das divis\u00f5es <\/strong>de uma forma mais r\u00e1pida e simples, j\u00e1 que a sua instala\u00e7\u00e3o n\u00e3o obriga \u00e0 execu\u00e7\u00e3o de <a href=\"https:\/\/www.imovirtual.com\/noticias\/imobiliario\/lei-obras-casa\" target=\"_blank\" rel=\"noopener\">obras<\/a> de altera\u00e7\u00e3o da estrutura principal da casa. E para quem pretende livrar-se da <a href=\"https:\/\/www.imovirtual.com\/noticias\/decoracao\/visual-clutter-como-resolver\" target=\"_blank\" rel=\"noopener\">desordem visual<\/a>, saiba que <strong>esta solu\u00e7\u00e3o ajuda a criar mais arruma\u00e7\u00e3o<\/strong>, e consequentemente, mais harmonia nos espa\u00e7os.<\/p>\n<p class=\" block-img\"><img decoding=\"async\" src=\"https:\/\/www.imovirtual.com\/noticias\/wp-content\/uploads\/2022\/11\/9662b081-983b-47ce-a4ce-6cb89fa508c2_iStock-1165755045.jpg\" alt=\"exemplo de mezzanine\"><\/p>\n<h5><em>Exemplo de uma mezzanine transformada em biblioteca.<\/em><\/h5>\n<\/p>\n<p>\u00c9 muito comum que o espa\u00e7o adicional de uma <strong>mezzanine<\/strong>, sirva para acomodar um novo canto de leitura, um <a href=\"https:\/\/www.imovirtual.com\/noticias\/lifestyle\/tudo-o-que-precisa-para-criar-o-seu-ginasio-em-casa\" target=\"_blank\" rel=\"noopener\">gin\u00e1sio<\/a>, um <a href=\"https:\/\/www.imovirtual.com\/noticias\/imobiliario\/como-criar-um-escritorio-em-casa-eficiente\" target=\"_blank\" rel=\"noopener\">escrit\u00f3rio<\/a> ou ate mesmo uma cama num <a href=\"https:\/\/www.imovirtual.com\/noticias\/decoracao\/decorar-quarto-criancas\" target=\"_blank\" rel=\"noopener\">quarto de crian\u00e7as<\/a>. Tudo depende do formato que escolher: um <strong>mezzanine aberto<\/strong> adapta-se particularmente bem \u00e0s \u00e1reas pequenas, criando uma ilus\u00e3o de grandeza. J\u00e1 os mezzanines fechados oferecem privacidade, o que at\u00e9 permite a cria\u00e7\u00e3o de uma casa de banho. <\/p>\n<p>De um modo geral, as estruturas podem ser constru\u00eddas em <strong>cimento, madeira ou ferro<\/strong>, mas existem modelos que permitem a desmontagem do piso extra. H\u00e1 tamb\u00e9m que opte pelo<strong> vidro<\/strong>, evoca pureza e espa\u00e7o, conferindo amplitude ao espa\u00e7o, j\u00e1 que permite que a luz seja filtrada no mezzanine, integrando-o visualmente na decora\u00e7\u00e3o de forma eficaz. De um modo geral, s\u00e3o estruturas seguras, devendo ser projetadas consoante o tamanho das divis\u00f5es da casa e o peso daquilo que ir\u00e3o suportar, para assim n\u00e3o existir risco de colapso ou impacto nas paredes de suporte.<\/p>\n<p class=\" block-img\"><img decoding=\"async\" src=\"https:\/\/www.imovirtual.com\/noticias\/wp-content\/uploads\/2022\/11\/ad8bd12b-ae0c-4b20-b296-ed31d620fb8b_iStock-1140123333.jpg\" alt=\"mezzanine numa sala de estar\"><\/p>\n<h5><em>As mezzanine podem ser utilizadas em divis\u00f5es como a sala de estar ou o quarto das crian\u00e7as.<\/em><\/h5>\n<\/p>\n<p>Em Portugal, existem <strong>empresas de constru\u00e7\u00e3o civil<\/strong> que executam este tipo de trabalho e numa pesquisa r\u00e1pida pela internet, facilmente encontrar\u00e1 profissionais especializados, capazes de lhe oferecer um or\u00e7amento adequado \u00e0s suas necessidades. Note ainda que o pre\u00e7o de um mezzanine \u00e9 influenciado por um conjunto de fatores, como a \u00e1rea, tamanho e materiais a serem usados, al\u00e9m de, claro est\u00e1, a m\u00e3o-de-obra.<\/p>\n<p class=\" block-img\"><img decoding=\"async\" src=\"https:\/\/www.imovirtual.com\/noticias\/wp-content\/uploads\/2022\/11\/af14b393-f5d1-4a75-8368-42f656903033_Copia-de-Banners-Autores-3.png\" alt=\"Maria Lu\u00edsa Autor Imovirtual\"><\/p>\n<h5><em>Maria Lu\u00edsa \u00e9 a decoradora. A paix\u00e3o pela decora\u00e7\u00e3o surgiu desde muito cedo, quando as paredes se tornaram folhas de desenho. Juntou o \u00fatil ao agrad\u00e1vel e fez da voca\u00e7\u00e3o o seu trabalho. Est\u00e1 a cargo dos temas sobre &#8216;Decora\u00e7\u00e3o&#8217; do Blog do Imovirtual.<\/em><\/h5>\n<\/p>\n<h4><strong>Mais sobre&nbsp;<em>Decora\u00e7\u00e3o<\/em><\/strong><\/h4>\n<ul>\n<li><a href=\"https:\/\/www.imovirtual.com\/noticias\/decoracao\/tendencias-decoracao-2022\" target=\"_blank\" rel=\"noopener\"><strong>Tend\u00eancias de Decora\u00e7\u00e3o<\/strong><\/a>&nbsp;para 2022<\/li>\n<li>Guia para escolher&nbsp;<a href=\"https:\/\/www.imovirtual.com\/noticias\/decoracao\/guia-almofadas-decorativas\" target=\"_blank\" rel=\"noopener\"><strong>almofadas decorativas<\/strong><\/a><\/li>\n<li><a href=\"https:\/\/www.imovirtual.com\/noticias\/decoracao\/bancadas-cozinha-materiais\" target=\"_blank\" rel=\"noopener\"><strong>Bancadas de Cozinha<\/strong><\/a>: qual o material mais indicado?<\/li>\n<\/ul>\n<\/p>\n<div class=\"css-h5fkc8\"><strong>Ultima actualiza\u00e7\u00e3o:<\/strong> 18 mar\u00e7o 2022<\/div>\n","protected":false},"excerpt":{"rendered":"<p>Tudo sobre as mezzanine Alguma vez ouviu falar das mezzanine? Trata-se de um estrangeirismo de origem francesa, derivado do italiano, que define uma plataforma circul\u00e1vel e elevada em rela\u00e7\u00e3o ao pavimento de uma divis\u00e3o, ligada por uma escada de acesso, cujo objetivo \u00e9 aumentar a \u00e1rea habit\u00e1vel. Por outras palavras, trata-se de um piso adicional &hellip;<\/p>\n","protected":false},"author":3,"featured_media":1017,"comment_status":"closed","ping_status":"open","sticky":false,"template":"","format":"standard","meta":{"footnotes":""},"categories":[3],"tags":[],"class_list":["post-1016","post","type-post","status-publish","format-standard","has-post-thumbnail","hentry","category-lifestyle"],"_links":{"self":[{"href":"https:\/\/www.imovirtual.com\/noticias\/wp-json\/wp\/v2\/posts\/1016","targetHints":{"allow":["GET"]}}],"collection":[{"href":"https:\/\/www.imovirtual.com\/noticias\/wp-json\/wp\/v2\/posts"}],"about":[{"href":"https:\/\/www.imovirtual.com\/noticias\/wp-json\/wp\/v2\/types\/post"}],"author":[{"embeddable":true,"href":"https:\/\/www.imovirtual.com\/noticias\/wp-json\/wp\/v2\/users\/3"}],"replies":[{"embeddable":true,"href":"https:\/\/www.imovirtual.com\/noticias\/wp-json\/wp\/v2\/comments?post=1016"}],"version-history":[{"count":0,"href":"https:\/\/www.imovirtual.com\/noticias\/wp-json\/wp\/v2\/posts\/1016\/revisions"}],"wp:featuredmedia":[{"embeddable":true,"href":"https:\/\/www.imovirtual.com\/noticias\/wp-json\/wp\/v2\/media\/1017"}],"wp:attachment":[{"href":"https:\/\/www.imovirtual.com\/noticias\/wp-json\/wp\/v2\/media?parent=1016"}],"wp:term":[{"taxonomy":"category","embeddable":true,"href":"https:\/\/www.imovirtual.com\/noticias\/wp-json\/wp\/v2\/categories?post=1016"},{"taxonomy":"post_tag","embeddable":true,"href":"https:\/\/www.imovirtual.com\/noticias\/wp-json\/wp\/v2\/tags?post=1016"}],"curies":[{"name":"wp","href":"https:\/\/api.w.org\/{rel}","templated":true}]}}