{"id":1010,"date":"2022-03-17T00:00:00","date_gmt":"2022-03-17T00:00:00","guid":{"rendered":"https:\/\/www.imovirtual.com\/noticias2\/2022\/03\/17\/empreendimentos-bonfim\/"},"modified":"2024-08-28T10:29:10","modified_gmt":"2024-08-28T10:29:10","slug":"empreendimentos-bonfim","status":"publish","type":"post","link":"https:\/\/www.imovirtual.com\/noticias\/imobiliario\/empreendimentos-bonfim\/","title":{"rendered":"Empreendimentos no Bonfim"},"content":{"rendered":"<p class=\"css-8qfla4\">\n<p class=\"css-m5h6m0 edperro0\">\n<h1><strong>Novos empreendimentos no Bonfim<\/strong><\/h1>\n<p>Quer esteja \u00e0 procura da sua nova&nbsp;<a href=\"https:\/\/www.imovirtual.com\/noticias\/lifestyle\/criancas-casas-de-sonho\" target=\"_blank\" rel=\"noopener\">casa de sonho<\/a>&nbsp;ou de um im\u00f3vel para investir e rentabilizar, damos-lhe a conhecer as novas oportunidades de&nbsp;<a href=\"https:\/\/www.imovirtual.com\/investimento\/home\/\" target=\"_blank\" rel=\"noopener\">empreendimentos<\/a>&nbsp;que est\u00e3o a surgir no Bonfim, no Porto. Uma zona hist\u00f3rica e criativa que j\u00e1 foi considerada um dos mais bairros mais <em>cool<\/em>, pela <a href=\"https:\/\/www.timeout.pt\/porto\/pt\/coisas-para-fazer\/o-melhor-do-bonfim\" target=\"_blank\" rel=\"noopener\">Revista Time Out<\/a>, ocupando a 14\u00aa posi\u00e7\u00e3o. No Bonfim respira-se arte, n\u00e3o fosse esta a casa da <a href=\"https:\/\/sigarra.up.pt\/fbaup\/en\/web_page.Inicial\" target=\"_blank\" rel=\"noopener\">Faculdade de Belas Artes do Porto<\/a>. \u00c9 tamb\u00e9m a zona da cidade ideal para quem procura um bom restaurante, seja ele dos mais tradicionais ou de cozinha de autor. A n\u00edvel de <strong>im\u00f3veis, \u00e9 sabido que a oferta do Porto \u00e9 muito vasta<\/strong>, quer seja para comprar, para arrendar e sobretudo a n\u00edvel de<strong> novos <a href=\"https:\/\/www.imovirtual.com\/investimento\/home\/\" target=\"_blank\" rel=\"noopener\">empreendimentos<\/a> imobili\u00e1rios<\/strong>. Por isso, neste artigo, mostramos-lhe alguns dos&nbsp;<strong>novos empreendimentos que est\u00e3o a est\u00e3o a surgir em Campanh\u00e3.<\/strong><\/p>\n<\/p>\n<h3>Conhe\u00e7a todos os<strong> <a href=\"https:\/\/www.imovirtual.com\/investimento\/bonfim-porto\/?search%5Bregion_id%5D=13&amp;search%5Bsubregion_id%5D=190&amp;search%5Bcity_id%5D=13643778\" target=\"_blank\" rel=\"noopener\">empreendimentos no Bonfim<\/a><\/strong><\/h3>\n<\/p>\n<h2><strong>Bonfim<\/strong><\/h2>\n<p class=\" block-img\"><img decoding=\"async\" src=\"https:\/\/www.imovirtual.com\/noticias\/wp-content\/uploads\/2022\/11\/ef998823-5a31-423d-ba73-fd8af7d4a081_bonfim.png\" alt=\"empreendimento bonfim porto\"><\/p>\n<p>Edif\u00edcio reabilitado de elevado padr\u00e3o de qualidade, tanto a n\u00edvel interior com exterior. Fachadas com arquitetura contempor\u00e2nea, onde a qualidade e o bom gosto andam de m\u00e3os dadas.<br \/>Localiza-se junto \u00e0 faculdade de Belas Artes e da Pra\u00e7a dos Poveiros, a 2 minutos a p\u00e9 do Metro Campo 24 de Agosto, com com\u00e9rcio tradicional \u00e0 porta, restaurantes e servi\u00e7os. Bons acessos \u00e0 A3 e A1.<br \/>De destacar: <a href=\"https:\/\/www.imovirtual.com\/noticias\/decoracao\/renovacao-wc-ideias\" target=\"_blank\" rel=\"noopener\">WC<\/a> com m\u00e1rmore de Carrara nas bases e lou\u00e7as suspensas; <strong><a href=\"https:\/\/www.imovirtual.com\/noticias\/lifestyle\/como-limpar-o-filtro-do-ar-condicionado\" target=\"_blank\" rel=\"noopener\">ar condicionado<\/a><\/strong> de gama alta; <strong><a href=\"https:\/\/www.imovirtual.com\/noticias\/imobiliario\/isolamento-termico\" target=\"_blank\" rel=\"noopener\">isolamento t\u00e9rmico<\/a><\/strong> e ac\u00fastico de alto desempenho; resist\u00eancia ac\u00fastica de 70 decib\u00e9is; soalho e rodap\u00e9s em madeira de Afz\u00e9lia tratada de 3 cm; roupeiros embutidos; excelente exposi\u00e7\u00e3o solar.<\/p>\n<\/p>\n<h2><strong>Bonfim Residence<\/strong><\/h2>\n<p class=\" block-img\"><img decoding=\"async\" src=\"https:\/\/www.imovirtual.com\/noticias\/wp-content\/uploads\/2022\/11\/36db830c-0108-4f2f-9806-01d03eb1a230_bonfim-residence.png\" alt=\"bonfim residence empreendimento porto\"><\/p>\n<p>Se procura viver num edif\u00edcio citadino de qualidade, robustez e modernidade, o Empreendimento Bonfim Residence ser\u00e1 o investimento certo para si. Pronto a habitar, \u00e9 composto por apenas 10 fra\u00e7\u00f5es, das quais uma loja e 9 fra\u00e7\u00f5es habitacionais. Localizado na freguesia do Bonfim, a 9 minutos de dist\u00e2ncia a p\u00e9 da esta\u00e7\u00e3o de metro do Marqu\u00eas.<\/p>\n<p>Destaques de caracter\u00edsticas e acabamentos: constru\u00e7\u00e3o em bet\u00e3o armado; elevador; <a href=\"https:\/\/www.imovirtual.com\/noticias\/lifestyle\/como-limpar-o-filtro-do-ar-condicionado\" target=\"_blank\" rel=\"noopener\">ar condicionado<\/a> Daikin; cozinhas com tampo em Quartz Compact, equipada com eletrodom\u00e9sticos da marca Teka e Cata, nomeadamente: exaustor, placa de vitrocer\u00e2mica, forno e micro-ondas, <a href=\"https:\/\/www.imovirtual.com\/noticias\/lifestyle\/escolher-frigorifico-ideal\" target=\"_blank\" rel=\"noopener\">frigor\u00edfico<\/a> combinado e <a href=\"https:\/\/www.imovirtual.com\/noticias\/lifestyle\/coisas-colocar-maquina-lavar-roupa\" target=\"_blank\" rel=\"noopener\">m\u00e1quina de lavar lou\u00e7a<\/a>; piso flutuante em Afiz\u00e9lia Brasileira; sanit\u00e1rios suspensos em cer\u00e2mica da marca Valadares (modelo Nautilus); caixilharia em alum\u00ednio lacado preto com vidro duplo; carpintaria em MDF lacada; termoacumulador el\u00e9trico; estores el\u00e9tricos; porta de seguran\u00e7a; apartamentos com orienta\u00e7\u00e3o solar Nascente e Poente; op\u00e7\u00f5es simplex e duplex,<\/p>\n<\/p>\n<h2><strong>Fontainhas Garden<\/strong><\/h2>\n<p class=\" block-img\"><img decoding=\"async\" src=\"https:\/\/www.imovirtual.com\/noticias\/wp-content\/uploads\/2022\/11\/9b8cc179-2b5c-4f23-98c0-19d9fe5379ea_fontainhas-garden.png\" alt=\"fontainhas garden empreendimento porto\"><\/p>\n<p>Usufruindo de uma localiza\u00e7\u00e3o \u00edmpar, a poucos metros da Faculdade de Belas Artes da Universidade do Porto, do Jardim de S\u00e3o L\u00e1zaro e da Biblioteca P\u00fablica Municipal do Porto, o empreendimento Fontainhas Gardens, \u00e9 uma excelente oportunidade para Golden Visa e para quem gosta de todas as vantagens e comodidades de viver no centro da cidade.<\/p>\n<p>Resultado de um extraordin\u00e1rio trabalho de reabilita\u00e7\u00e3o de um antigo pr\u00e9dio residencial, o Fontainhas Gardens possui 6 unidades de T1 a T2, contando com dois T2 ainda mais exclusivos, gra\u00e7as ao amplo e fascinante jardim privativo a convidar para horas bem passadas ao ar-livre. Eleg\u00edveis para Golden Visa 350K, os apartamentos t\u00eam \u00e1reas entre os 54m2 e 95m2 e caracterizam-se pelo inovador e funcional projeto de arquitetura, onde tudo foi pensado ao pormenor.<\/p>\n<\/p>\n<h2><strong>Hero\u00edsmo<\/strong><\/h2>\n<p class=\" block-img\"><img decoding=\"async\" src=\"https:\/\/www.imovirtual.com\/noticias\/wp-content\/uploads\/2022\/11\/faa53f6d-bf9a-4b01-bdfc-721b9846f28d_heroismo.png\" alt=\"heroismo empreendimento porto\"><\/p>\n<p>Apartamentos em constru\u00e7\u00e3o com conclus\u00e3o prevista para o final de 2021. Pr\u00e9dio com 4 andares c\/ elevador. Cozinha equipada com frigor\u00edfico, forno, placa e exaustor. Roupeiro embutido. Metro do Hero\u00edsmo e paragem de autocarros \u00e0 porta. Pr\u00f3ximo ao Jardim de s\u00e3o L\u00e1zaro e Belas Artes, edif\u00edcio antigo totalmente reconstru\u00eddo. Caixilharias em madeira lacada com vidros duplos. Estrutura em bet\u00e3o armado. Pavimento ser\u00e1 revestido com soalho de madeira de pinho, com acabamento envernizado. Portas de entrada dos apartamentos blindadas de alta seguran\u00e7a do tipo &#8216;Dierre&#8217;, lacadas a branco, e resist\u00eancia ao fogo. Aquecimento de \u00e1guas sanit\u00e1rias, com termoacumulador el\u00e9trico de 80L da &#8216;Videira&#8217; ou equivalente.<br \/>Instala\u00e7\u00e3o de ar condicionado a funcionar da &#8216;Mitsubishi&#8217; ou equivalente, sistema de splits mural.<\/p>\n<p class=\" block-img\"><img decoding=\"async\" src=\"https:\/\/www.imovirtual.com\/noticias\/wp-content\/uploads\/2022\/11\/3c23b667-0a08-4ca1-abcb-74566be5c538_Copia-de-Banners-Autores-2.png\" alt=\"Alexandre Lu\u00eds Autor Imovirtual\"><\/p>\n<h5><em>Tamb\u00e9m conhecido como &#8216;O Consultor&#8217;. Pode encontr\u00e1-lo a consultar o \u00faltimo estudo de mercado. N\u00e3o tem talento para vender, mas sabe tudo sobre Imobili\u00e1rio. Fala sobre quest\u00f5es relacionadas com o tema no Blog do Imovirtual.<\/em><\/h5>\n<\/p>\n<h4><strong>Mais sobre&nbsp;<em>Imobili\u00e1rio<\/em><\/strong><\/h4>\n<ul>\n<li>Como avaliar as&nbsp;<a href=\"https:\/\/www.imovirtual.com\/noticias\/imobiliario\/avaliar-acessibilidades-vizinhanca\" target=\"_blank\" rel=\"noopener\"><strong>acessibilidades<\/strong><\/a>&nbsp;de uma boa vizinhan\u00e7a<\/li>\n<li>Vantagens e desvantagens de&nbsp;<a href=\"https:\/\/www.imovirtual.com\/noticias\/imobiliario\/vantagens-desvantagens-grandes-cidades\" target=\"_blank\" rel=\"noopener\"><strong>viver em grandes cidades<\/strong><\/a><\/li>\n<li>O processo de&nbsp;<a href=\"https:\/\/www.imovirtual.com\/noticias\/imobiliario\/oito-etapas-comprar-casas\" target=\"_blank\" rel=\"noopener\"><strong>compra de um im\u00f3vel<\/strong><\/a>&nbsp;em 8 etapas<\/li>\n<\/ul>\n<\/p>\n<div class=\"css-h5fkc8\"><strong>Ultima actualiza\u00e7\u00e3o:<\/strong> 17 mar\u00e7o 2022<\/div>\n","protected":false},"excerpt":{"rendered":"<p>Novos empreendimentos no Bonfim Quer esteja \u00e0 procura da sua nova&nbsp;casa de sonho&nbsp;ou de um im\u00f3vel para investir e rentabilizar, damos-lhe a conhecer as novas oportunidades de&nbsp;empreendimentos&nbsp;que est\u00e3o a surgir no Bonfim, no Porto. Uma zona hist\u00f3rica e criativa que j\u00e1 foi considerada um dos mais bairros mais cool, pela Revista Time Out, ocupando a &hellip;<\/p>\n","protected":false},"author":3,"featured_media":1011,"comment_status":"closed","ping_status":"open","sticky":false,"template":"","format":"standard","meta":{"footnotes":""},"categories":[37,5],"tags":[],"class_list":["post-1010","post","type-post","status-publish","format-standard","has-post-thumbnail","hentry","category-financas-e-imobiliario","category-imobiliario"],"_links":{"self":[{"href":"https:\/\/www.imovirtual.com\/noticias\/wp-json\/wp\/v2\/posts\/1010","targetHints":{"allow":["GET"]}}],"collection":[{"href":"https:\/\/www.imovirtual.com\/noticias\/wp-json\/wp\/v2\/posts"}],"about":[{"href":"https:\/\/www.imovirtual.com\/noticias\/wp-json\/wp\/v2\/types\/post"}],"author":[{"embeddable":true,"href":"https:\/\/www.imovirtual.com\/noticias\/wp-json\/wp\/v2\/users\/3"}],"replies":[{"embeddable":true,"href":"https:\/\/www.imovirtual.com\/noticias\/wp-json\/wp\/v2\/comments?post=1010"}],"version-history":[{"count":0,"href":"https:\/\/www.imovirtual.com\/noticias\/wp-json\/wp\/v2\/posts\/1010\/revisions"}],"wp:featuredmedia":[{"embeddable":true,"href":"https:\/\/www.imovirtual.com\/noticias\/wp-json\/wp\/v2\/media\/1011"}],"wp:attachment":[{"href":"https:\/\/www.imovirtual.com\/noticias\/wp-json\/wp\/v2\/media?parent=1010"}],"wp:term":[{"taxonomy":"category","embeddable":true,"href":"https:\/\/www.imovirtual.com\/noticias\/wp-json\/wp\/v2\/categories?post=1010"},{"taxonomy":"post_tag","embeddable":true,"href":"https:\/\/www.imovirtual.com\/noticias\/wp-json\/wp\/v2\/tags?post=1010"}],"curies":[{"name":"wp","href":"https:\/\/api.w.org\/{rel}","templated":true}]}}